{"id":14049,"date":"2024-01-19T15:36:37","date_gmt":"2024-01-19T14:36:37","guid":{"rendered":"https:\/\/www.fredonoccitanie.com\/jevi\/?p=14049"},"modified":"2024-01-25T14:51:22","modified_gmt":"2024-01-25T13:51:22","slug":"concours-capitales-francaises-de-la-biodiversite-participez-aux-webinaires","status":"publish","type":"post","link":"https:\/\/www.fredonoccitanie.com\/jevi\/2024\/01\/19\/concours-capitales-francaises-de-la-biodiversite-participez-aux-webinaires\/","title":{"rendered":"[Concours Capitales fran\u00e7aises de la biodiversit\u00e9] \u2013 Participez aux webinaires"},"content":{"rendered":"\r\n<h1 class=\"wp-block-heading\" style=\"text-align: center\">Cycle de webinaires<\/h1>\r\n<p>Pour accompagner les collectivit\u00e9s \u00e0 \u00e9laborer leur dossier de candidature et identifier des actions exemplaires pour faire rimer biodiversit\u00e9 et sobri\u00e9t\u00e9, le CNFPT et les co-organisateurs du concours proposent un cycle de 5 webinaires th\u00e9matiques d&rsquo;octobre 2023 \u00e0 janvier 2024.<\/p>\r\n<p>Derniers webinaires du cycle :<\/p>\r\n<ul>\r\n<li>Mardi 16 janvier 2024 : Gestion sobre des \u00e9cosyst\u00e8mes urbains<\/li>\r\n<li>Mardi 30 janvier 2024 : Sobri\u00e9t\u00e9, biodiversit\u00e9 et transition \u00e9cologique<\/li>\r\n<\/ul>\r\n<p>Les replays des pr\u00e9c\u00e9dents webinaires sont en ligne<\/p>\r\n<ul>\r\n<li>1 &#8211; La sobri\u00e9t\u00e9, un atout pour la biodiversit\u00e9 : mardi 17 octobre 2023<\/li>\r\n<li>2 &#8211; Planification et sobri\u00e9t\u00e9 fonci\u00e8re : mardi 31 octobre 2023<\/li>\r\n<li>3 &#8211; Conception sobre et favorable \u00e0 la biodiversit\u00e9 lors des projets d\u2019am\u00e9nagements : mardi 21 novembre 2023<\/li>\r\n<\/ul>\r\n<p style=\"text-align: center\">Gratuit, inscription obligatoire<\/p>\r\n<p><img loading=\"lazy\" decoding=\"async\" class=\"aligncenter\" src=\"https:\/\/gallery.mailchimp.com\/b2bb9051f8e3f8725fcab8919\/images\/ef42787e-2991-4e0a-b93a-c33e4e0ed314.jpg\" alt=\"CNFPT\" width=\"150\" height=\"120\" data-file-id=\"1483989\" \/><\/p>\r\n<p style=\"text-align: center\"><a href=\"https:\/\/www.capitale-biodiversite.fr\/ateliers\/webinaires-sobriete-biodiversite\">S&rsquo;INSCRIRE AUX WEBINAIRES<\/a><\/p>\r\n<p>(webinaires co-organis\u00e9s et anim\u00e9s par le CNFPT)<\/p>\r\n<p>&nbsp;<\/p>\r\n<p>&nbsp;<\/p>\r\n","protected":false},"excerpt":{"rendered":"<p>Cycle de webinaires Pour accompagner les collectivit\u00e9s \u00e0 \u00e9laborer leur dossier de candidature et identifier des actions exemplaires pour faire rimer biodiversit\u00e9 et sobri\u00e9t\u00e9, le CNFPT et les co-organisateurs du concours proposent un cycle de 5 webinaires th\u00e9matiques d&rsquo;octobre 2023 \u00e0 janvier 2024. Derniers webinaires du cycle : Mardi 16 janvier 2024 : Gestion sobre [&hellip;]<\/p>\n","protected":false},"author":14,"featured_media":14061,"comment_status":"closed","ping_status":"open","sticky":false,"template":"","format":"standard","meta":{"footnotes":""},"categories":[8,2],"tags":[7],"class_list":["post-14049","post","type-post","status-publish","format-standard","has-post-thumbnail","hentry","category-jevi","category-actualites-fredon","tag-actualites-jevi"],"_links":{"self":[{"href":"https:\/\/www.fredonoccitanie.com\/jevi\/wp-json\/wp\/v2\/posts\/14049","targetHints":{"allow":["GET"]}}],"collection":[{"href":"https:\/\/www.fredonoccitanie.com\/jevi\/wp-json\/wp\/v2\/posts"}],"about":[{"href":"https:\/\/www.fredonoccitanie.com\/jevi\/wp-json\/wp\/v2\/types\/post"}],"author":[{"embeddable":true,"href":"https:\/\/www.fredonoccitanie.com\/jevi\/wp-json\/wp\/v2\/users\/14"}],"replies":[{"embeddable":true,"href":"https:\/\/www.fredonoccitanie.com\/jevi\/wp-json\/wp\/v2\/comments?post=14049"}],"version-history":[{"count":2,"href":"https:\/\/www.fredonoccitanie.com\/jevi\/wp-json\/wp\/v2\/posts\/14049\/revisions"}],"predecessor-version":[{"id":14074,"href":"https:\/\/www.fredonoccitanie.com\/jevi\/wp-json\/wp\/v2\/posts\/14049\/revisions\/14074"}],"wp:featuredmedia":[{"embeddable":true,"href":"https:\/\/www.fredonoccitanie.com\/jevi\/wp-json\/wp\/v2\/media\/14061"}],"wp:attachment":[{"href":"https:\/\/www.fredonoccitanie.com\/jevi\/wp-json\/wp\/v2\/media?parent=14049"}],"wp:term":[{"taxonomy":"category","embeddable":true,"href":"https:\/\/www.fredonoccitanie.com\/jevi\/wp-json\/wp\/v2\/categories?post=14049"},{"taxonomy":"post_tag","embeddable":true,"href":"https:\/\/www.fredonoccitanie.com\/jevi\/wp-json\/wp\/v2\/tags?post=14049"}],"curies":[{"name":"wp","href":"https:\/\/api.w.org\/{rel}","templated":true}]}}