{"id":14024,"date":"2024-01-19T14:30:02","date_gmt":"2024-01-19T13:30:02","guid":{"rendered":"https:\/\/www.fredonoccitanie.com\/jevi\/?p=14024"},"modified":"2024-01-22T08:14:27","modified_gmt":"2024-01-22T07:14:27","slug":"sauvages-de-ma-rue-organisation-dune-formation-sur-le-programme-sauvages-de-ma-rue","status":"publish","type":"post","link":"https:\/\/www.fredonoccitanie.com\/jevi\/2024\/01\/19\/sauvages-de-ma-rue-organisation-dune-formation-sur-le-programme-sauvages-de-ma-rue\/","title":{"rendered":"[Sauvages de ma rue] &#8211; Organisation d&rsquo;une formation sur le programme Sauvages de ma rue"},"content":{"rendered":"<h1 style=\"text-align: center\">Appel \u00e0 int\u00e9r\u00eat pour accueillir et participer \u00e0 une demi-journ\u00e9e technique sur le programme Sauvages de ma rue<\/h1>\n<p><img loading=\"lazy\" decoding=\"async\" class=\"size-full wp-image-14027 aligncenter\" src=\"https:\/\/www.fredonoccitanie.com\/jevi\/wp-content\/uploads\/sites\/2\/2024\/01\/sauvages_rue.jpg\" alt=\"\" width=\"300\" height=\"168\" \/><\/p>\n<h3>Qu&rsquo;est ce que Sauvages de ma rue ?<\/h3>\n<p>Sauvages de ma rue est \u00e0 la fois un projet p\u00e9dagogique anim\u00e9 par l\u2019association Tela Botanica, et un projet scientifique d\u2019un laboratoire du Mus\u00e9um national d\u2019Histoire naturelle qui vise \u00e0 mieux r\u00e9pertorier et comprendre la r\u00e9partition des esp\u00e8ces v\u00e9g\u00e9tales en ville. Il n\u2019est pas n\u00e9cessaire d\u2019\u00eatre botaniste, tous les citadins int\u00e9ress\u00e9s par le devenir de la biodiversit\u00e9 qui les entoure peuvent participer. Sauvages de ma rue est un programme ludique, instructif et utile pour la recherche.<br \/>\nVos donn\u00e9es permettront aux chercheurs de compl\u00e9ter leurs connaissances concernant la r\u00e9partition des esp\u00e8ces en ville, l\u2019influence des espaces verts (m\u00eame minuscules tels que les pieds d\u2019arbres) ainsi que celles des structures urbaines sur la qualit\u00e9 de la biodiversit\u00e9. Vos donn\u00e9es aideront aussi les chercheurs \u00e0 mieux comprendre les cons\u00e9quences du changement climatique sur les esp\u00e8ces urbaines.Tela Botanica propose de former au programme les personnes int\u00e9ress\u00e9es par la flore urbaine spontan\u00e9e et met \u00e0 disposition des outils p\u00e9dagogiques pour vous aider \u00e0 identifier les esp\u00e8ce sur le terrain.<\/p>\n<p>Le site : <a href=\"https:\/\/www.tela-botanica.org\/projets\/sauvages-de-ma-rue\/\">https:\/\/www.tela-botanica.org\/projets\/sauvages-de-ma-rue\/<\/a><\/p>\n<h3>Organisation d&rsquo;une formation \u00e0 Sauvages de ma rue<\/h3>\n<p>En 2024, T\u00e9la Botanica et FREDON Occitanie s&rsquo;associent pour organiser une demi-journ\u00e9e technique autour du programme Sauvages de ma rue.<\/p>\n<p>Cette demi-journ\u00e9e technique s&rsquo;adresse aux collectivit\u00e9s et campings membres de notre r\u00e9seau qui souhaitent d\u00e9couvrir le programme. Une fois form\u00e9s, les gestionnaires peuvent proposer des sorties au grand public ce qui permet d&rsquo;accroitre l&rsquo;acceptation de la flore spontan\u00e9e et la nature en ville.<\/p>\n<h3>Collectivit\u00e9s et campings : participez \u00e0 ce temps de formation !<\/h3>\n<p>Nous faisons appel au r\u00e9seau JEVI pour que les collectivit\u00e9s et campings membres se manifestent pour :<\/p>\n<ul>\n<li>Accueillir la formation<\/li>\n<li>Participer \u00e0 la formation<\/li>\n<\/ul>\n<p>La formation se d\u00e9roulera en deux temps : un temps en salle pour d\u00e9tailler les objectifs et les outils du programme et un temps de terrain pour mener \u00e0 bien une sortie Sauvages de ma rue.<\/p>\n<p><strong>Vous \u00eates int\u00e9ress\u00e9s ? contactez Florian Martel\u00a0 : f.martel[at]fredon-occitanie.fr<\/strong><\/p>\n<p>&nbsp;<\/p>\n<p>Cr\u00e9dit : Tela Botanica<\/p>\n","protected":false},"excerpt":{"rendered":"<p>Appel \u00e0 int\u00e9r\u00eat pour accueillir et participer \u00e0 une demi-journ\u00e9e technique sur le programme Sauvages de ma rue Qu&rsquo;est ce que Sauvages de ma rue ? Sauvages de ma rue est \u00e0 la fois un projet p\u00e9dagogique anim\u00e9 par l\u2019association Tela Botanica, et un projet scientifique d\u2019un laboratoire du Mus\u00e9um national d\u2019Histoire naturelle qui vise [&hellip;]<\/p>\n","protected":false},"author":14,"featured_media":14029,"comment_status":"closed","ping_status":"closed","sticky":false,"template":"","format":"standard","meta":{"footnotes":""},"categories":[8,2],"tags":[],"class_list":["post-14024","post","type-post","status-publish","format-standard","has-post-thumbnail","hentry","category-jevi","category-actualites-fredon"],"_links":{"self":[{"href":"https:\/\/www.fredonoccitanie.com\/jevi\/wp-json\/wp\/v2\/posts\/14024","targetHints":{"allow":["GET"]}}],"collection":[{"href":"https:\/\/www.fredonoccitanie.com\/jevi\/wp-json\/wp\/v2\/posts"}],"about":[{"href":"https:\/\/www.fredonoccitanie.com\/jevi\/wp-json\/wp\/v2\/types\/post"}],"author":[{"embeddable":true,"href":"https:\/\/www.fredonoccitanie.com\/jevi\/wp-json\/wp\/v2\/users\/14"}],"replies":[{"embeddable":true,"href":"https:\/\/www.fredonoccitanie.com\/jevi\/wp-json\/wp\/v2\/comments?post=14024"}],"version-history":[{"count":5,"href":"https:\/\/www.fredonoccitanie.com\/jevi\/wp-json\/wp\/v2\/posts\/14024\/revisions"}],"predecessor-version":[{"id":14054,"href":"https:\/\/www.fredonoccitanie.com\/jevi\/wp-json\/wp\/v2\/posts\/14024\/revisions\/14054"}],"wp:featuredmedia":[{"embeddable":true,"href":"https:\/\/www.fredonoccitanie.com\/jevi\/wp-json\/wp\/v2\/media\/14029"}],"wp:attachment":[{"href":"https:\/\/www.fredonoccitanie.com\/jevi\/wp-json\/wp\/v2\/media?parent=14024"}],"wp:term":[{"taxonomy":"category","embeddable":true,"href":"https:\/\/www.fredonoccitanie.com\/jevi\/wp-json\/wp\/v2\/categories?post=14024"},{"taxonomy":"post_tag","embeddable":true,"href":"https:\/\/www.fredonoccitanie.com\/jevi\/wp-json\/wp\/v2\/tags?post=14024"}],"curies":[{"name":"wp","href":"https:\/\/api.w.org\/{rel}","templated":true}]}}