{"id":13983,"date":"2023-12-22T09:53:08","date_gmt":"2023-12-22T08:53:08","guid":{"rendered":"https:\/\/www.fredonoccitanie.com\/jevi\/?p=13983"},"modified":"2023-12-22T09:53:08","modified_gmt":"2023-12-22T08:53:08","slug":"rediffusion-webinaire-jevi-2023-4-sengager-pour-le-vegetal-ils-lont-fait-1h-pour-decouvrir-les-bonnes-pratiques-de-gestion-en-occitanie","status":"publish","type":"post","link":"https:\/\/www.fredonoccitanie.com\/jevi\/2023\/12\/22\/rediffusion-webinaire-jevi-2023-4-sengager-pour-le-vegetal-ils-lont-fait-1h-pour-decouvrir-les-bonnes-pratiques-de-gestion-en-occitanie\/","title":{"rendered":"REDIFFUSION : Webinaire JEVI 2023 #4 \u2013 \u00ab  S\u2019engager pour le v\u00e9g\u00e9tal, ils l\u2019ont fait ! 1h pour d\u00e9couvrir les bonnes pratiques de gestion en Occitanie \u00bb"},"content":{"rendered":"\r\n<h4 class=\"wp-block-heading\" style=\"text-align: center\">Rediffusion du dernier webinaire de l&rsquo;ann\u00e9e<\/h4>\r\n\r\n\r\n\r\n<p style=\"text-align: center\"><strong>Vous \u00e9tiez 40 participants au webinaire du <\/strong><strong><span class=\"has-inline-color\">mardi 20 d\u00e9cembre &#8211; 11h00\/12h30 ! <\/span><\/strong><\/p>\r\n<p style=\"text-align: center\"><strong>Merci encore pour votre participation<\/strong>.<\/p>\r\n<p>&nbsp;<\/p>\r\n<p><strong>Avec la participation de :<br \/><\/strong><\/p>\r\n<p>-La commune d&rsquo;Alzonne (11)<\/p>\r\n<p>-La commune d&rsquo;Aurignac (31)<\/p>\r\n<p>-Le Camping Le Clos des Capitelles (30)<\/p>\r\n<p><strong>Visionnez la webinaire :<\/strong><\/p>\r\n<p><div class='avia-iframe-wrap'><iframe loading=\"lazy\" title=\"Webinaire JEVI 2023 4 Sengager pour le v\u00e9g\u00e9tal ils lont fait 1h pour d\u00e9couvrir les bonnes pratiques\" width=\"1500\" height=\"844\" src=\"https:\/\/www.youtube.com\/embed\/a5s1SCqmg6E?feature=oembed\" frameborder=\"0\" allow=\"accelerometer; autoplay; clipboard-write; encrypted-media; gyroscope; picture-in-picture; web-share\" allowfullscreen><\/iframe><\/div><\/p>\r\n\r\n\r\n\r\n\r\n\r\n<p>Ce webinaire s\u2019adresse aux : gestionnaires d&rsquo;espaces publics (communes, intercommunalit\u00e9s, d\u00e9partements\u2026) ; gestionnaires de campings et d&rsquo;infrastructures touristiques en g\u00e9n\u00e9ral\u00a0<strong>#jevi ;\u00a0<\/strong>structures qui souhaitent accompagner une dynamique sur leur territoire et accompagner ces gestionnaires dans leur d\u00e9marche (CD, EPCI, PNR, PN, GSF, Syndicats mixtes, associations environnementales, associations touristiques, animateurs\u00a0<strong>#captages\u00a0<\/strong>prioritaires\u2026)<\/p>\r\n<p>En partenariat avec :<\/p>\r\n<p>\u00a0<img loading=\"lazy\" decoding=\"async\" class=\"alignnone  wp-image-11457\" src=\"https:\/\/www.fredonoccitanie.com\/jevi\/wp-content\/uploads\/sites\/2\/2023\/02\/Logo@4x-100.jpg\" alt=\"\" width=\"762\" height=\"121\" srcset=\"https:\/\/www.fredonoccitanie.com\/jevi\/wp-content\/uploads\/sites\/2\/2023\/02\/Logo@4x-100.jpg 2524w, https:\/\/www.fredonoccitanie.com\/jevi\/wp-content\/uploads\/sites\/2\/2023\/02\/Logo@4x-100-300x48.jpg 300w, https:\/\/www.fredonoccitanie.com\/jevi\/wp-content\/uploads\/sites\/2\/2023\/02\/Logo@4x-100-1030x164.jpg 1030w, https:\/\/www.fredonoccitanie.com\/jevi\/wp-content\/uploads\/sites\/2\/2023\/02\/Logo@4x-100-768x122.jpg 768w, https:\/\/www.fredonoccitanie.com\/jevi\/wp-content\/uploads\/sites\/2\/2023\/02\/Logo@4x-100-1536x244.jpg 1536w, https:\/\/www.fredonoccitanie.com\/jevi\/wp-content\/uploads\/sites\/2\/2023\/02\/Logo@4x-100-2048x325.jpg 2048w, https:\/\/www.fredonoccitanie.com\/jevi\/wp-content\/uploads\/sites\/2\/2023\/02\/Logo@4x-100-1500x238.jpg 1500w, https:\/\/www.fredonoccitanie.com\/jevi\/wp-content\/uploads\/sites\/2\/2023\/02\/Logo@4x-100-705x112.jpg 705w\" sizes=\"auto, (max-width: 762px) 100vw, 762px\" \/> \u00a0\u00a0\u00a0\u00a0\u00a0\u00a0\u00a0 \u00a0<\/p>\r\n","protected":false},"excerpt":{"rendered":"<p>Rediffusion du dernier webinaire de l&rsquo;ann\u00e9e Vous \u00e9tiez 40 participants au webinaire du mardi 20 d\u00e9cembre &#8211; 11h00\/12h30 ! Merci encore pour votre participation. &nbsp; Avec la participation de : -La commune d&rsquo;Alzonne (11) -La commune d&rsquo;Aurignac (31) -Le Camping Le Clos des Capitelles (30) Visionnez la webinaire : Ce webinaire s\u2019adresse aux : gestionnaires [&hellip;]<\/p>\n","protected":false},"author":14,"featured_media":13359,"comment_status":"closed","ping_status":"open","sticky":false,"template":"","format":"standard","meta":{"footnotes":""},"categories":[8,2],"tags":[7],"class_list":["post-13983","post","type-post","status-publish","format-standard","has-post-thumbnail","hentry","category-jevi","category-actualites-fredon","tag-actualites-jevi"],"_links":{"self":[{"href":"https:\/\/www.fredonoccitanie.com\/jevi\/wp-json\/wp\/v2\/posts\/13983","targetHints":{"allow":["GET"]}}],"collection":[{"href":"https:\/\/www.fredonoccitanie.com\/jevi\/wp-json\/wp\/v2\/posts"}],"about":[{"href":"https:\/\/www.fredonoccitanie.com\/jevi\/wp-json\/wp\/v2\/types\/post"}],"author":[{"embeddable":true,"href":"https:\/\/www.fredonoccitanie.com\/jevi\/wp-json\/wp\/v2\/users\/14"}],"replies":[{"embeddable":true,"href":"https:\/\/www.fredonoccitanie.com\/jevi\/wp-json\/wp\/v2\/comments?post=13983"}],"version-history":[{"count":3,"href":"https:\/\/www.fredonoccitanie.com\/jevi\/wp-json\/wp\/v2\/posts\/13983\/revisions"}],"predecessor-version":[{"id":13989,"href":"https:\/\/www.fredonoccitanie.com\/jevi\/wp-json\/wp\/v2\/posts\/13983\/revisions\/13989"}],"wp:featuredmedia":[{"embeddable":true,"href":"https:\/\/www.fredonoccitanie.com\/jevi\/wp-json\/wp\/v2\/media\/13359"}],"wp:attachment":[{"href":"https:\/\/www.fredonoccitanie.com\/jevi\/wp-json\/wp\/v2\/media?parent=13983"}],"wp:term":[{"taxonomy":"category","embeddable":true,"href":"https:\/\/www.fredonoccitanie.com\/jevi\/wp-json\/wp\/v2\/categories?post=13983"},{"taxonomy":"post_tag","embeddable":true,"href":"https:\/\/www.fredonoccitanie.com\/jevi\/wp-json\/wp\/v2\/tags?post=13983"}],"curies":[{"name":"wp","href":"https:\/\/api.w.org\/{rel}","templated":true}]}}