{"id":13957,"date":"2023-12-21T15:47:07","date_gmt":"2023-12-21T14:47:07","guid":{"rendered":"https:\/\/www.fredonoccitanie.com\/jevi\/?p=13957"},"modified":"2023-12-22T14:19:20","modified_gmt":"2023-12-22T13:19:20","slug":"charte-engage-pour-le-vegetal-retour-sur-la-1ere-remise-de-prix-dans-le-cadre-du-salon-ad-natura-montpellier","status":"publish","type":"post","link":"https:\/\/www.fredonoccitanie.com\/jevi\/2023\/12\/21\/charte-engage-pour-le-vegetal-retour-sur-la-1ere-remise-de-prix-dans-le-cadre-du-salon-ad-natura-montpellier\/","title":{"rendered":"[Charte Engag\u00e9 pour le v\u00e9g\u00e9tal] &#8211; Retour sur la 1\u00e8re remise de prix dans le cadre du Salon Ad Natura &#8211; Montpellier"},"content":{"rendered":"<h3 style=\"text-align: center\"><strong>Le mardi 12 d\u00e9cembre, vous \u00e9tiez 130 personnes \u00e0 participer \u00e0 cette premi\u00e8re remise de prix !<br \/>\n<\/strong><\/h3>\n<p style=\"text-align: center\">130 personnes ont particip\u00e9 \u00e0 la premi\u00e8re remise de prix de la charte Engag\u00e9 pour le v\u00e9g\u00e9tal qui s&rsquo;est tenue le mardi 12 d\u00e9cembre au salon Ad Natura, Salon National des Professionnels de l&rsquo;Ecologie et de la Biodiversit\u00e9 \u00e0 l&rsquo;Arena Sud de France Montpellier &#8211; P\u00e9rols (34). FREDON Occitanie \u00e9tait partenaire de cette \u00e9dition 2023. Ouverte par Agn\u00e8s Langevine, Vice-pr\u00e9sidente de la R\u00e9gion Occitanie Pyr\u00e9n\u00e9es M\u00e9diterran\u00e9e et par M.G\u00e9rard Majoral, Pr\u00e9sident de FREDON Occitanie, cette premi\u00e8re remise de prix de la charte Engag\u00e9 pour le v\u00e9g\u00e9tal a r\u00e9compens\u00e9 64 collectivit\u00e9s et infrastructures de tourisme et de loisir pour leur engagement. Pour le niveau 1 : 18 communes et 8 \u00e9tablissements de tourisme. Pour le niveau 2 : 20 communes et 6 \u00e9tablissements de tourisme. Pour le niveau 3 : 10 communes et 1 \u00e9tablissement de tourisme.<\/p>\n<p><img loading=\"lazy\" decoding=\"async\" class=\"size-full wp-image-13959 aligncenter\" src=\"https:\/\/www.fredonoccitanie.com\/jevi\/wp-content\/uploads\/sites\/2\/2023\/12\/DSCF7121-scaled-e1703166079111.jpg\" alt=\"\" width=\"600\" height=\"352\" srcset=\"https:\/\/www.fredonoccitanie.com\/jevi\/wp-content\/uploads\/sites\/2\/2023\/12\/DSCF7121-scaled-e1703166079111.jpg 600w, https:\/\/www.fredonoccitanie.com\/jevi\/wp-content\/uploads\/sites\/2\/2023\/12\/DSCF7121-scaled-e1703166079111-300x176.jpg 300w\" sizes=\"auto, (max-width: 600px) 100vw, 600px\" \/><\/p>\n<p style=\"text-align: center\">Cr\u00e9dit : FREDON Occitanie<\/p>\n<p>L&rsquo;apr\u00e8s midi, la table ronde de \u00ab\u00a0<strong class=\"h6 text-dark\">De sant\u00e9 des espaces publics \u00e0 la sant\u00e9 de l\u2019environnement\u00a0\u00bb <\/strong>a r\u00e9uni environ 50 personnes. Plusieurs t\u00e9moignages de gestionnaires JEVI (p\u00e9pini\u00e8re du D\u00e9partement de l&rsquo;Aude, Fontiers Cabard\u00e8s, Lattes, Ganges) ont permis de cerner l\u2019int\u00e9r\u00eat de g\u00e9rer et conserver les espaces v\u00e9g\u00e9talis\u00e9s de nos espaces publics en bonne sant\u00e9. Bons choix de v\u00e9g\u00e9taux \u00e0 planter, suivi de l&rsquo;\u00e9tat sanitaire du patrimoine v\u00e9g\u00e9tal pour planifier les op\u00e9rations de gestion adapt\u00e9es et \u00e9viter les op\u00e9rations de gestion h\u00e2tives ou mal calibr\u00e9es ou encore d\u00e9simperm\u00e9abilisation et v\u00e9g\u00e9talisation des cours d&rsquo;\u00e9coles pour rendre ces espaces plus vivables. Une table ronde riche en partage d&rsquo;exp\u00e9riences et en exemples concrets de bonnes pratiques \u00e0 multiplier sur le territoire.<\/p>\n<p><img loading=\"lazy\" decoding=\"async\" class=\"alignnone size-full wp-image-13971 aligncenter\" src=\"https:\/\/www.fredonoccitanie.com\/jevi\/wp-content\/uploads\/sites\/2\/2023\/12\/Table-ronde_-Florian-et-Jeasmine-6-e1703169682309.jpeg\" alt=\"\" width=\"600\" height=\"338\" srcset=\"https:\/\/www.fredonoccitanie.com\/jevi\/wp-content\/uploads\/sites\/2\/2023\/12\/Table-ronde_-Florian-et-Jeasmine-6-e1703169682309.jpeg 600w, https:\/\/www.fredonoccitanie.com\/jevi\/wp-content\/uploads\/sites\/2\/2023\/12\/Table-ronde_-Florian-et-Jeasmine-6-e1703169682309-300x169.jpeg 300w\" sizes=\"auto, (max-width: 600px) 100vw, 600px\" \/><\/p>\n<h6 style=\"text-align: center\">Cr\u00e9dit : FREDON Occitanie<\/h6>\n<h6 style=\"text-align: center\"><a href=\"https:\/\/fredonoccitanie189-my.sharepoint.com\/:b:\/g\/personal\/f_martel_fredon-occitanie_fr\/EWAOwm3AAtdJmu-aMBwv-E4Bj8ynz1ygHkoMZFu815W1Ww?e=puKWKB\">Cliquer ici pour acc\u00e9der \u00e0 la pr\u00e9sentation de la table ronde<\/a><\/h6>\n<p>Au total, le salon Ad Natura aura comptabilis\u00e9 pr\u00e8s de 1900 participants sur deux jours.<\/p>\n<p>Vous pouvez compl\u00e9ter l\u2019enqu\u00eate de satisfaction pour permettre \u00e0 l\u2019\u00e9v\u00e9nement de s&rsquo;am\u00e9liorer : <a href=\"https:\/\/forms.office.com\/e\/BpBdHeDsua\">https:\/\/forms.office.com\/e\/BpBdHeDsua<\/a><\/p>\n<p>Rendez-vous en 2024 pour la prochaine ouverture des candidatures \u00e0 la charte Engag\u00e9 pour le v\u00e9g\u00e9tal.<\/p>\n<p>Pour rester inform\u00e9s, abonnez-vous \u00e0 la lettre d&rsquo;information du r\u00e9seau JEVI : <a href=\"https:\/\/www.fredonoccitanie.com\/jevi\/\">https:\/\/www.fredonoccitanie.com\/jevi\/<\/a><\/p>\n<p>&nbsp;<\/p>\n<p>Source : FREDON Occitanie<\/p>\n","protected":false},"excerpt":{"rendered":"<p>Le mardi 12 d\u00e9cembre, vous \u00e9tiez 130 personnes \u00e0 participer \u00e0 cette premi\u00e8re remise de prix ! 130 personnes ont particip\u00e9 \u00e0 la premi\u00e8re remise de prix de la charte Engag\u00e9 pour le v\u00e9g\u00e9tal qui s&rsquo;est tenue le mardi 12 d\u00e9cembre au salon Ad Natura, Salon National des Professionnels de l&rsquo;Ecologie et de la Biodiversit\u00e9 [&hellip;]<\/p>\n","protected":false},"author":14,"featured_media":13966,"comment_status":"closed","ping_status":"closed","sticky":false,"template":"","format":"standard","meta":{"footnotes":""},"categories":[12,8,2],"tags":[],"class_list":["post-13957","post","type-post","status-publish","format-standard","has-post-thumbnail","hentry","category-a-la-une","category-jevi","category-actualites-fredon"],"_links":{"self":[{"href":"https:\/\/www.fredonoccitanie.com\/jevi\/wp-json\/wp\/v2\/posts\/13957","targetHints":{"allow":["GET"]}}],"collection":[{"href":"https:\/\/www.fredonoccitanie.com\/jevi\/wp-json\/wp\/v2\/posts"}],"about":[{"href":"https:\/\/www.fredonoccitanie.com\/jevi\/wp-json\/wp\/v2\/types\/post"}],"author":[{"embeddable":true,"href":"https:\/\/www.fredonoccitanie.com\/jevi\/wp-json\/wp\/v2\/users\/14"}],"replies":[{"embeddable":true,"href":"https:\/\/www.fredonoccitanie.com\/jevi\/wp-json\/wp\/v2\/comments?post=13957"}],"version-history":[{"count":5,"href":"https:\/\/www.fredonoccitanie.com\/jevi\/wp-json\/wp\/v2\/posts\/13957\/revisions"}],"predecessor-version":[{"id":13990,"href":"https:\/\/www.fredonoccitanie.com\/jevi\/wp-json\/wp\/v2\/posts\/13957\/revisions\/13990"}],"wp:featuredmedia":[{"embeddable":true,"href":"https:\/\/www.fredonoccitanie.com\/jevi\/wp-json\/wp\/v2\/media\/13966"}],"wp:attachment":[{"href":"https:\/\/www.fredonoccitanie.com\/jevi\/wp-json\/wp\/v2\/media?parent=13957"}],"wp:term":[{"taxonomy":"category","embeddable":true,"href":"https:\/\/www.fredonoccitanie.com\/jevi\/wp-json\/wp\/v2\/categories?post=13957"},{"taxonomy":"post_tag","embeddable":true,"href":"https:\/\/www.fredonoccitanie.com\/jevi\/wp-json\/wp\/v2\/tags?post=13957"}],"curies":[{"name":"wp","href":"https:\/\/api.w.org\/{rel}","templated":true}]}}