{"id":13950,"date":"2023-12-20T16:42:10","date_gmt":"2023-12-20T15:42:10","guid":{"rendered":"https:\/\/www.fredonoccitanie.com\/jevi\/?p=13950"},"modified":"2023-12-20T16:43:59","modified_gmt":"2023-12-20T15:43:59","slug":"jevi-arrosage-des-espaces-verts-enquete-a-destination-des-communes","status":"publish","type":"post","link":"https:\/\/www.fredonoccitanie.com\/jevi\/2023\/12\/20\/jevi-arrosage-des-espaces-verts-enquete-a-destination-des-communes\/","title":{"rendered":"[JEVI] -Arrosage des espaces verts : enqu\u00eate \u00e0 destination des communes"},"content":{"rendered":"<h3 style=\"text-align: center\"><strong>Arrosage des espaces verts :<br \/>\nfaites le point sur les pratiques<\/strong><\/h3>\n<p>Enqu\u00eate \u00e0 destination des communes<\/p>\n<p>&nbsp;<\/p>\n<p>Les objectifs sont de mieux comprendre l&rsquo;\u00e9volution d&rsquo;arrosage au sein des <strong>collectivit\u00e9s territoriales<\/strong> : volumes et origine des ressources en eau utilis\u00e9es, solutions pour optimiser l&rsquo;arrosage et modalit\u00e9s de communication aupr\u00e8s des habitants.<br \/>\nCette enqu\u00eate permettra de faire un \u00e9tat des lieux des pratiques actuelles et une comparaison avec les pratiques relev\u00e9es lors d&rsquo;une pr\u00e9c\u00e9dente enqu\u00eate en 2012. La synth\u00e8se des r\u00e9sultats est pr\u00e9vue pour 2024.<\/p>\n<p>Lire l&rsquo;article complet sur : <a href=\"https:\/\/mailchi.mp\/67cc8e72b013\/arrosage-des-espaces-verts-enqute-destination-des-communes?e=767a325399\">https:\/\/mailchi.mp\/67cc8e72b013\/arrosage-des-espaces-verts-enqute-destination-des-communes?e=767a325399<\/a><\/p>\n<h6 style=\"text-align: center\">R\u00e9pondez \u00e0 l&rsquo;enqu\u00eate en cliquant ici :<a href=\"https:\/\/enquetes.plante-et-cite.fr\/limesurvey\/index.php\/115698?newtest=Y&amp;lang=fr\"> https:\/\/enquetes.plante-et-cite.fr\/limesurvey\/index.php\/115698?newtest=Y&amp;lang=fr<\/a><\/h6>\n<p>Cl\u00f4ture le 15 F\u00e9vrier 2024<br \/>\nN&rsquo;h\u00e9sitez pas \u00e0 relayer cette enqu\u00eate autour de vous<\/p>\n<p>Contact : robin.dagois[at]plante-et-cite.fr<\/p>\n<p>Cr\u00e9dit Photo : Plante&amp;Cit\u00e9<\/p>\n","protected":false},"excerpt":{"rendered":"<p>Arrosage des espaces verts : faites le point sur les pratiques Enqu\u00eate \u00e0 destination des communes &nbsp; Les objectifs sont de mieux comprendre l&rsquo;\u00e9volution d&rsquo;arrosage au sein des collectivit\u00e9s territoriales : volumes et origine des ressources en eau utilis\u00e9es, solutions pour optimiser l&rsquo;arrosage et modalit\u00e9s de communication aupr\u00e8s des habitants. Cette enqu\u00eate permettra de faire [&hellip;]<\/p>\n","protected":false},"author":14,"featured_media":13951,"comment_status":"closed","ping_status":"closed","sticky":false,"template":"","format":"standard","meta":{"footnotes":""},"categories":[8,2],"tags":[],"class_list":["post-13950","post","type-post","status-publish","format-standard","has-post-thumbnail","hentry","category-jevi","category-actualites-fredon"],"_links":{"self":[{"href":"https:\/\/www.fredonoccitanie.com\/jevi\/wp-json\/wp\/v2\/posts\/13950","targetHints":{"allow":["GET"]}}],"collection":[{"href":"https:\/\/www.fredonoccitanie.com\/jevi\/wp-json\/wp\/v2\/posts"}],"about":[{"href":"https:\/\/www.fredonoccitanie.com\/jevi\/wp-json\/wp\/v2\/types\/post"}],"author":[{"embeddable":true,"href":"https:\/\/www.fredonoccitanie.com\/jevi\/wp-json\/wp\/v2\/users\/14"}],"replies":[{"embeddable":true,"href":"https:\/\/www.fredonoccitanie.com\/jevi\/wp-json\/wp\/v2\/comments?post=13950"}],"version-history":[{"count":3,"href":"https:\/\/www.fredonoccitanie.com\/jevi\/wp-json\/wp\/v2\/posts\/13950\/revisions"}],"predecessor-version":[{"id":14023,"href":"https:\/\/www.fredonoccitanie.com\/jevi\/wp-json\/wp\/v2\/posts\/13950\/revisions\/14023"}],"wp:featuredmedia":[{"embeddable":true,"href":"https:\/\/www.fredonoccitanie.com\/jevi\/wp-json\/wp\/v2\/media\/13951"}],"wp:attachment":[{"href":"https:\/\/www.fredonoccitanie.com\/jevi\/wp-json\/wp\/v2\/media?parent=13950"}],"wp:term":[{"taxonomy":"category","embeddable":true,"href":"https:\/\/www.fredonoccitanie.com\/jevi\/wp-json\/wp\/v2\/categories?post=13950"},{"taxonomy":"post_tag","embeddable":true,"href":"https:\/\/www.fredonoccitanie.com\/jevi\/wp-json\/wp\/v2\/tags?post=13950"}],"curies":[{"name":"wp","href":"https:\/\/api.w.org\/{rel}","templated":true}]}}