{"id":13944,"date":"2023-12-20T16:04:25","date_gmt":"2023-12-20T15:04:25","guid":{"rendered":"https:\/\/www.fredonoccitanie.com\/jevi\/?p=13944"},"modified":"2023-12-20T16:10:13","modified_gmt":"2023-12-20T15:10:13","slug":"bsv-jevi7-tout-savoir-sur-la-cochenille-tortue-du-pin-et-monoxia-obesula","status":"publish","type":"post","link":"https:\/\/www.fredonoccitanie.com\/jevi\/2023\/12\/20\/bsv-jevi7-tout-savoir-sur-la-cochenille-tortue-du-pin-et-monoxia-obesula\/","title":{"rendered":"[BSV JEVI#7] &#8211; Tout savoir sur la cochenille tortue du pin et Monoxia obesula"},"content":{"rendered":"<h1 style=\"text-align: center\">Le Bulletin de Sant\u00e9 du V\u00e9g\u00e9tal #7 Occitanie est sorti !<\/h1>\n<h5 style=\"text-align: center\">Zoom sur la cochenille tortue du pin et Monoxia obesula<\/h5>\n<p><img loading=\"lazy\" decoding=\"async\" class=\"size-full wp-image-13945 aligncenter\" src=\"https:\/\/www.fredonoccitanie.com\/jevi\/wp-content\/uploads\/sites\/2\/2023\/12\/20220201_162603-scaled-e1703084572888.jpg\" alt=\"\" width=\"350\" height=\"467\" srcset=\"https:\/\/www.fredonoccitanie.com\/jevi\/wp-content\/uploads\/sites\/2\/2023\/12\/20220201_162603-scaled-e1703084572888.jpg 350w, https:\/\/www.fredonoccitanie.com\/jevi\/wp-content\/uploads\/sites\/2\/2023\/12\/20220201_162603-scaled-e1703084572888-225x300.jpg 225w\" sizes=\"auto, (max-width: 350px) 100vw, 350px\" \/><\/p>\n<p>Nous vous proposons dans cette \u00e9dition un focus sur la <strong>cochenille tortue du pin (<em>Tourmeyella parvicornis<\/em>)<\/strong>, pr\u00e9sente en PACA, r\u00e9gion limitrophe d&rsquo;Occitanie. \u00c9galement, un zoom sur <strong>Monoxia obesula,<\/strong> chrysom\u00e8le invasive qui d\u00e9cime les atriplex dont <em>Atriplex halimus<\/em>, tr\u00e8s pr\u00e9sent sur le littoral d&rsquo;Occitanie.<\/p>\n<h5 style=\"text-align: center\"><a href=\"https:\/\/fredonoccitanie189-my.sharepoint.com\/:b:\/g\/personal\/c_baudot_fredon-occitanie_fr\/ESvGpnpwMoZEh8TRHhRcPnoBn_iDq3C7AYsOa4ea5P-V8A?e=4u6028\">&gt;&gt; T\u00e9l\u00e9charger le Bulletin de Sant\u00e9 du V\u00e9g\u00e9tal #7 &lt;&lt;<\/a><\/h5>\n<p>&nbsp;<\/p>\n<h4><strong>Devenez observateurs pour le BSV JEVI Occitanie !<br \/>\n<\/strong><\/h4>\n<p>Partagez vos observations sur d&rsquo;autres esp\u00e8ces pr\u00e9sentes dans vos espaces v\u00e9g\u00e9talis\u00e9s.<\/p>\n<h6 style=\"text-align: center\"><a href=\"https:\/\/draaf.occitanie.agriculture.gouv.fr\/IMG\/pdf\/bsv_jevi_4_occ.pdf\">Tout savoir sur les esp\u00e8ces recherch\u00e9es<\/a><\/h6>\n<h6 style=\"text-align: center\"><a href=\"https:\/\/www.fredonoccitanie.com\/jevi\/2023\/05\/04\/devenez-observateurs-pour-le-bulletin-de-sante-du-vegetal-jevi-2\/\">S&rsquo;inscrire comme observateur <\/a><\/h6>\n<p>&nbsp;<\/p>\n<p style=\"text-align: left\">LE BSV JEVI est soutenu par la <strong>DRAAF-SRAL Occitanie<\/strong>.<\/p>\n<p>&nbsp;<\/p>\n<p><img loading=\"lazy\" decoding=\"async\" class=\"alignnone size-full wp-image-376\" src=\"https:\/\/www.fredonoccitanie.com\/jevi\/wp-content\/uploads\/sites\/2\/2021\/06\/Prefet_de_la_region_Occitanie-1.jpg\" alt=\"\" width=\"300\" height=\"165\" \/><\/p>\n","protected":false},"excerpt":{"rendered":"<p>Le Bulletin de Sant\u00e9 du V\u00e9g\u00e9tal #7 Occitanie est sorti ! Zoom sur la cochenille tortue du pin et Monoxia obesula Nous vous proposons dans cette \u00e9dition un focus sur la cochenille tortue du pin (Tourmeyella parvicornis), pr\u00e9sente en PACA, r\u00e9gion limitrophe d&rsquo;Occitanie. \u00c9galement, un zoom sur Monoxia obesula, chrysom\u00e8le invasive qui d\u00e9cime les atriplex [&hellip;]<\/p>\n","protected":false},"author":14,"featured_media":13949,"comment_status":"closed","ping_status":"closed","sticky":false,"template":"","format":"standard","meta":{"footnotes":""},"categories":[8,2],"tags":[],"class_list":["post-13944","post","type-post","status-publish","format-standard","has-post-thumbnail","hentry","category-jevi","category-actualites-fredon"],"_links":{"self":[{"href":"https:\/\/www.fredonoccitanie.com\/jevi\/wp-json\/wp\/v2\/posts\/13944","targetHints":{"allow":["GET"]}}],"collection":[{"href":"https:\/\/www.fredonoccitanie.com\/jevi\/wp-json\/wp\/v2\/posts"}],"about":[{"href":"https:\/\/www.fredonoccitanie.com\/jevi\/wp-json\/wp\/v2\/types\/post"}],"author":[{"embeddable":true,"href":"https:\/\/www.fredonoccitanie.com\/jevi\/wp-json\/wp\/v2\/users\/14"}],"replies":[{"embeddable":true,"href":"https:\/\/www.fredonoccitanie.com\/jevi\/wp-json\/wp\/v2\/comments?post=13944"}],"version-history":[{"count":2,"href":"https:\/\/www.fredonoccitanie.com\/jevi\/wp-json\/wp\/v2\/posts\/13944\/revisions"}],"predecessor-version":[{"id":13948,"href":"https:\/\/www.fredonoccitanie.com\/jevi\/wp-json\/wp\/v2\/posts\/13944\/revisions\/13948"}],"wp:featuredmedia":[{"embeddable":true,"href":"https:\/\/www.fredonoccitanie.com\/jevi\/wp-json\/wp\/v2\/media\/13949"}],"wp:attachment":[{"href":"https:\/\/www.fredonoccitanie.com\/jevi\/wp-json\/wp\/v2\/media?parent=13944"}],"wp:term":[{"taxonomy":"category","embeddable":true,"href":"https:\/\/www.fredonoccitanie.com\/jevi\/wp-json\/wp\/v2\/categories?post=13944"},{"taxonomy":"post_tag","embeddable":true,"href":"https:\/\/www.fredonoccitanie.com\/jevi\/wp-json\/wp\/v2\/tags?post=13944"}],"curies":[{"name":"wp","href":"https:\/\/api.w.org\/{rel}","templated":true}]}}