{"id":13918,"date":"2023-12-15T15:12:45","date_gmt":"2023-12-15T14:12:45","guid":{"rendered":"https:\/\/www.fredonoccitanie.com\/jevi\/?p=13918"},"modified":"2023-12-15T15:12:45","modified_gmt":"2023-12-15T14:12:45","slug":"icu-adnatura-table-ronde-sur-les-ilots-de-chaleur-urbains-et-la-demarche-participative","status":"publish","type":"post","link":"https:\/\/www.fredonoccitanie.com\/jevi\/2023\/12\/15\/icu-adnatura-table-ronde-sur-les-ilots-de-chaleur-urbains-et-la-demarche-participative\/","title":{"rendered":"[ICU] AdNatura &#8211; Table Ronde sur les \u00eelots de chaleur urbains et la d\u00e9marche participative"},"content":{"rendered":"<h3 style=\"text-align: center\">Le mardi 12 d\u00e9cembre 2023, la conf\u00e9rence \u00ab\u00a0<strong class=\"h6 text-dark\">Ilots de fraicheur v\u00e9g\u00e9talis\u00e9s : quand la nature soigne nos villes\u00a0\u00bb s&rsquo;est tenue au salon AdNatura \u00e0 Montpellier.<\/strong><\/h3>\n<p>Cette <strong>table ronde\u00a0<\/strong>cl\u00f4ture l&rsquo;accompagnement d&rsquo;<strong>un an<\/strong> men\u00e9 par FREDON Occitanie aupr\u00e8s de cinq communes de la r\u00e9gion Occitanie : l&rsquo;occasion pour les collectivit\u00e9s et les CAUE de venir <strong>t\u00e9moigner sur leur projet et la d\u00e9marche participative<\/strong> qui a \u00e9t\u00e9 mise en place !<\/p>\n<p><img loading=\"lazy\" decoding=\"async\" class=\"wp-image-13919 aligncenter\" style=\"font-size: 16px;margin: 0px\" src=\"https:\/\/www.fredonoccitanie.com\/jevi\/wp-content\/uploads\/sites\/2\/2023\/12\/Conference_Ilots-de-fraicheurs-vegetalises-2-2-300x171.jpg\" alt=\"\" width=\"719\" height=\"410\" srcset=\"https:\/\/www.fredonoccitanie.com\/jevi\/wp-content\/uploads\/sites\/2\/2023\/12\/Conference_Ilots-de-fraicheurs-vegetalises-2-2-300x171.jpg 300w, https:\/\/www.fredonoccitanie.com\/jevi\/wp-content\/uploads\/sites\/2\/2023\/12\/Conference_Ilots-de-fraicheurs-vegetalises-2-2-1030x587.jpg 1030w, https:\/\/www.fredonoccitanie.com\/jevi\/wp-content\/uploads\/sites\/2\/2023\/12\/Conference_Ilots-de-fraicheurs-vegetalises-2-2-768x437.jpg 768w, https:\/\/www.fredonoccitanie.com\/jevi\/wp-content\/uploads\/sites\/2\/2023\/12\/Conference_Ilots-de-fraicheurs-vegetalises-2-2-1536x875.jpg 1536w, https:\/\/www.fredonoccitanie.com\/jevi\/wp-content\/uploads\/sites\/2\/2023\/12\/Conference_Ilots-de-fraicheurs-vegetalises-2-2-2048x1166.jpg 2048w, https:\/\/www.fredonoccitanie.com\/jevi\/wp-content\/uploads\/sites\/2\/2023\/12\/Conference_Ilots-de-fraicheurs-vegetalises-2-2-1500x854.jpg 1500w, https:\/\/www.fredonoccitanie.com\/jevi\/wp-content\/uploads\/sites\/2\/2023\/12\/Conference_Ilots-de-fraicheurs-vegetalises-2-2-705x402.jpg 705w\" sizes=\"auto, (max-width: 719px) 100vw, 719px\" \/><\/p>\n<h6>Pour retrouver le diaporama qui a \u00e9t\u00e9 pr\u00e9sent\u00e9 :<\/h6>\n<p><a href=\"https:\/\/fredonoccitanie189-my.sharepoint.com\/:f:\/g\/personal\/e_algans_fredon-occitanie_fr\/EuUSlq2jhgBCj_Npk7KWY_cByj0a25NOCUc_kpOVzjLJdw?e=hEiwsS\">https:\/\/fredonoccitanie189-my.sharep<\/a><a href=\"https:\/\/fredonoccitanie189-my.sharepoint.com\/:f:\/g\/personal\/e_algans_fredon-occitanie_fr\/EuUSlq2jhgBCj_Npk7KWY_cByj0a25NOCUc_kpOVzjLJdw?e=hEiwsS\">oint.com\/:f:\/g\/personal\/e_algans_fredon-<\/a><a href=\"https:\/\/fredonoccitanie189-my.sharepoint.com\/:f:\/g\/personal\/e_algans_fredon-occitanie_fr\/EuUSlq2jhgBCj_Npk7KWY_cByj0a25NOCUc_kpOVzjLJdw?e=hEiwsS\">occitanie_fr\/EuUSlq2jhgBCj_Npk7KWY_cByj0a25NOCUc_kpOVzjLJdw?e=hEiwsS<\/a><\/p>\n<p>&nbsp;<\/p>\n<p>Le <strong>CAUE du Gard<\/strong> \u00e9tait pr\u00e9sent aux c\u00f4t\u00e9s de la commune de <strong>Marguerittes<\/strong> pour pr\u00e9senter la v\u00e9g\u00e9talisation qui a \u00e9t\u00e9 faite dans trois <strong>rues<\/strong> du centre ancien.<\/p>\n<p>Le <strong>CAUE des Pyr\u00e9n\u00e9es-Orientales<\/strong> et la commune de<strong> Prats-de-Mollo-la-Preste<\/strong> sont venus t\u00e9moigner sur la v\u00e9g\u00e9talisation du <strong>cimeti\u00e8re<\/strong>.<\/p>\n<p>Le <strong>CAUE de la Loz\u00e8re<\/strong> et la commune de <strong>Bourgs-sur-Colagne<\/strong> \u00e9taient \u00e9galement pr\u00e9sents pour pr\u00e9senter le projet de v\u00e9g\u00e9talisation et de d\u00e9simperm\u00e9abilisation du <strong>bourg<\/strong> de Chirac.<\/p>\n<p><img loading=\"lazy\" decoding=\"async\" class=\" wp-image-13928 aligncenter\" style=\"font-size: 14px;font-weight: 600\" src=\"https:\/\/www.fredonoccitanie.com\/jevi\/wp-content\/uploads\/sites\/2\/2023\/12\/B-300x200.png\" alt=\"\" width=\"521\" height=\"347\" srcset=\"https:\/\/www.fredonoccitanie.com\/jevi\/wp-content\/uploads\/sites\/2\/2023\/12\/B-300x200.png 300w, https:\/\/www.fredonoccitanie.com\/jevi\/wp-content\/uploads\/sites\/2\/2023\/12\/B-1030x687.png 1030w, https:\/\/www.fredonoccitanie.com\/jevi\/wp-content\/uploads\/sites\/2\/2023\/12\/B-768x512.png 768w, https:\/\/www.fredonoccitanie.com\/jevi\/wp-content\/uploads\/sites\/2\/2023\/12\/B-1536x1025.png 1536w, https:\/\/www.fredonoccitanie.com\/jevi\/wp-content\/uploads\/sites\/2\/2023\/12\/B-1500x1001.png 1500w, https:\/\/www.fredonoccitanie.com\/jevi\/wp-content\/uploads\/sites\/2\/2023\/12\/B-705x470.png 705w, https:\/\/www.fredonoccitanie.com\/jevi\/wp-content\/uploads\/sites\/2\/2023\/12\/B.png 1617w\" sizes=\"auto, (max-width: 521px) 100vw, 521px\" \/><\/p>\n<p><span data-contrast=\"auto\">\ud83d\udc49 Cette conf\u00e9rence <\/span>\u00a0cl\u00f4ture la mission de conseil et d&rsquo;appui technique, financ\u00e9e par la <strong>R\u00e9gion Occitanie <\/strong>dans le cadre du budget participatif citoyen <a href=\"https:\/\/www.laregion.fr\/MaSolutionClimat\"><strong>\u00ab<\/strong>\u00a0<strong>Ma solution pour le climat \u00bb<\/strong><\/a><\/p>\n<p style=\"text-align: center\"><img loading=\"lazy\" decoding=\"async\" class=\"aligncenter wp-image-11327\" src=\"https:\/\/www.fredonoccitanie.com\/jevi\/wp-content\/uploads\/sites\/2\/2023\/01\/visuel_site_web_2_900x500px-2-300x167.png\" alt=\"\" width=\"469\" height=\"261\" srcset=\"https:\/\/www.fredonoccitanie.com\/jevi\/wp-content\/uploads\/sites\/2\/2023\/01\/visuel_site_web_2_900x500px-2-300x167.png 300w, https:\/\/www.fredonoccitanie.com\/jevi\/wp-content\/uploads\/sites\/2\/2023\/01\/visuel_site_web_2_900x500px-2-768x427.png 768w, https:\/\/www.fredonoccitanie.com\/jevi\/wp-content\/uploads\/sites\/2\/2023\/01\/visuel_site_web_2_900x500px-2-705x392.png 705w, https:\/\/www.fredonoccitanie.com\/jevi\/wp-content\/uploads\/sites\/2\/2023\/01\/visuel_site_web_2_900x500px-2.png 900w\" sizes=\"auto, (max-width: 469px) 100vw, 469px\" \/><\/p>\n<p>&nbsp;<\/p>\n<p><span data-contrast=\"auto\">\ud83d\udc49 Consultez notre guide sur la v\u00e9g\u00e9talisation et la d\u00e9marche participative <\/span>\u00a0:<\/p>\n<div class='avia-iframe-wrap'>\n<blockquote class=\"wp-embedded-content\" data-secret=\"wSoPHyTvTZ\"><p><a href=\"https:\/\/www.fredonoccitanie.com\/jevi\/bibliotheque-des-outils-jevi\/\">Biblioth\u00e8que des outils JEVI<\/a><\/p><\/blockquote>\n<p><iframe loading=\"lazy\" class=\"wp-embedded-content\" sandbox=\"allow-scripts\" security=\"restricted\" style=\"position: absolute; clip: rect(1px, 1px, 1px, 1px);\" title=\"\u00ab\u00a0Biblioth\u00e8que des outils JEVI\u00a0\u00bb &#8212; R\u00e9seau JEVI\" src=\"https:\/\/www.fredonoccitanie.com\/jevi\/bibliotheque-des-outils-jevi\/embed\/#?secret=wiYW0ZapmT#?secret=wSoPHyTvTZ\" data-secret=\"wSoPHyTvTZ\" width=\"600\" height=\"338\" frameborder=\"0\" marginwidth=\"0\" marginheight=\"0\" scrolling=\"no\"><\/iframe><\/div>\n<p style=\"text-align: left\">Auteur : Julie Chouvel FREDON Occitanie<\/p>\n","protected":false},"excerpt":{"rendered":"<p>Le mardi 12 d\u00e9cembre 2023, la conf\u00e9rence \u00ab\u00a0Ilots de fraicheur v\u00e9g\u00e9talis\u00e9s : quand la nature soigne nos villes\u00a0\u00bb s&rsquo;est tenue au salon AdNatura \u00e0 Montpellier. Cette table ronde\u00a0cl\u00f4ture l&rsquo;accompagnement d&rsquo;un an men\u00e9 par FREDON Occitanie aupr\u00e8s de cinq communes de la r\u00e9gion Occitanie : l&rsquo;occasion pour les collectivit\u00e9s et les CAUE de venir t\u00e9moigner sur [&hellip;]<\/p>\n","protected":false},"author":17,"featured_media":13929,"comment_status":"closed","ping_status":"closed","sticky":false,"template":"","format":"standard","meta":{"footnotes":""},"categories":[8,2],"tags":[],"class_list":["post-13918","post","type-post","status-publish","format-standard","has-post-thumbnail","hentry","category-jevi","category-actualites-fredon"],"_links":{"self":[{"href":"https:\/\/www.fredonoccitanie.com\/jevi\/wp-json\/wp\/v2\/posts\/13918","targetHints":{"allow":["GET"]}}],"collection":[{"href":"https:\/\/www.fredonoccitanie.com\/jevi\/wp-json\/wp\/v2\/posts"}],"about":[{"href":"https:\/\/www.fredonoccitanie.com\/jevi\/wp-json\/wp\/v2\/types\/post"}],"author":[{"embeddable":true,"href":"https:\/\/www.fredonoccitanie.com\/jevi\/wp-json\/wp\/v2\/users\/17"}],"replies":[{"embeddable":true,"href":"https:\/\/www.fredonoccitanie.com\/jevi\/wp-json\/wp\/v2\/comments?post=13918"}],"version-history":[{"count":5,"href":"https:\/\/www.fredonoccitanie.com\/jevi\/wp-json\/wp\/v2\/posts\/13918\/revisions"}],"predecessor-version":[{"id":13934,"href":"https:\/\/www.fredonoccitanie.com\/jevi\/wp-json\/wp\/v2\/posts\/13918\/revisions\/13934"}],"wp:featuredmedia":[{"embeddable":true,"href":"https:\/\/www.fredonoccitanie.com\/jevi\/wp-json\/wp\/v2\/media\/13929"}],"wp:attachment":[{"href":"https:\/\/www.fredonoccitanie.com\/jevi\/wp-json\/wp\/v2\/media?parent=13918"}],"wp:term":[{"taxonomy":"category","embeddable":true,"href":"https:\/\/www.fredonoccitanie.com\/jevi\/wp-json\/wp\/v2\/categories?post=13918"},{"taxonomy":"post_tag","embeddable":true,"href":"https:\/\/www.fredonoccitanie.com\/jevi\/wp-json\/wp\/v2\/tags?post=13918"}],"curies":[{"name":"wp","href":"https:\/\/api.w.org\/{rel}","templated":true}]}}