{"id":13905,"date":"2023-12-15T12:21:01","date_gmt":"2023-12-15T11:21:01","guid":{"rendered":"https:\/\/www.fredonoccitanie.com\/jevi\/?p=13905"},"modified":"2023-12-15T12:21:01","modified_gmt":"2023-12-15T11:21:01","slug":"icu-sortie-de-notre-guide-concevoir-des-ilots-de-fraicheur-vegetalises-en-integrant-la-population","status":"publish","type":"post","link":"https:\/\/www.fredonoccitanie.com\/jevi\/2023\/12\/15\/icu-sortie-de-notre-guide-concevoir-des-ilots-de-fraicheur-vegetalises-en-integrant-la-population\/","title":{"rendered":"[ICU] Sortie de notre guide \u00ab\u00a0CONCEVOIR DES \u00ceLOTS DE FRA\u00ceCHEUR V\u00c9G\u00c9TALIS\u00c9S EN INT\u00c9GRANT LA POPULATION\u00a0\u00bb"},"content":{"rendered":"<h3>Ce guide m\u00e9thodologique est illustr\u00e9 de cinq retours d\u2019exp\u00e9rience de d\u00e9marche paysag\u00e8re et participative en r\u00e9gion Occitanie.<\/h3>\n<h6>Comment lutter contre les \u00eelots de chaleur urbains gr\u00e2ce \u00e0 la v\u00e9g\u00e9talisation?<\/h6>\n<p>\u00c0 travers cinq exemples d\u2019am\u00e9nagement de l\u2019<strong>espace public<\/strong>, ce document illustre chronologiquement les diff\u00e9rentes \u00e9tapes de r\u00e9alisation du projet pour une commune. Il s\u2019agit d\u2019un exemple de <strong>m\u00e9thode et d\u00e9marche<\/strong>, qui se veut \u00eatre un support d\u2019aide, d\u2019inspiration ou de motivation. Il peut servir d\u2019appui \u00e0 l\u2019\u00e9mergence d\u2019autres projets pour l\u2019am\u00e9lioration du <strong>cadre de vie<\/strong> des populations. Il prend pour exemple de petites et moyennes communes de moins de 10 000 habitants et balaie \u00e0 plusieurs \u00e9chelles de temps et de moyens des leviers d\u2019action pour l\u2019am\u00e9nagement de l\u2019espace public.<\/p>\n<p>Les Conseils d\u2019Architecture d\u2019Urbanisme et d\u2019Environnement (C.A.U.E) du Gard (<strong>CAUE 30<\/strong>), de la Loz\u00e8re (<strong>CAUE 48<\/strong>) et des Pyr\u00e9n\u00e9es-Orientales (<strong>CAUE 66<\/strong>) ont travaill\u00e9 en partenariat avec FREDON Occitanie. Ils ont contribu\u00e9 \u00e0 la r\u00e9alisation et l\u2019avancement des projets et de ce guide m\u00e9thodologique, notamment gr\u00e2ce \u00e0 leur r\u00f4le d\u2019appui dans l\u2019organisation des ateliers participatifs et dans la r\u00e9flexion et la r\u00e9alisation des \u00e9tudes. Leur implication dans la m\u00e9thodologie de concertation, la co-animation et la co-r\u00e9daction des fiches conseils aupr\u00e8s des collectivit\u00e9s, a permis de mener \u00e0 bien les projets.<\/p>\n<p><span data-contrast=\"auto\">\ud83d\udc49 <\/span>La r\u00e9daction de ce guide cl\u00f4ture la mission de conseil et d&rsquo;appui technique, financ\u00e9e par la <strong>R\u00e9gion Occitanie <\/strong>dans le cadre du budget participatif citoyen <a href=\"https:\/\/www.laregion.fr\/MaSolutionClimat\"><strong>\u00ab<\/strong>\u00a0<strong>Ma solution pour le climat \u00bb<\/strong><\/a><\/p>\n<p style=\"text-align: center\"><img loading=\"lazy\" decoding=\"async\" class=\"aligncenter wp-image-11327\" src=\"https:\/\/www.fredonoccitanie.com\/jevi\/wp-content\/uploads\/sites\/2\/2023\/01\/visuel_site_web_2_900x500px-2-300x167.png\" alt=\"\" width=\"469\" height=\"261\" srcset=\"https:\/\/www.fredonoccitanie.com\/jevi\/wp-content\/uploads\/sites\/2\/2023\/01\/visuel_site_web_2_900x500px-2-300x167.png 300w, https:\/\/www.fredonoccitanie.com\/jevi\/wp-content\/uploads\/sites\/2\/2023\/01\/visuel_site_web_2_900x500px-2-768x427.png 768w, https:\/\/www.fredonoccitanie.com\/jevi\/wp-content\/uploads\/sites\/2\/2023\/01\/visuel_site_web_2_900x500px-2-705x392.png 705w, https:\/\/www.fredonoccitanie.com\/jevi\/wp-content\/uploads\/sites\/2\/2023\/01\/visuel_site_web_2_900x500px-2.png 900w\" sizes=\"auto, (max-width: 469px) 100vw, 469px\" \/><\/p>\n<p><span data-contrast=\"auto\">\ud83d\udc49 <\/span>En t\u00e9l\u00e9chargement dans notre biblioth\u00e8que d&rsquo;outils :<\/p>\n<div class='avia-iframe-wrap'>\n<blockquote class=\"wp-embedded-content\" data-secret=\"wSoPHyTvTZ\"><p><a href=\"https:\/\/www.fredonoccitanie.com\/jevi\/bibliotheque-des-outils-jevi\/\">Biblioth\u00e8que des outils JEVI<\/a><\/p><\/blockquote>\n<p><iframe loading=\"lazy\" class=\"wp-embedded-content\" sandbox=\"allow-scripts\" security=\"restricted\" style=\"position: absolute; clip: rect(1px, 1px, 1px, 1px);\" title=\"\u00ab\u00a0Biblioth\u00e8que des outils JEVI\u00a0\u00bb &#8212; R\u00e9seau JEVI\" src=\"https:\/\/www.fredonoccitanie.com\/jevi\/bibliotheque-des-outils-jevi\/embed\/#?secret=wiYW0ZapmT#?secret=wSoPHyTvTZ\" data-secret=\"wSoPHyTvTZ\" width=\"600\" height=\"338\" frameborder=\"0\" marginwidth=\"0\" marginheight=\"0\" scrolling=\"no\"><\/iframe><\/div>\n<p style=\"text-align: left\">Auteur : Julie Chouvel FREDON Occitanie<\/p>\n","protected":false},"excerpt":{"rendered":"<p>Ce guide m\u00e9thodologique est illustr\u00e9 de cinq retours d\u2019exp\u00e9rience de d\u00e9marche paysag\u00e8re et participative en r\u00e9gion Occitanie. Comment lutter contre les \u00eelots de chaleur urbains gr\u00e2ce \u00e0 la v\u00e9g\u00e9talisation? \u00c0 travers cinq exemples d\u2019am\u00e9nagement de l\u2019espace public, ce document illustre chronologiquement les diff\u00e9rentes \u00e9tapes de r\u00e9alisation du projet pour une commune. Il s\u2019agit d\u2019un exemple [&hellip;]<\/p>\n","protected":false},"author":17,"featured_media":13911,"comment_status":"closed","ping_status":"closed","sticky":false,"template":"","format":"standard","meta":{"footnotes":""},"categories":[8,2],"tags":[],"class_list":["post-13905","post","type-post","status-publish","format-standard","has-post-thumbnail","hentry","category-jevi","category-actualites-fredon"],"_links":{"self":[{"href":"https:\/\/www.fredonoccitanie.com\/jevi\/wp-json\/wp\/v2\/posts\/13905","targetHints":{"allow":["GET"]}}],"collection":[{"href":"https:\/\/www.fredonoccitanie.com\/jevi\/wp-json\/wp\/v2\/posts"}],"about":[{"href":"https:\/\/www.fredonoccitanie.com\/jevi\/wp-json\/wp\/v2\/types\/post"}],"author":[{"embeddable":true,"href":"https:\/\/www.fredonoccitanie.com\/jevi\/wp-json\/wp\/v2\/users\/17"}],"replies":[{"embeddable":true,"href":"https:\/\/www.fredonoccitanie.com\/jevi\/wp-json\/wp\/v2\/comments?post=13905"}],"version-history":[{"count":5,"href":"https:\/\/www.fredonoccitanie.com\/jevi\/wp-json\/wp\/v2\/posts\/13905\/revisions"}],"predecessor-version":[{"id":13916,"href":"https:\/\/www.fredonoccitanie.com\/jevi\/wp-json\/wp\/v2\/posts\/13905\/revisions\/13916"}],"wp:featuredmedia":[{"embeddable":true,"href":"https:\/\/www.fredonoccitanie.com\/jevi\/wp-json\/wp\/v2\/media\/13911"}],"wp:attachment":[{"href":"https:\/\/www.fredonoccitanie.com\/jevi\/wp-json\/wp\/v2\/media?parent=13905"}],"wp:term":[{"taxonomy":"category","embeddable":true,"href":"https:\/\/www.fredonoccitanie.com\/jevi\/wp-json\/wp\/v2\/categories?post=13905"},{"taxonomy":"post_tag","embeddable":true,"href":"https:\/\/www.fredonoccitanie.com\/jevi\/wp-json\/wp\/v2\/tags?post=13905"}],"curies":[{"name":"wp","href":"https:\/\/api.w.org\/{rel}","templated":true}]}}