{"id":13704,"date":"2023-12-08T10:55:36","date_gmt":"2023-12-08T09:55:36","guid":{"rendered":"https:\/\/www.fredonoccitanie.com\/jevi\/?p=13704"},"modified":"2023-12-08T10:55:36","modified_gmt":"2023-12-08T09:55:36","slug":"icu-la-demarche-paysagere-et-participative-en-coeur-de-bourg-patrimonial-a-chirac-lozere","status":"publish","type":"post","link":"https:\/\/www.fredonoccitanie.com\/jevi\/2023\/12\/08\/icu-la-demarche-paysagere-et-participative-en-coeur-de-bourg-patrimonial-a-chirac-lozere\/","title":{"rendered":"[ICU] La d\u00e9marche paysag\u00e8re et participative en c\u0153ur de bourg patrimonial \u00e0 Chirac (Loz\u00e8re)"},"content":{"rendered":"<h3 style=\"text-align: left\"><span class=\"TextRun SCXW232062453 BCX0\" lang=\"FR-FR\" xml:lang=\"FR-FR\" data-contrast=\"auto\"><span class=\"NormalTextRun SCXW232062453 BCX0\">V\u00e9g\u00e9taliser et d\u00e9simperm\u00e9abiliser pour un cadre de vie plus agr\u00e9able : comment l\u2019int\u00e9gration de la population dans la d\u00e9marche d\u2019un projet d\u2019am\u00e9nagem<\/span><span class=\"NormalTextRun SCXW232062453 BCX0\">ent permet-elle d\u2019imaginer <\/span><span class=\"NormalTextRun SCXW232062453 BCX0\">le futur<\/span><span class=\"NormalTextRun SCXW232062453 BCX0\"> des espaces publics ?<\/span><\/span><\/h3>\n<p><span data-contrast=\"auto\">Le ph\u00e9nom\u00e8ne d\u2019<strong>\u00eelots de chaleur urbains (ICU)<\/strong> est aujourd\u2019hui bien connu des grandes villes et m\u00e9tropoles, qui d\u00e9veloppent de plus en plus de <strong>strat\u00e9gies d\u2019adaptation au changement climatique<\/strong> et de solutions pour am\u00e9liorer le <strong>confort de vie des populations<\/strong>. Ce ph\u00e9nom\u00e8ne du <strong>climat<\/strong> local per\u00e7u en \u00e9t\u00e9 majoritairement la nuit, se traduit par un maintien des <strong>temp\u00e9ratures \u00e9lev\u00e9es<\/strong> dans les espaces <strong>artificialis\u00e9s<\/strong> par rapport \u00e0 la campagne environnante. Ses effets sont li\u00e9s \u00e0 la <strong>morphologie urbaine<\/strong>, aux <strong>surfaces fortement min\u00e9rales<\/strong> et aux apports de <strong>chaleur anthropique<\/strong> et sont probl\u00e9matiques en p\u00e9riode de fortes chaleurs (ADEME).<\/span><span data-ccp-props=\"{&quot;201341983&quot;:0,&quot;335559739&quot;:160,&quot;335559740&quot;:259}\">\u00a0<\/span><\/p>\n<p><span data-contrast=\"auto\">Bien que les grandes villes soient souvent les premi\u00e8res \u00e0 \u00eatre impact\u00e9es par ces ph\u00e9nom\u00e8nes thermiques,\u00a0les <strong>communes<\/strong> plus <strong>rurales<\/strong> ne sont pas toujours \u00e9pargn\u00e9es.\u00a0<\/span><span data-ccp-props=\"{&quot;201341983&quot;:0,&quot;335559739&quot;:160,&quot;335559740&quot;:259}\">\u00a0<\/span><\/p>\n<p><span data-contrast=\"auto\">C\u2019est le cas de <strong>Bourgs-sur-Colagne<\/strong> dans le PNR de l\u2019Aubrac en<strong> Loz\u00e8re<\/strong>, commune nouvelle de 2000 habitants issue de la fusion entre Chirac et Le Monastier-Pin-Mori\u00e8s. Les deux bourgs historiques sont implant\u00e9s en fond de vall\u00e9e de la Colagne et ont su conserver \u00e0 travers les si\u00e8cles un riche patrimoine architectural et culturel.<\/span><span data-ccp-props=\"{&quot;201341983&quot;:0,&quot;335559739&quot;:160,&quot;335559740&quot;:259}\">\u00a0<\/span><\/p>\n<p style=\"text-align: center\"><img loading=\"lazy\" decoding=\"async\" class=\"wp-image-13738 aligncenter\" src=\"https:\/\/www.fredonoccitanie.com\/jevi\/wp-content\/uploads\/sites\/2\/2023\/11\/Tourisme-Lozere-1-300x200.jpg\" alt=\"\" width=\"658\" height=\"439\" srcset=\"https:\/\/www.fredonoccitanie.com\/jevi\/wp-content\/uploads\/sites\/2\/2023\/11\/Tourisme-Lozere-1-300x200.jpg 300w, https:\/\/www.fredonoccitanie.com\/jevi\/wp-content\/uploads\/sites\/2\/2023\/11\/Tourisme-Lozere-1-768x511.jpg 768w, https:\/\/www.fredonoccitanie.com\/jevi\/wp-content\/uploads\/sites\/2\/2023\/11\/Tourisme-Lozere-1-705x470.jpg 705w, https:\/\/www.fredonoccitanie.com\/jevi\/wp-content\/uploads\/sites\/2\/2023\/11\/Tourisme-Lozere-1.jpg 940w\" sizes=\"auto, (max-width: 658px) 100vw, 658px\" \/><em><span class=\"TextRun SCXW26597074 BCX0\" lang=\"FR-FR\" xml:lang=\"FR-FR\" data-contrast=\"auto\"><span class=\"NormalTextRun SCXW26597074 BCX0\">Vue<\/span><span class=\"NormalTextRun SCXW26597074 BCX0\"> a<\/span><span class=\"NormalTextRun SCXW26597074 BCX0\">\u00e9rienne du bourg et du paysage environnant (Tourisme Loz\u00e8re)<\/span><\/span><span class=\"EOP SCXW26597074 BCX0\" data-ccp-props=\"{&quot;201341983&quot;:0,&quot;335559739&quot;:160,&quot;335559740&quot;:259}\">\u00a0<\/span><\/em><\/p>\n<p style=\"text-align: center\"><img loading=\"lazy\" decoding=\"async\" class=\" wp-image-13715 alignnone\" src=\"https:\/\/www.fredonoccitanie.com\/jevi\/wp-content\/uploads\/sites\/2\/2023\/11\/CP-Delcampes-date-inconnue-189x300.jpg\" alt=\"\" width=\"304\" height=\"482\" srcset=\"https:\/\/www.fredonoccitanie.com\/jevi\/wp-content\/uploads\/sites\/2\/2023\/11\/CP-Delcampes-date-inconnue-189x300.jpg 189w, https:\/\/www.fredonoccitanie.com\/jevi\/wp-content\/uploads\/sites\/2\/2023\/11\/CP-Delcampes-date-inconnue-650x1030.jpg 650w, https:\/\/www.fredonoccitanie.com\/jevi\/wp-content\/uploads\/sites\/2\/2023\/11\/CP-Delcampes-date-inconnue-445x705.jpg 445w, https:\/\/www.fredonoccitanie.com\/jevi\/wp-content\/uploads\/sites\/2\/2023\/11\/CP-Delcampes-date-inconnue.jpg 714w\" sizes=\"auto, (max-width: 304px) 100vw, 304px\" \/>\u00a0 \u00a0<img loading=\"lazy\" decoding=\"async\" class=\" wp-image-13714 alignnone\" src=\"https:\/\/www.fredonoccitanie.com\/jevi\/wp-content\/uploads\/sites\/2\/2023\/11\/CP-Delcampes-1969-193x300.jpg\" alt=\"\" width=\"309\" height=\"481\" srcset=\"https:\/\/www.fredonoccitanie.com\/jevi\/wp-content\/uploads\/sites\/2\/2023\/11\/CP-Delcampes-1969-193x300.jpg 193w, https:\/\/www.fredonoccitanie.com\/jevi\/wp-content\/uploads\/sites\/2\/2023\/11\/CP-Delcampes-1969.jpg 382w\" sizes=\"auto, (max-width: 309px) 100vw, 309px\" \/><\/p>\n<p style=\"text-align: center\"><span class=\"TextRun SCXW96429731 BCX0\" lang=\"FR-FR\" xml:lang=\"FR-FR\" data-contrast=\"auto\"><em><span class=\"NormalTextRun SCXW96429731 BCX0\">Parvis de la Tour de l\u2019horloge et de l\u2019Eglise Saint-Romain (class\u00e9e Monument Historique)<\/span><span class=\"NormalTextRun SCXW96429731 BCX0\"> a<\/span><span class=\"NormalTextRun SCXW96429731 BCX0\">uparavant en calade en 1940\/1950 et Place d\u2019<\/span><span class=\"NormalTextRun SCXW96429731 BCX0\">Entraygues<\/span><span class=\"NormalTextRun SCXW96429731 BCX0\"> dans les<\/span><span class=\"NormalTextRun SCXW96429731 BCX0\"> a<\/span><span class=\"NormalTextRun SCXW96429731 BCX0\">nn\u00e9es 1970 (<\/span><span class=\"NormalTextRun SpellingErrorV2Themed SCXW96429731 BCX0\">Delcampe<\/span><\/em><span class=\"NormalTextRun SCXW96429731 BCX0\">)<\/span><\/span><span class=\"EOP SCXW96429731 BCX0\" data-ccp-props=\"{&quot;134233117&quot;:false,&quot;134233118&quot;:false,&quot;201341983&quot;:0,&quot;335551550&quot;:1,&quot;335551620&quot;:1,&quot;335559685&quot;:0,&quot;335559737&quot;:0,&quot;335559738&quot;:0,&quot;335559739&quot;:160,&quot;335559740&quot;:259}\">\u00a0<\/span><\/p>\n<p>&nbsp;<\/p>\n<h4><span data-contrast=\"none\">Les constats <\/span><span data-ccp-props=\"{&quot;201341983&quot;:0,&quot;335559739&quot;:160,&quot;335559740&quot;:259}\">\u00a0<\/span><\/h4>\n<p><span data-contrast=\"auto\">Le <strong>c\u0153ur du bourg<\/strong> de Chirac est principalement <strong>min\u00e9ral<\/strong>, entre les pierres du b\u00e2ti historique, les pav\u00e9s au sol et l\u2019enrob\u00e9. Aucun arbre sur l\u2019espace public n\u2019est pr\u00e9sent, \u00e0 l\u2019exception d\u2019un figuier ayant pouss\u00e9 spontan\u00e9ment. Seul le lavoir, quelques arbres des jardins particuliers et rosiers ou grimpantes apportent un peu de sensation de fra\u00eecheur.\u00a0<\/span><span data-ccp-props=\"{&quot;201341983&quot;:0,&quot;335559739&quot;:160,&quot;335559740&quot;:259}\">\u00a0<\/span><\/p>\n<p><span data-contrast=\"auto\">L\u2019\u00e9t\u00e9, ce c\u0153ur de village devient <strong>difficilement respirable<\/strong> pour les riverains, et lors d\u2019\u00e9v\u00e9nements religieux, les malaises sont fr\u00e9quents \u00e0 la sortie de l\u2019\u00e9glise.<\/span><span data-ccp-props=\"{&quot;201341983&quot;:0,&quot;335559739&quot;:160,&quot;335559740&quot;:259}\">\u00a0<\/span><\/p>\n<p style=\"text-align: center\"><img loading=\"lazy\" decoding=\"async\" class=\"alignnone wp-image-13713\" src=\"https:\/\/www.fredonoccitanie.com\/jevi\/wp-content\/uploads\/sites\/2\/2023\/11\/Cartographie-infrarouge-300x168.jpg\" alt=\"\" width=\"808\" height=\"453\" srcset=\"https:\/\/www.fredonoccitanie.com\/jevi\/wp-content\/uploads\/sites\/2\/2023\/11\/Cartographie-infrarouge-300x168.jpg 300w, https:\/\/www.fredonoccitanie.com\/jevi\/wp-content\/uploads\/sites\/2\/2023\/11\/Cartographie-infrarouge-1030x577.jpg 1030w, https:\/\/www.fredonoccitanie.com\/jevi\/wp-content\/uploads\/sites\/2\/2023\/11\/Cartographie-infrarouge-768x430.jpg 768w, https:\/\/www.fredonoccitanie.com\/jevi\/wp-content\/uploads\/sites\/2\/2023\/11\/Cartographie-infrarouge-1536x860.jpg 1536w, https:\/\/www.fredonoccitanie.com\/jevi\/wp-content\/uploads\/sites\/2\/2023\/11\/Cartographie-infrarouge-2048x1147.jpg 2048w, https:\/\/www.fredonoccitanie.com\/jevi\/wp-content\/uploads\/sites\/2\/2023\/11\/Cartographie-infrarouge-1500x840.jpg 1500w, https:\/\/www.fredonoccitanie.com\/jevi\/wp-content\/uploads\/sites\/2\/2023\/11\/Cartographie-infrarouge-705x395.jpg 705w\" sizes=\"auto, (max-width: 808px) 100vw, 808px\" \/><\/p>\n<p style=\"text-align: center\"><em><span class=\"TextRun SCXW170257349 BCX0\" lang=\"FR-FR\" xml:lang=\"FR-FR\" data-contrast=\"auto\"><span class=\"NormalTextRun SCXW170257349 BCX0\">Un centre bourg o\u00f9 la strate<\/span><span class=\"NormalTextRun SCXW170257349 BCX0\"> a<\/span><span class=\"NormalTextRun SCXW170257349 BCX0\">rbor\u00e9e est quasi-absente (Cartographie infrarouge &#8211; G\u00e9oportail)<\/span><\/span><span class=\"EOP SCXW170257349 BCX0\" data-ccp-props=\"{&quot;201341983&quot;:0,&quot;335559739&quot;:160,&quot;335559740&quot;:259}\">\u00a0<\/span><\/em><\/p>\n<p>&nbsp;<\/p>\n<h4><span data-contrast=\"none\">La d\u00e9marche<\/span><span data-ccp-props=\"{&quot;201341983&quot;:0,&quot;335559739&quot;:160,&quot;335559740&quot;:259}\">\u00a0<\/span><\/h4>\n<p><span data-contrast=\"auto\">Dans la perspective d\u2019am\u00e9liorer le confort de vie des usagers, la commune a souhait\u00e9 engager une<strong> r\u00e9flexion sur la transformation de\u00a0ses\u00a0espaces publics.<\/strong> La d\u00e9marche a \u00e9t\u00e9 entam\u00e9e d\u00e9but 2023 dans le cadre de l\u2019appel \u00e0 projet <strong>\u00ab\u202fMa solution pour le Climat\u202f\u00bb<\/strong> de la <strong>R\u00e9gion Occitanie<\/strong>. L\u2019objectif est de transformer cet \u00eelot de chaleur urbain en <strong>\u00eelot de fraicheur v\u00e9g\u00e9talis\u00e9<\/strong> pour un cadre de vie plus agr\u00e9able.<\/span><span data-ccp-props=\"{&quot;134233117&quot;:false,&quot;134233118&quot;:false,&quot;201341983&quot;:0,&quot;335551550&quot;:1,&quot;335551620&quot;:1,&quot;335559685&quot;:0,&quot;335559737&quot;:0,&quot;335559738&quot;:0,&quot;335559739&quot;:160,&quot;335559740&quot;:259}\">\u00a0<\/span><\/p>\n<p><span data-contrast=\"auto\">Une <strong>d\u00e9marche paysag\u00e8re et participative<\/strong> a \u00e9t\u00e9 propos\u00e9e par <a href=\"https:\/\/fredon.fr\/occitanie\/\">FREDON Occitanie<\/a> et le <a href=\"https:\/\/www.les-caue-occitanie.fr\/lozere\">CAUE de la Loz\u00e8re<\/a> \u00e0 la commune de Bourgs-sur-Colagne et ses habitants. Cette initiative permet d\u2019apporter une r\u00e9ponse coh\u00e9rente qui tient compte des nombreux enjeux de la vie quotidienne des usagers, de la perm\u00e9abilit\u00e9 des sols, de la pr\u00e9sence de l\u2019eau et du v\u00e9g\u00e9tal ou encore de la dimension patrimoniale et historique du site.<\/span><span data-ccp-props=\"{&quot;201341983&quot;:0,&quot;335559739&quot;:160,&quot;335559740&quot;:259}\">\u00a0<\/span><span data-ccp-props=\"{&quot;201341983&quot;:0,&quot;335559739&quot;:160,&quot;335559740&quot;:259}\">\u00a0<\/span><\/p>\n<p>&nbsp;<\/p>\n<h4><span data-contrast=\"none\">Le site<\/span><span data-ccp-props=\"{&quot;201341983&quot;:0,&quot;335559739&quot;:160,&quot;335559740&quot;:259}\">\u00a0<\/span><\/h4>\n<p style=\"text-align: center\"><img loading=\"lazy\" decoding=\"async\" class=\"alignnone wp-image-13760\" src=\"https:\/\/www.fredonoccitanie.com\/jevi\/wp-content\/uploads\/sites\/2\/2023\/11\/plan-de-situation-2.jpg\" alt=\"\" width=\"647\" height=\"457\" \/><\/p>\n<p><span data-contrast=\"auto\">Le c\u0153ur de bourg est caract\u00e9ris\u00e9 par diff\u00e9rents espaces autour de l\u2019\u00e9glise : <\/span><span data-ccp-props=\"{&quot;201341983&quot;:0,&quot;335559739&quot;:160,&quot;335559740&quot;:259}\">\u00a0<\/span><\/p>\n<ul>\n<li data-leveltext=\"-\" data-font=\"Calibri\" data-listid=\"1\" data-list-defn-props=\"{&quot;335551671&quot;:2,&quot;335552541&quot;:1,&quot;335559684&quot;:-2,&quot;335559685&quot;:720,&quot;335559991&quot;:360,&quot;469769226&quot;:&quot;Calibri&quot;,&quot;469769242&quot;:[8226],&quot;469777803&quot;:&quot;left&quot;,&quot;469777804&quot;:&quot;-&quot;,&quot;469777815&quot;:&quot;hybridMultilevel&quot;}\" data-aria-posinset=\"2\" data-aria-level=\"1\"><span data-contrast=\"auto\">La <strong>place d\u2019Entraygues,<\/strong> place principale en pav\u00e9s calcaires, bord\u00e9e d\u2019une part par l\u2019\u00e9glise, la Tour de l\u2019horloge, la chapelle et le lavoir, et de l\u2019autre par les habitations\u202f;\u00a0<\/span><span data-ccp-props=\"{&quot;201341983&quot;:0,&quot;335559739&quot;:160,&quot;335559740&quot;:259}\">\u00a0<\/span><\/li>\n<\/ul>\n<p style=\"text-align: center\"><img loading=\"lazy\" decoding=\"async\" class=\"alignnone wp-image-13719\" src=\"https:\/\/www.fredonoccitanie.com\/jevi\/wp-content\/uploads\/sites\/2\/2023\/11\/ENTRAYGUES-300x225.jpg\" alt=\"\" width=\"328\" height=\"246\" srcset=\"https:\/\/www.fredonoccitanie.com\/jevi\/wp-content\/uploads\/sites\/2\/2023\/11\/ENTRAYGUES-300x225.jpg 300w, https:\/\/www.fredonoccitanie.com\/jevi\/wp-content\/uploads\/sites\/2\/2023\/11\/ENTRAYGUES-1030x773.jpg 1030w, https:\/\/www.fredonoccitanie.com\/jevi\/wp-content\/uploads\/sites\/2\/2023\/11\/ENTRAYGUES-768x576.jpg 768w, https:\/\/www.fredonoccitanie.com\/jevi\/wp-content\/uploads\/sites\/2\/2023\/11\/ENTRAYGUES-1536x1152.jpg 1536w, https:\/\/www.fredonoccitanie.com\/jevi\/wp-content\/uploads\/sites\/2\/2023\/11\/ENTRAYGUES-2048x1536.jpg 2048w, https:\/\/www.fredonoccitanie.com\/jevi\/wp-content\/uploads\/sites\/2\/2023\/11\/ENTRAYGUES-1500x1125.jpg 1500w, https:\/\/www.fredonoccitanie.com\/jevi\/wp-content\/uploads\/sites\/2\/2023\/11\/ENTRAYGUES-705x529.jpg 705w\" sizes=\"auto, (max-width: 328px) 100vw, 328px\" \/><\/p>\n<ul>\n<li><span class=\"TextRun SCXW134074711 BCX0\" lang=\"FR-FR\" xml:lang=\"FR-FR\" data-contrast=\"auto\"><span class=\"NormalTextRun SCXW134074711 BCX0\">Le <strong>jardin de la biblioth\u00e8que et la cour de l\u2019ancienne \u00e9cole<\/strong> qui seront bient\u00f4t<\/span><span class=\"NormalTextRun SCXW134074711 BCX0\"> a<\/span><span class=\"NormalTextRun SCXW134074711 BCX0\">m\u00e9nag\u00e9s<\/span><span class=\"NormalTextRun SCXW134074711 BCX0\"> a<\/span><span class=\"NormalTextRun SCXW134074711 BCX0\">fin d\u2019accueillir de nouveaux logements\u202f;\u00a0<\/span><\/span><span class=\"EOP SCXW134074711 BCX0\" data-ccp-props=\"{&quot;201341983&quot;:0,&quot;335559739&quot;:160,&quot;335559740&quot;:259}\">\u00a0<\/span><\/li>\n<\/ul>\n<p style=\"text-align: center\"><img loading=\"lazy\" decoding=\"async\" class=\"alignnone wp-image-13724\" src=\"https:\/\/www.fredonoccitanie.com\/jevi\/wp-content\/uploads\/sites\/2\/2023\/11\/JARDIN-300x200.jpg\" alt=\"\" width=\"329\" height=\"219\" srcset=\"https:\/\/www.fredonoccitanie.com\/jevi\/wp-content\/uploads\/sites\/2\/2023\/11\/JARDIN-300x200.jpg 300w, https:\/\/www.fredonoccitanie.com\/jevi\/wp-content\/uploads\/sites\/2\/2023\/11\/JARDIN-1030x687.jpg 1030w, https:\/\/www.fredonoccitanie.com\/jevi\/wp-content\/uploads\/sites\/2\/2023\/11\/JARDIN-768x512.jpg 768w, https:\/\/www.fredonoccitanie.com\/jevi\/wp-content\/uploads\/sites\/2\/2023\/11\/JARDIN-1536x1024.jpg 1536w, https:\/\/www.fredonoccitanie.com\/jevi\/wp-content\/uploads\/sites\/2\/2023\/11\/JARDIN-2048x1365.jpg 2048w, https:\/\/www.fredonoccitanie.com\/jevi\/wp-content\/uploads\/sites\/2\/2023\/11\/JARDIN-1500x1000.jpg 1500w, https:\/\/www.fredonoccitanie.com\/jevi\/wp-content\/uploads\/sites\/2\/2023\/11\/JARDIN-705x470.jpg 705w\" sizes=\"auto, (max-width: 329px) 100vw, 329px\" \/><\/p>\n<ul>\n<li><span class=\"TextRun SCXW193077710 BCX0\" lang=\"FR-FR\" xml:lang=\"FR-FR\" data-contrast=\"auto\"><span class=\"NormalTextRun SCXW193077710 BCX0\">La <strong>place de la Tour<\/strong>, rectangulaire, qui<\/span><span class=\"NormalTextRun SCXW193077710 BCX0\"> a<\/span><span class=\"NormalTextRun SCXW193077710 BCX0\">ujourd\u2019hui est un parking en enrob\u00e9, d\u00e9limit\u00e9 par les habitations\u202f;\u00a0<\/span><\/span><span class=\"EOP SCXW193077710 BCX0\" data-ccp-props=\"{&quot;201341983&quot;:0,&quot;335559739&quot;:160,&quot;335559740&quot;:259}\">\u00a0<\/span><\/li>\n<\/ul>\n<p style=\"text-align: center\"><span class=\"TextRun SCXW232062453 BCX0\" lang=\"FR-FR\" xml:lang=\"FR-FR\" data-contrast=\"auto\"><span class=\"NormalTextRun SCXW232062453 BCX0\"><img loading=\"lazy\" decoding=\"async\" class=\"alignnone wp-image-13758\" src=\"https:\/\/www.fredonoccitanie.com\/jevi\/wp-content\/uploads\/sites\/2\/2023\/11\/TOUR-2-2-300x225.jpg\" alt=\"\" width=\"341\" height=\"256\" srcset=\"https:\/\/www.fredonoccitanie.com\/jevi\/wp-content\/uploads\/sites\/2\/2023\/11\/TOUR-2-2-300x225.jpg 300w, https:\/\/www.fredonoccitanie.com\/jevi\/wp-content\/uploads\/sites\/2\/2023\/11\/TOUR-2-2-1030x773.jpg 1030w, https:\/\/www.fredonoccitanie.com\/jevi\/wp-content\/uploads\/sites\/2\/2023\/11\/TOUR-2-2-768x576.jpg 768w, https:\/\/www.fredonoccitanie.com\/jevi\/wp-content\/uploads\/sites\/2\/2023\/11\/TOUR-2-2-1536x1152.jpg 1536w, https:\/\/www.fredonoccitanie.com\/jevi\/wp-content\/uploads\/sites\/2\/2023\/11\/TOUR-2-2-2048x1536.jpg 2048w, https:\/\/www.fredonoccitanie.com\/jevi\/wp-content\/uploads\/sites\/2\/2023\/11\/TOUR-2-2-1500x1125.jpg 1500w, https:\/\/www.fredonoccitanie.com\/jevi\/wp-content\/uploads\/sites\/2\/2023\/11\/TOUR-2-2-705x529.jpg 705w\" sizes=\"auto, (max-width: 341px) 100vw, 341px\" \/><\/span><\/span><\/p>\n<ul>\n<li><span class=\"TextRun SCXW168345390 BCX0\" lang=\"FR-FR\" xml:lang=\"FR-FR\" data-contrast=\"auto\"><span class=\"NormalTextRun SCXW168345390 BCX0\">La<strong> place de la Pi\u00e9ta<\/strong> en enrob\u00e9 est bord\u00e9e par l\u2019\u00e9glise et des habitations. C\u2019est un lieu de passage<\/span><span class=\"NormalTextRun SCXW168345390 BCX0\"> a<\/span><span class=\"NormalTextRun SCXW168345390 BCX0\">u carrefour des trois espaces pr\u00e9c\u00e9demment \u00e9voqu\u00e9s.<\/span><\/span><span class=\"EOP SCXW168345390 BCX0\" data-ccp-props=\"{&quot;201341983&quot;:0,&quot;335559739&quot;:160,&quot;335559740&quot;:259}\">\u00a0<\/span><\/li>\n<\/ul>\n<p><img loading=\"lazy\" decoding=\"async\" class=\"wp-image-13745 aligncenter\" src=\"https:\/\/www.fredonoccitanie.com\/jevi\/wp-content\/uploads\/sites\/2\/2023\/11\/PIETA-2-300x225.jpg\" alt=\"\" width=\"342\" height=\"257\" srcset=\"https:\/\/www.fredonoccitanie.com\/jevi\/wp-content\/uploads\/sites\/2\/2023\/11\/PIETA-2-300x225.jpg 300w, https:\/\/www.fredonoccitanie.com\/jevi\/wp-content\/uploads\/sites\/2\/2023\/11\/PIETA-2-1030x773.jpg 1030w, https:\/\/www.fredonoccitanie.com\/jevi\/wp-content\/uploads\/sites\/2\/2023\/11\/PIETA-2-768x576.jpg 768w, https:\/\/www.fredonoccitanie.com\/jevi\/wp-content\/uploads\/sites\/2\/2023\/11\/PIETA-2-1536x1152.jpg 1536w, https:\/\/www.fredonoccitanie.com\/jevi\/wp-content\/uploads\/sites\/2\/2023\/11\/PIETA-2-2048x1536.jpg 2048w, https:\/\/www.fredonoccitanie.com\/jevi\/wp-content\/uploads\/sites\/2\/2023\/11\/PIETA-2-1500x1125.jpg 1500w, https:\/\/www.fredonoccitanie.com\/jevi\/wp-content\/uploads\/sites\/2\/2023\/11\/PIETA-2-705x529.jpg 705w\" sizes=\"auto, (max-width: 342px) 100vw, 342px\" \/><\/p>\n<p>&nbsp;<\/p>\n<h4><span data-contrast=\"none\">Mise en place d\u2019ateliers de concertation avec la population<\/span><span data-ccp-props=\"{&quot;201341983&quot;:0,&quot;335559739&quot;:160,&quot;335559740&quot;:259}\">\u00a0<\/span><\/h4>\n<p><span data-contrast=\"auto\">Afin d\u2019inclure les habitants dans la r\u00e9flexion sur le futur de leur espace public, deux ateliers participatifs ont \u00e9t\u00e9 organis\u00e9s et anim\u00e9s par les paysagistes concepteurs Nicolas Vignau du CAUE de la Loz\u00e8re et Julie Chouvel de FREDON Occitanie. <strong>Ces moments de concertation s\u2019inscrivent dans la suite d\u2019un diagnostic de terrain<\/strong>, r\u00e9alis\u00e9 en amont, et ont permis aux habitants de partager leurs ressentis et de s\u2019exprimer sur les potentielles transformations de l\u2019espace. <\/span><span data-ccp-props=\"{&quot;134233117&quot;:false,&quot;134233118&quot;:false,&quot;201341983&quot;:0,&quot;335551550&quot;:1,&quot;335551620&quot;:1,&quot;335559685&quot;:0,&quot;335559737&quot;:0,&quot;335559738&quot;:0,&quot;335559739&quot;:160,&quot;335559740&quot;:259}\">\u00a0<\/span><\/p>\n<h3><span data-contrast=\"none\">L\u2019atelier 1 (5 avril 2023) \u2013 Diagnostic sensible et enjeux <\/span><span data-ccp-props=\"{&quot;201341983&quot;:0,&quot;335559739&quot;:160,&quot;335559740&quot;:259}\">\u00a0<\/span><\/h3>\n<p><span data-contrast=\"auto\">L\u2019objectif \u00e9tait de cr\u00e9er un <strong>moment d\u2019expression et d\u2019\u00e9changes<\/strong> o\u00f9 chacun<\/span> <span data-contrast=\"auto\">a <\/span><span data-contrast=\"auto\">pu partager ses <strong>ressentis, besoins et envies<\/strong> afin de mieux comprendre le fonctionnement actuel du c\u0153ur de bourg. <\/span><b><span data-contrast=\"auto\">Dans un premier temps <\/span><\/b><span data-contrast=\"auto\">a<\/span><span data-contrast=\"auto\"> eu lieu un <strong>diagnostic en marchant<\/strong> pour une approche sensible du site, regroupant 8 points d\u2019arr\u00eat. Chacun des 22 participants a pu s\u2019exprimer \u00e0 l\u2019\u00e9crit via un livret et \u00e9changer avec les autres.\u00a0<\/span><b><span data-contrast=\"auto\">Dans un second temps<\/span><\/b><span data-contrast=\"auto\">, une <strong>mise en commun autour d\u2019un m\u00eame plan<\/strong> a \u00e9t\u00e9 l\u2019occasion de faire une synth\u00e8se de ce qu\u2019ils ont per\u00e7u sur la place : les<strong> dysfonctionnements et am\u00e9liorations<\/strong> comme les \u00e9l\u00e9ments importants \u00e0 conserver et valoriser afin de formuler les enjeux.\u00a0<\/span><span data-ccp-props=\"{&quot;201341983&quot;:0,&quot;335559739&quot;:160,&quot;335559740&quot;:259}\">\u00a0<\/span><\/p>\n<p style=\"text-align: center\"><img loading=\"lazy\" decoding=\"async\" class=\"alignnone wp-image-13706\" src=\"https:\/\/www.fredonoccitanie.com\/jevi\/wp-content\/uploads\/sites\/2\/2023\/11\/Atelier-1-3-300x200.jpg\" alt=\"\" width=\"329\" height=\"220\" srcset=\"https:\/\/www.fredonoccitanie.com\/jevi\/wp-content\/uploads\/sites\/2\/2023\/11\/Atelier-1-3-300x200.jpg 300w, https:\/\/www.fredonoccitanie.com\/jevi\/wp-content\/uploads\/sites\/2\/2023\/11\/Atelier-1-3-1030x687.jpg 1030w, https:\/\/www.fredonoccitanie.com\/jevi\/wp-content\/uploads\/sites\/2\/2023\/11\/Atelier-1-3-768x512.jpg 768w, https:\/\/www.fredonoccitanie.com\/jevi\/wp-content\/uploads\/sites\/2\/2023\/11\/Atelier-1-3-1536x1024.jpg 1536w, https:\/\/www.fredonoccitanie.com\/jevi\/wp-content\/uploads\/sites\/2\/2023\/11\/Atelier-1-3-2048x1365.jpg 2048w, https:\/\/www.fredonoccitanie.com\/jevi\/wp-content\/uploads\/sites\/2\/2023\/11\/Atelier-1-3-1500x1000.jpg 1500w, https:\/\/www.fredonoccitanie.com\/jevi\/wp-content\/uploads\/sites\/2\/2023\/11\/Atelier-1-3-705x470.jpg 705w\" sizes=\"auto, (max-width: 329px) 100vw, 329px\" \/>\u00a0 \u00a0<img loading=\"lazy\" decoding=\"async\" class=\"alignnone wp-image-13739\" src=\"https:\/\/www.fredonoccitanie.com\/jevi\/wp-content\/uploads\/sites\/2\/2023\/11\/Atelier-1-2-2-300x225.jpg\" alt=\"\" width=\"293\" height=\"220\" srcset=\"https:\/\/www.fredonoccitanie.com\/jevi\/wp-content\/uploads\/sites\/2\/2023\/11\/Atelier-1-2-2-300x225.jpg 300w, https:\/\/www.fredonoccitanie.com\/jevi\/wp-content\/uploads\/sites\/2\/2023\/11\/Atelier-1-2-2-1030x773.jpg 1030w, https:\/\/www.fredonoccitanie.com\/jevi\/wp-content\/uploads\/sites\/2\/2023\/11\/Atelier-1-2-2-768x576.jpg 768w, https:\/\/www.fredonoccitanie.com\/jevi\/wp-content\/uploads\/sites\/2\/2023\/11\/Atelier-1-2-2-1536x1152.jpg 1536w, https:\/\/www.fredonoccitanie.com\/jevi\/wp-content\/uploads\/sites\/2\/2023\/11\/Atelier-1-2-2-2048x1536.jpg 2048w, https:\/\/www.fredonoccitanie.com\/jevi\/wp-content\/uploads\/sites\/2\/2023\/11\/Atelier-1-2-2-1500x1125.jpg 1500w, https:\/\/www.fredonoccitanie.com\/jevi\/wp-content\/uploads\/sites\/2\/2023\/11\/Atelier-1-2-2-705x529.jpg 705w\" sizes=\"auto, (max-width: 293px) 100vw, 293px\" \/><img loading=\"lazy\" decoding=\"async\" class=\"alignnone wp-image-13725\" src=\"https:\/\/www.fredonoccitanie.com\/jevi\/wp-content\/uploads\/sites\/2\/2023\/11\/Plan-enjeux-habitants-300x236.jpg\" alt=\"\" width=\"733\" height=\"577\" srcset=\"https:\/\/www.fredonoccitanie.com\/jevi\/wp-content\/uploads\/sites\/2\/2023\/11\/Plan-enjeux-habitants-300x236.jpg 300w, https:\/\/www.fredonoccitanie.com\/jevi\/wp-content\/uploads\/sites\/2\/2023\/11\/Plan-enjeux-habitants-1030x809.jpg 1030w, https:\/\/www.fredonoccitanie.com\/jevi\/wp-content\/uploads\/sites\/2\/2023\/11\/Plan-enjeux-habitants-768x603.jpg 768w, https:\/\/www.fredonoccitanie.com\/jevi\/wp-content\/uploads\/sites\/2\/2023\/11\/Plan-enjeux-habitants-1536x1207.jpg 1536w, https:\/\/www.fredonoccitanie.com\/jevi\/wp-content\/uploads\/sites\/2\/2023\/11\/Plan-enjeux-habitants-2048x1609.jpg 2048w, https:\/\/www.fredonoccitanie.com\/jevi\/wp-content\/uploads\/sites\/2\/2023\/11\/Plan-enjeux-habitants-1500x1178.jpg 1500w, https:\/\/www.fredonoccitanie.com\/jevi\/wp-content\/uploads\/sites\/2\/2023\/11\/Plan-enjeux-habitants-705x554.jpg 705w\" sizes=\"auto, (max-width: 733px) 100vw, 733px\" \/><\/p>\n<p><span data-contrast=\"auto\"> \ud83d\udc49Ce moment privil\u00e9gi\u00e9 d\u2019\u00e9changes entre les usagers permet de cr\u00e9er une atmosph\u00e8re <strong>conviviale<\/strong> propice \u00e0 l\u2019\u00e9laboration d\u2019une vision commune de l\u2019espace. L\u2019atelier participatif sur ces lieux que les habitants vivent au quotidien\u00a0est \u00e9galement une belle occasion de les <strong>sensibiliser sur les questions d\u2019am\u00e9nagement<\/strong>, tout en favorisant le lien\u00a0social entre voisins.<\/span><span data-ccp-props=\"{&quot;201341983&quot;:0,&quot;335559739&quot;:160,&quot;335559740&quot;:259}\">\u00a0<\/span><span data-ccp-props=\"{&quot;201341983&quot;:0,&quot;335559739&quot;:160,&quot;335559740&quot;:259}\">\u00a0<\/span><\/p>\n<h3><span data-contrast=\"none\">L\u2019atelier 2 (26 juin 2023) &#8211; Conception partag\u00e9e<\/span><span data-ccp-props=\"{&quot;201341983&quot;:0,&quot;335559685&quot;:708,&quot;335559731&quot;:708,&quot;335559739&quot;:160,&quot;335559740&quot;:259}\">\u00a0<\/span><\/h3>\n<p><span data-contrast=\"auto\">Le second atelier \u00e9tait l\u2019occasion d\u2019\u00e9changer par petits groupes au sujet de leurs <strong>visions de l\u2019espace, des priorit\u00e9s, des possibilit\u00e9s et souhaits<\/strong> afin de servir de point de d\u00e9part \u00e0 l\u2019\u00e9laboration de scenarii d\u2019am\u00e9nagement. Les usagers et habitants avaient \u00e0 leur disposition plusieurs <strong>supports et outils<\/strong>, comme un fond de plan, des feutres, des cartes d\u2019usages et d\u2019ambiances. Ce format leur a permis d\u2019illustrer au mieux leurs intentions pour chacun des lieux.\u00a0\u00a0<\/span><span data-ccp-props=\"{&quot;201341983&quot;:0,&quot;335559739&quot;:160,&quot;335559740&quot;:259}\">\u00a0<\/span><\/p>\n<h3 style=\"text-align: center\"><span class=\"TextRun SCXW232062453 BCX0\" lang=\"FR-FR\" xml:lang=\"FR-FR\" data-contrast=\"auto\"><span class=\"NormalTextRun SCXW232062453 BCX0\"><img loading=\"lazy\" decoding=\"async\" class=\"alignnone wp-image-13757\" src=\"https:\/\/www.fredonoccitanie.com\/jevi\/wp-content\/uploads\/sites\/2\/2023\/11\/Flyer-atelier-2-v2-2-1-212x300.jpg\" alt=\"\" width=\"326\" height=\"461\" srcset=\"https:\/\/www.fredonoccitanie.com\/jevi\/wp-content\/uploads\/sites\/2\/2023\/11\/Flyer-atelier-2-v2-2-1-212x300.jpg 212w, https:\/\/www.fredonoccitanie.com\/jevi\/wp-content\/uploads\/sites\/2\/2023\/11\/Flyer-atelier-2-v2-2-1-728x1030.jpg 728w, https:\/\/www.fredonoccitanie.com\/jevi\/wp-content\/uploads\/sites\/2\/2023\/11\/Flyer-atelier-2-v2-2-1-768x1086.jpg 768w, https:\/\/www.fredonoccitanie.com\/jevi\/wp-content\/uploads\/sites\/2\/2023\/11\/Flyer-atelier-2-v2-2-1-1086x1536.jpg 1086w, https:\/\/www.fredonoccitanie.com\/jevi\/wp-content\/uploads\/sites\/2\/2023\/11\/Flyer-atelier-2-v2-2-1-1448x2048.jpg 1448w, https:\/\/www.fredonoccitanie.com\/jevi\/wp-content\/uploads\/sites\/2\/2023\/11\/Flyer-atelier-2-v2-2-1-scaled.jpg 1810w\" sizes=\"auto, (max-width: 326px) 100vw, 326px\" \/> \u00a0<img loading=\"lazy\" decoding=\"async\" class=\"alignnone wp-image-13795\" src=\"https:\/\/www.fredonoccitanie.com\/jevi\/wp-content\/uploads\/sites\/2\/2023\/11\/Atelier-2-3j-194x300.jpg\" alt=\"\" width=\"291\" height=\"450\" srcset=\"https:\/\/www.fredonoccitanie.com\/jevi\/wp-content\/uploads\/sites\/2\/2023\/11\/Atelier-2-3j-194x300.jpg 194w, https:\/\/www.fredonoccitanie.com\/jevi\/wp-content\/uploads\/sites\/2\/2023\/11\/Atelier-2-3j-666x1030.jpg 666w, https:\/\/www.fredonoccitanie.com\/jevi\/wp-content\/uploads\/sites\/2\/2023\/11\/Atelier-2-3j-768x1188.jpg 768w, https:\/\/www.fredonoccitanie.com\/jevi\/wp-content\/uploads\/sites\/2\/2023\/11\/Atelier-2-3j-993x1536.jpg 993w, https:\/\/www.fredonoccitanie.com\/jevi\/wp-content\/uploads\/sites\/2\/2023\/11\/Atelier-2-3j-1324x2048.jpg 1324w, https:\/\/www.fredonoccitanie.com\/jevi\/wp-content\/uploads\/sites\/2\/2023\/11\/Atelier-2-3j-969x1500.jpg 969w, https:\/\/www.fredonoccitanie.com\/jevi\/wp-content\/uploads\/sites\/2\/2023\/11\/Atelier-2-3j-456x705.jpg 456w, https:\/\/www.fredonoccitanie.com\/jevi\/wp-content\/uploads\/sites\/2\/2023\/11\/Atelier-2-3j-scaled.jpg 1655w\" sizes=\"auto, (max-width: 291px) 100vw, 291px\" \/><\/span><\/span><span class=\"TextRun SCXW232062453 BCX0\" lang=\"FR-FR\" xml:lang=\"FR-FR\" data-contrast=\"auto\"><span class=\"NormalTextRun SCXW232062453 BCX0\"><img loading=\"lazy\" decoding=\"async\" class=\"alignnone wp-image-13753\" src=\"https:\/\/www.fredonoccitanie.com\/jevi\/wp-content\/uploads\/sites\/2\/2023\/11\/Atelier-2-2-2-2-300x225.jpg\" alt=\"\" width=\"627\" height=\"470\" srcset=\"https:\/\/www.fredonoccitanie.com\/jevi\/wp-content\/uploads\/sites\/2\/2023\/11\/Atelier-2-2-2-2-300x225.jpg 300w, https:\/\/www.fredonoccitanie.com\/jevi\/wp-content\/uploads\/sites\/2\/2023\/11\/Atelier-2-2-2-2-1030x773.jpg 1030w, https:\/\/www.fredonoccitanie.com\/jevi\/wp-content\/uploads\/sites\/2\/2023\/11\/Atelier-2-2-2-2-768x576.jpg 768w, https:\/\/www.fredonoccitanie.com\/jevi\/wp-content\/uploads\/sites\/2\/2023\/11\/Atelier-2-2-2-2-1536x1152.jpg 1536w, https:\/\/www.fredonoccitanie.com\/jevi\/wp-content\/uploads\/sites\/2\/2023\/11\/Atelier-2-2-2-2-2048x1536.jpg 2048w, https:\/\/www.fredonoccitanie.com\/jevi\/wp-content\/uploads\/sites\/2\/2023\/11\/Atelier-2-2-2-2-1500x1125.jpg 1500w\" sizes=\"auto, (max-width: 627px) 100vw, 627px\" \/><\/span><\/span><\/h3>\n<p><span class=\"TextRun SCXW51113162 BCX0\" lang=\"FR-FR\" xml:lang=\"FR-FR\" data-contrast=\"auto\"><span class=\"NormalTextRun SCXW51113162 BCX0\">Les habitants ont pu <\/span><span class=\"NormalTextRun SCXW51113162 BCX0\">travaille<\/span><\/span><span class=\"TextRun SCXW51113162 BCX0\" lang=\"FR-FR\" xml:lang=\"FR-FR\" data-contrast=\"auto\"><span class=\"NormalTextRun SCXW51113162 BCX0\">r<\/span><span class=\"NormalTextRun SCXW51113162 BCX0\"> sur la base<\/span><span class=\"NormalTextRun SCXW51113162 BCX0\"> d\u2019<\/span><\/span><span class=\"TextRun SCXW51113162 BCX0\" lang=\"FR-FR\" xml:lang=\"FR-FR\" data-contrast=\"auto\"><span class=\"NormalTextRun SCXW51113162 BCX0\">une <strong>feuille de route<\/strong> issue du pr\u00e9c\u00e9dent atelier et r\u00e9sumant les enjeux ainsi que des \u00e9l\u00e9ments de diagnostic par place.<\/span><\/span><\/p>\n<h3 style=\"text-align: center\"><img loading=\"lazy\" decoding=\"async\" class=\"alignnone wp-image-13798\" src=\"https:\/\/www.fredonoccitanie.com\/jevi\/wp-content\/uploads\/sites\/2\/2023\/11\/Feuille-de-route-enjeux-1-300x148.jpg\" alt=\"\" width=\"795\" height=\"392\" srcset=\"https:\/\/www.fredonoccitanie.com\/jevi\/wp-content\/uploads\/sites\/2\/2023\/11\/Feuille-de-route-enjeux-1-300x148.jpg 300w, https:\/\/www.fredonoccitanie.com\/jevi\/wp-content\/uploads\/sites\/2\/2023\/11\/Feuille-de-route-enjeux-1-1030x507.jpg 1030w, https:\/\/www.fredonoccitanie.com\/jevi\/wp-content\/uploads\/sites\/2\/2023\/11\/Feuille-de-route-enjeux-1-768x378.jpg 768w, https:\/\/www.fredonoccitanie.com\/jevi\/wp-content\/uploads\/sites\/2\/2023\/11\/Feuille-de-route-enjeux-1-1536x755.jpg 1536w, https:\/\/www.fredonoccitanie.com\/jevi\/wp-content\/uploads\/sites\/2\/2023\/11\/Feuille-de-route-enjeux-1-2048x1007.jpg 2048w, https:\/\/www.fredonoccitanie.com\/jevi\/wp-content\/uploads\/sites\/2\/2023\/11\/Feuille-de-route-enjeux-1-1500x738.jpg 1500w, https:\/\/www.fredonoccitanie.com\/jevi\/wp-content\/uploads\/sites\/2\/2023\/11\/Feuille-de-route-enjeux-1-705x347.jpg 705w\" sizes=\"auto, (max-width: 795px) 100vw, 795px\" \/><\/h3>\n<p><span class=\"TextRun SCXW191749448 BCX0\" lang=\"FR-FR\" xml:lang=\"FR-FR\" data-contrast=\"auto\"><span class=\"NormalTextRun SCXW191749448 BCX0\">A la fin, chacun des 4 groupes<\/span><span class=\"NormalTextRun SCXW191749448 BCX0\"> a<\/span><span class=\"NormalTextRun SCXW191749448 BCX0\"> pu pr\u00e9senter son travail<\/span><span class=\"NormalTextRun SCXW191749448 BCX0\"> a<\/span><span class=\"NormalTextRun SCXW191749448 BCX0\">ux<\/span><span class=\"NormalTextRun SCXW191749448 BCX0\"> a<\/span><span class=\"NormalTextRun SCXW191749448 BCX0\">utres pendant une dizaine de minutes, montrant les <strong>divergences et convergences de certaines id\u00e9es<\/strong> entre les participants.\u00a0<\/span><\/span><span class=\"EOP SCXW191749448 BCX0\" data-ccp-props=\"{&quot;201341983&quot;:0,&quot;335559739&quot;:160,&quot;335559740&quot;:259}\">\u00a0<\/span><\/p>\n<p>&nbsp;<\/p>\n<p style=\"text-align: center\"><img loading=\"lazy\" decoding=\"async\" class=\"alignnone wp-image-13774\" src=\"https:\/\/www.fredonoccitanie.com\/jevi\/wp-content\/uploads\/sites\/2\/2023\/11\/20230626_195615-225x300.jpg\" alt=\"\" width=\"353\" height=\"471\" srcset=\"https:\/\/www.fredonoccitanie.com\/jevi\/wp-content\/uploads\/sites\/2\/2023\/11\/20230626_195615-225x300.jpg 225w, https:\/\/www.fredonoccitanie.com\/jevi\/wp-content\/uploads\/sites\/2\/2023\/11\/20230626_195615-773x1030.jpg 773w, https:\/\/www.fredonoccitanie.com\/jevi\/wp-content\/uploads\/sites\/2\/2023\/11\/20230626_195615-768x1024.jpg 768w, https:\/\/www.fredonoccitanie.com\/jevi\/wp-content\/uploads\/sites\/2\/2023\/11\/20230626_195615-1152x1536.jpg 1152w, https:\/\/www.fredonoccitanie.com\/jevi\/wp-content\/uploads\/sites\/2\/2023\/11\/20230626_195615-1536x2048.jpg 1536w, https:\/\/www.fredonoccitanie.com\/jevi\/wp-content\/uploads\/sites\/2\/2023\/11\/20230626_195615-1125x1500.jpg 1125w, https:\/\/www.fredonoccitanie.com\/jevi\/wp-content\/uploads\/sites\/2\/2023\/11\/20230626_195615-529x705.jpg 529w, https:\/\/www.fredonoccitanie.com\/jevi\/wp-content\/uploads\/sites\/2\/2023\/11\/20230626_195615-scaled.jpg 1920w\" sizes=\"auto, (max-width: 353px) 100vw, 353px\" \/>\u00a0 \u00a0<img loading=\"lazy\" decoding=\"async\" class=\"alignnone wp-image-13712\" src=\"https:\/\/www.fredonoccitanie.com\/jevi\/wp-content\/uploads\/sites\/2\/2023\/11\/Atelier-2-5-169x300.jpg\" alt=\"\" width=\"265\" height=\"470\" srcset=\"https:\/\/www.fredonoccitanie.com\/jevi\/wp-content\/uploads\/sites\/2\/2023\/11\/Atelier-2-5-169x300.jpg 169w, https:\/\/www.fredonoccitanie.com\/jevi\/wp-content\/uploads\/sites\/2\/2023\/11\/Atelier-2-5-579x1030.jpg 579w, https:\/\/www.fredonoccitanie.com\/jevi\/wp-content\/uploads\/sites\/2\/2023\/11\/Atelier-2-5-768x1365.jpg 768w, https:\/\/www.fredonoccitanie.com\/jevi\/wp-content\/uploads\/sites\/2\/2023\/11\/Atelier-2-5-864x1536.jpg 864w, https:\/\/www.fredonoccitanie.com\/jevi\/wp-content\/uploads\/sites\/2\/2023\/11\/Atelier-2-5-844x1500.jpg 844w, https:\/\/www.fredonoccitanie.com\/jevi\/wp-content\/uploads\/sites\/2\/2023\/11\/Atelier-2-5-397x705.jpg 397w, https:\/\/www.fredonoccitanie.com\/jevi\/wp-content\/uploads\/sites\/2\/2023\/11\/Atelier-2-5.jpg 1080w\" sizes=\"auto, (max-width: 265px) 100vw, 265px\" \/><\/p>\n<p><span class=\"TextRun SCXW212576029 BCX0\" lang=\"FR-FR\" xml:lang=\"FR-FR\" data-contrast=\"auto\"><span class=\"NormalTextRun SCXW212576029 BCX0\">A l\u2019issue de cet atelier, 4 propositions ont \u00e9t\u00e9 pr\u00e9sent\u00e9es par les groupes. Apr\u00e8s synth\u00e8se et analyse, ils ont constitu\u00e9 une base tr\u00e8s riche pour orienter les pr\u00e9conisations d\u2019am\u00e9nagement et de valorisation de l\u2019espace.<\/span><\/span><span class=\"EOP SCXW212576029 BCX0\" data-ccp-props=\"{&quot;201341983&quot;:0,&quot;335559739&quot;:160,&quot;335559740&quot;:259}\">\u00a0<\/span><\/p>\n<p style=\"text-align: center\"><img loading=\"lazy\" decoding=\"async\" class=\"alignnone wp-image-13705\" src=\"https:\/\/www.fredonoccitanie.com\/jevi\/wp-content\/uploads\/sites\/2\/2023\/11\/Atelier-1-1-300x225.jpg\" alt=\"\" width=\"659\" height=\"494\" srcset=\"https:\/\/www.fredonoccitanie.com\/jevi\/wp-content\/uploads\/sites\/2\/2023\/11\/Atelier-1-1-300x225.jpg 300w, https:\/\/www.fredonoccitanie.com\/jevi\/wp-content\/uploads\/sites\/2\/2023\/11\/Atelier-1-1-1030x773.jpg 1030w, https:\/\/www.fredonoccitanie.com\/jevi\/wp-content\/uploads\/sites\/2\/2023\/11\/Atelier-1-1-768x576.jpg 768w, https:\/\/www.fredonoccitanie.com\/jevi\/wp-content\/uploads\/sites\/2\/2023\/11\/Atelier-1-1-1536x1152.jpg 1536w, https:\/\/www.fredonoccitanie.com\/jevi\/wp-content\/uploads\/sites\/2\/2023\/11\/Atelier-1-1-2048x1536.jpg 2048w, https:\/\/www.fredonoccitanie.com\/jevi\/wp-content\/uploads\/sites\/2\/2023\/11\/Atelier-1-1-1500x1125.jpg 1500w, https:\/\/www.fredonoccitanie.com\/jevi\/wp-content\/uploads\/sites\/2\/2023\/11\/Atelier-1-1-705x529.jpg 705w\" sizes=\"auto, (max-width: 659px) 100vw, 659px\" \/><em><span class=\"TextRun SCXW169593257 BCX0\" lang=\"FR-FR\" xml:lang=\"FR-FR\" data-contrast=\"auto\"><span class=\"NormalTextRun SCXW169593257 BCX0\">Proposition d\u2019un des 4 groupes<\/span><\/span><span class=\"EOP SCXW169593257 BCX0\" data-ccp-props=\"{&quot;201341983&quot;:0,&quot;335559739&quot;:160,&quot;335559740&quot;:259}\">\u00a0<\/span><\/em><\/p>\n<p style=\"text-align: center\"><img loading=\"lazy\" decoding=\"async\" class=\"alignnone wp-image-13727\" src=\"https:\/\/www.fredonoccitanie.com\/jevi\/wp-content\/uploads\/sites\/2\/2023\/11\/Synthese-des-images-de-reference-300x176.jpg\" alt=\"\" width=\"731\" height=\"429\" srcset=\"https:\/\/www.fredonoccitanie.com\/jevi\/wp-content\/uploads\/sites\/2\/2023\/11\/Synthese-des-images-de-reference-300x176.jpg 300w, https:\/\/www.fredonoccitanie.com\/jevi\/wp-content\/uploads\/sites\/2\/2023\/11\/Synthese-des-images-de-reference-1030x605.jpg 1030w, https:\/\/www.fredonoccitanie.com\/jevi\/wp-content\/uploads\/sites\/2\/2023\/11\/Synthese-des-images-de-reference-768x451.jpg 768w, https:\/\/www.fredonoccitanie.com\/jevi\/wp-content\/uploads\/sites\/2\/2023\/11\/Synthese-des-images-de-reference-1536x902.jpg 1536w, https:\/\/www.fredonoccitanie.com\/jevi\/wp-content\/uploads\/sites\/2\/2023\/11\/Synthese-des-images-de-reference-2048x1202.jpg 2048w, https:\/\/www.fredonoccitanie.com\/jevi\/wp-content\/uploads\/sites\/2\/2023\/11\/Synthese-des-images-de-reference-1500x881.jpg 1500w, https:\/\/www.fredonoccitanie.com\/jevi\/wp-content\/uploads\/sites\/2\/2023\/11\/Synthese-des-images-de-reference-705x414.jpg 705w\" sizes=\"auto, (max-width: 731px) 100vw, 731px\" \/><em>Images d\u2019ambiances les plus utilis\u00e9es par les participants lors de l\u2019atelier\u00a0<\/em><\/p>\n<p><span data-contrast=\"auto\">\ud83d\udc49 Le deuxi\u00e8me atelier participatif de conception a permis de <strong>partager les regard<\/strong>s sur le c\u0153ur de village et de d\u00e9velopper des <strong>souhaits d\u2019ambiances et d\u2019usages \u00e0 venir<\/strong>. Les principes d\u2019am\u00e9nagement d\u00e9velopp\u00e9s par les participants refl\u00e8tent une mani\u00e8re de vivre ces espaces.<\/span><span data-ccp-props=\"{&quot;201341983&quot;:0,&quot;335559739&quot;:160,&quot;335559740&quot;:259}\">\u00a0<\/span><\/p>\n<p>&nbsp;<\/p>\n<h4><span data-contrast=\"none\">Mise en commun des intentions d\u2019am\u00e9nagement<\/span><span data-ccp-props=\"{&quot;201341983&quot;:0,&quot;335559739&quot;:160,&quot;335559740&quot;:257}\">\u00a0<\/span><\/h4>\n<p><span data-contrast=\"auto\">Un travail de <strong>synth\u00e8se<\/strong> des id\u00e9es \u00e9merg\u00e9es lors des ateliers participatifs a permis d\u2019aboutir \u00e0 la proposition de <strong>deux sch\u00e9mas d\u2019intentions<\/strong> <strong>paysag\u00e8res<\/strong>. Ils traduisent la parole des habitants et rendent compte des enjeux par une <strong>approche globale du centre bourg<\/strong>. Cette mise en coh\u00e9rence aide \u00e0 mieux se repr\u00e9senter les potentiels devenirs de l\u2019espace et offre un <strong>support de r\u00e9flexion et d\u2019aide \u00e0 la d\u00e9cision<\/strong> aux \u00e9lus. Ces moments ont permis de cr\u00e9er un regard commun sur les ambitions du projet entre \u00e9lus et habitants.<\/span><\/p>\n<p><span data-contrast=\"auto\"><img loading=\"lazy\" decoding=\"async\" class=\"wp-image-13726 aligncenter\" src=\"https:\/\/www.fredonoccitanie.com\/jevi\/wp-content\/uploads\/sites\/2\/2023\/11\/Scenarii-300x161.jpg\" alt=\"\" width=\"707\" height=\"379\" srcset=\"https:\/\/www.fredonoccitanie.com\/jevi\/wp-content\/uploads\/sites\/2\/2023\/11\/Scenarii-300x161.jpg 300w, https:\/\/www.fredonoccitanie.com\/jevi\/wp-content\/uploads\/sites\/2\/2023\/11\/Scenarii-1030x554.jpg 1030w, https:\/\/www.fredonoccitanie.com\/jevi\/wp-content\/uploads\/sites\/2\/2023\/11\/Scenarii-768x413.jpg 768w, https:\/\/www.fredonoccitanie.com\/jevi\/wp-content\/uploads\/sites\/2\/2023\/11\/Scenarii-1536x826.jpg 1536w, https:\/\/www.fredonoccitanie.com\/jevi\/wp-content\/uploads\/sites\/2\/2023\/11\/Scenarii-2048x1101.jpg 2048w, https:\/\/www.fredonoccitanie.com\/jevi\/wp-content\/uploads\/sites\/2\/2023\/11\/Scenarii-1500x806.jpg 1500w, https:\/\/www.fredonoccitanie.com\/jevi\/wp-content\/uploads\/sites\/2\/2023\/11\/Scenarii-705x379.jpg 705w\" sizes=\"auto, (max-width: 707px) 100vw, 707px\" \/><\/span><\/p>\n<p style=\"text-align: center\"><em><img loading=\"lazy\" decoding=\"async\" class=\"alignnone wp-image-13764\" src=\"https:\/\/www.fredonoccitanie.com\/jevi\/wp-content\/uploads\/sites\/2\/2023\/11\/Dossier_accompagnement_Bourgs_sur_Colagne_Scenarios_vf_OCTOBRE95-300x209.jpg\" alt=\"\" width=\"636\" height=\"443\" \/><\/em><\/p>\n<p>&nbsp;<\/p>\n<p style=\"text-align: center\"><img loading=\"lazy\" decoding=\"async\" class=\"alignnone wp-image-13802\" src=\"https:\/\/www.fredonoccitanie.com\/jevi\/wp-content\/uploads\/sites\/2\/2023\/11\/u-300x139.jpg\" alt=\"\" width=\"631\" height=\"292\" srcset=\"https:\/\/www.fredonoccitanie.com\/jevi\/wp-content\/uploads\/sites\/2\/2023\/11\/u-300x139.jpg 300w, https:\/\/www.fredonoccitanie.com\/jevi\/wp-content\/uploads\/sites\/2\/2023\/11\/u-1030x477.jpg 1030w, https:\/\/www.fredonoccitanie.com\/jevi\/wp-content\/uploads\/sites\/2\/2023\/11\/u-768x356.jpg 768w, https:\/\/www.fredonoccitanie.com\/jevi\/wp-content\/uploads\/sites\/2\/2023\/11\/u-1536x712.jpg 1536w, https:\/\/www.fredonoccitanie.com\/jevi\/wp-content\/uploads\/sites\/2\/2023\/11\/u-2048x949.jpg 2048w, https:\/\/www.fredonoccitanie.com\/jevi\/wp-content\/uploads\/sites\/2\/2023\/11\/u-1500x695.jpg 1500w, https:\/\/www.fredonoccitanie.com\/jevi\/wp-content\/uploads\/sites\/2\/2023\/11\/u-705x327.jpg 705w\" sizes=\"auto, (max-width: 631px) 100vw, 631px\" \/><\/p>\n<p style=\"text-align: center\"><em>Sch\u00e9mas d\u2019intentions paysag\u00e8res avec principes d\u2019am\u00e9nagement et vues dessin\u00e9es afin de proposer une projection dans l&rsquo;espace<br \/>\n<\/em><\/p>\n<p><span data-ccp-props=\"{&quot;201341983&quot;:0,&quot;335559739&quot;:160,&quot;335559740&quot;:257}\">\u00a0<\/span><\/p>\n<p><span data-contrast=\"auto\">Le parti pris est de <strong>retrouver un c\u0153ur de village davantage v\u00e9g\u00e9talis\u00e9 et enherb\u00e9<\/strong>, notamment en red\u00e9finissant les hi\u00e9rarchies de circulations et d\u2019espaces et en valorisant les qualit\u00e9s existantes du site. Les places sont confort\u00e9es comme centralit\u00e9s et les rues adoptent des principes d\u2019am\u00e9nagement communs avec une <strong>circulation apais\u00e9e<\/strong> donnant la priorit\u00e9 au pi\u00e9ton. L\u2019usage du stationnement sur les trois places est maintenu mais r\u00e9organis\u00e9 et int\u00e9gr\u00e9 aux am\u00e9nagements. La volont\u00e9 est de rendre le sol davantage<strong> perm\u00e9able<\/strong> et d\u2019accentuer la pr\u00e9sence du <strong>v\u00e9g\u00e9tal<\/strong>, avec des plantations d\u2019<strong>arbres<\/strong> ou encore de vivaces et grimpantes en pied de mur. Cette vision globale du site permet de proposer pour les diff\u00e9rentes places des intentions d\u2019am\u00e9nagements qui s\u2019inscrivent en continuit\u00e9 l\u2019une de l\u2019autre tout en conservant une <strong>coh\u00e9rence d\u2019ambiance<\/strong>.<\/span><span data-ccp-props=\"{&quot;201341983&quot;:0,&quot;335559739&quot;:160,&quot;335559740&quot;:257}\">\u00a0<\/span><\/p>\n<p><span data-ccp-props=\"{&quot;201341983&quot;:0,&quot;335559739&quot;:160,&quot;335559740&quot;:257}\">\u00a0<\/span><\/p>\n<h3><span data-contrast=\"none\">Pour la suite <\/span><span data-ccp-props=\"{&quot;134233117&quot;:false,&quot;134233118&quot;:false,&quot;201341983&quot;:0,&quot;335551550&quot;:1,&quot;335551620&quot;:1,&quot;335559685&quot;:0,&quot;335559737&quot;:0,&quot;335559738&quot;:0,&quot;335559739&quot;:160,&quot;335559740&quot;:257}\">\u00a0<\/span><\/h3>\n<p><span data-contrast=\"auto\">Cette d\u00e9marche a permis \u00e0 la municipalit\u00e9 de prendre du recul dans la r\u00e9flexion du projet et d\u2019avoir une <strong>vision d\u2019ensemble des enjeux du site<\/strong> afin de mieux consid\u00e9rer le champ des possibles. Les supports visuels produits retranscrivent le diagnostic et les \u00e9changes ayant eu lieu et permettront de transmettre ce regard aupr\u00e8s d\u2019autres acteurs (financeurs, ma\u00eetres d\u2019\u0153uvre, \u00e9lus, habitants, etc.).<\/span><span data-ccp-props=\"{&quot;201341983&quot;:0,&quot;335559739&quot;:160,&quot;335559740&quot;:257}\">\u00a0<\/span><\/p>\n<p><span data-contrast=\"auto\">La commune de Bourgs-sur-Colagne \u00e9labore aujourd\u2019hui un <strong>appel \u00e0 projet<\/strong> afin de poursuivre vers une mission de Ma\u00eetrise d\u2019\u0152uvre avec un paysagiste concepteur ou un architecte, associ\u00e9 \u00e0 des comp\u00e9tences pluridisciplinaires dans les domaines de l\u2019am\u00e9nagement.<\/span><span data-ccp-props=\"{&quot;201341983&quot;:0,&quot;335559739&quot;:160,&quot;335559740&quot;:257}\">\u00a0<\/span><\/p>\n<p>&nbsp;<\/p>\n<h4><span data-contrast=\"none\">Focus : l\u2019impact d\u2019un projet d\u2019am\u00e9nagement sur le ph\u00e9nom\u00e8ne d&rsquo;\u00eelots de chaleur urbains (ICU)<\/span><span data-ccp-props=\"{&quot;201341983&quot;:0,&quot;335559739&quot;:160,&quot;335559740&quot;:257}\">\u00a0<\/span><\/h4>\n<p>&nbsp;<\/p>\n<p style=\"text-align: center\"><img loading=\"lazy\" decoding=\"async\" class=\"alignnone wp-image-13722\" src=\"https:\/\/www.fredonoccitanie.com\/jevi\/wp-content\/uploads\/sites\/2\/2023\/11\/icu2-300x212.jpg\" alt=\"\" width=\"610\" height=\"431\" srcset=\"https:\/\/www.fredonoccitanie.com\/jevi\/wp-content\/uploads\/sites\/2\/2023\/11\/icu2-300x212.jpg 300w, https:\/\/www.fredonoccitanie.com\/jevi\/wp-content\/uploads\/sites\/2\/2023\/11\/icu2-1030x728.jpg 1030w, https:\/\/www.fredonoccitanie.com\/jevi\/wp-content\/uploads\/sites\/2\/2023\/11\/icu2-768x543.jpg 768w, https:\/\/www.fredonoccitanie.com\/jevi\/wp-content\/uploads\/sites\/2\/2023\/11\/icu2-1536x1086.jpg 1536w, https:\/\/www.fredonoccitanie.com\/jevi\/wp-content\/uploads\/sites\/2\/2023\/11\/icu2-2048x1448.jpg 2048w, https:\/\/www.fredonoccitanie.com\/jevi\/wp-content\/uploads\/sites\/2\/2023\/11\/icu2-1500x1060.jpg 1500w, https:\/\/www.fredonoccitanie.com\/jevi\/wp-content\/uploads\/sites\/2\/2023\/11\/icu2-260x185.jpg 260w, https:\/\/www.fredonoccitanie.com\/jevi\/wp-content\/uploads\/sites\/2\/2023\/11\/icu2-705x498.jpg 705w\" sizes=\"auto, (max-width: 610px) 100vw, 610px\" \/><img loading=\"lazy\" decoding=\"async\" class=\"alignnone wp-image-13736\" src=\"https:\/\/www.fredonoccitanie.com\/jevi\/wp-content\/uploads\/sites\/2\/2023\/11\/icu3-1-300x212.jpg\" alt=\"\" width=\"607\" height=\"429\" srcset=\"https:\/\/www.fredonoccitanie.com\/jevi\/wp-content\/uploads\/sites\/2\/2023\/11\/icu3-1-300x212.jpg 300w, https:\/\/www.fredonoccitanie.com\/jevi\/wp-content\/uploads\/sites\/2\/2023\/11\/icu3-1-1030x728.jpg 1030w, https:\/\/www.fredonoccitanie.com\/jevi\/wp-content\/uploads\/sites\/2\/2023\/11\/icu3-1-768x543.jpg 768w, https:\/\/www.fredonoccitanie.com\/jevi\/wp-content\/uploads\/sites\/2\/2023\/11\/icu3-1-1536x1086.jpg 1536w, https:\/\/www.fredonoccitanie.com\/jevi\/wp-content\/uploads\/sites\/2\/2023\/11\/icu3-1-2048x1448.jpg 2048w, https:\/\/www.fredonoccitanie.com\/jevi\/wp-content\/uploads\/sites\/2\/2023\/11\/icu3-1-1500x1060.jpg 1500w, https:\/\/www.fredonoccitanie.com\/jevi\/wp-content\/uploads\/sites\/2\/2023\/11\/icu3-1-260x185.jpg 260w, https:\/\/www.fredonoccitanie.com\/jevi\/wp-content\/uploads\/sites\/2\/2023\/11\/icu3-1-705x498.jpg 705w\" sizes=\"auto, (max-width: 607px) 100vw, 607px\" \/><\/p>\n<p style=\"text-align: center\"><i><span data-contrast=\"auto\">Simulation de la temp\u00e9rature de surface avant et apr\u00e8s am\u00e9nagement &#8211; Chaque point repr\u00e9sente une moyenne des temp\u00e9ratures de surface sur la journ\u00e9e du 21 juin 2021 (Cartographie r\u00e9alis\u00e9e sur QGIS avec le plugin ICE Tool).<\/span><\/i><span data-ccp-props=\"{&quot;201341983&quot;:0,&quot;335559739&quot;:160,&quot;335559740&quot;:257}\">\u00a0<\/span><\/p>\n<p><span data-ccp-props=\"{&quot;201341983&quot;:0,&quot;335551550&quot;:2,&quot;335551620&quot;:2,&quot;335559739&quot;:0,&quot;335559740&quot;:259}\">\u00a0<\/span><\/p>\n<p><span data-contrast=\"auto\">En amont du projet, une <strong>cartographique mod\u00e9lisant la temp\u00e9rature de surface<\/strong> avait \u00e9t\u00e9 r\u00e9alis\u00e9e. On y constate une moyenne des temp\u00e9ratures maximales \u00e0 presque <strong>40\u00b0C<\/strong>. A ensoleillement comparable, les espaces en enrob\u00e9 (place de la Pi\u00e9ta et de la Tour) ont une temp\u00e9rature de surface de plus de 10\u00b0C sup\u00e9rieure aux espaces en dallage clair (Place d\u2019Entraygues) et enherb\u00e9s (jardin de la biblioth\u00e8que). Une r\u00e9duction de la temp\u00e9rature s\u2019observe sur les pourtours des places, l\u00e0 o\u00f9 le b\u00e2ti permet un ombrage au cours de la journ\u00e9e. Les espaces les plus frais sont ceux expos\u00e9s nord et proches d\u2019arbres (jardins priv\u00e9s et figuier) au sud de la place d\u2019Entraygues et \u00e0 la biblioth\u00e8que.<\/span><span data-ccp-props=\"{&quot;134233117&quot;:false,&quot;134233118&quot;:false,&quot;201341983&quot;:0,&quot;335551550&quot;:1,&quot;335551620&quot;:1,&quot;335559685&quot;:0,&quot;335559737&quot;:0,&quot;335559738&quot;:0,&quot;335559739&quot;:160,&quot;335559740&quot;:257}\">\u00a0<\/span><\/p>\n<p><span data-contrast=\"auto\">Pour aller plus loin, une simulation a \u00e9t\u00e9 r\u00e9alis\u00e9e pour les scenarii propos\u00e9s. On constate une potentielle r\u00e9duction de plusieurs degr\u00e9s, gr\u00e2ce notamment au <strong>changement de rev\u00eatement et \u00e0 la v\u00e9g\u00e9talisation<\/strong> (en moyenne pr\u00e8s de <strong>10 degr\u00e9s<\/strong> de moins en temp\u00e9rature de surface).<\/span><span data-ccp-props=\"{&quot;201341983&quot;:0,&quot;335559739&quot;:160,&quot;335559740&quot;:257}\">\u00a0<\/span><\/p>\n<p><span data-contrast=\"auto\">Ce travail cartographique permet en amont de <strong>comprendre quels sont les espaces les plus soumis \u00e0 l\u2019\u00e9l\u00e9vation locale des temp\u00e9ratures de surface<\/strong> et quels sont les <strong>facteurs,<\/strong> puis de constater les am\u00e9liorations qu\u2019apportent les diff\u00e9rents scenarii d\u2019am\u00e9nagements propos\u00e9s en amont du projet.\u00a0\u00a0<\/span><span data-ccp-props=\"{&quot;201341983&quot;:0,&quot;335559739&quot;:160,&quot;335559740&quot;:257}\">\u00a0<\/span><\/p>\n<p>&nbsp;<\/p>\n<h4><\/h4>\n<p>&nbsp;<\/p>\n<p>Cette mission de conseil et d&rsquo;appui technique, financ\u00e9e par la <strong>R\u00e9gion Occitanie<\/strong>, s\u2019inscrit dans le cadre du budget participatif citoyen <a href=\"https:\/\/www.laregion.fr\/MaSolutionClimat\"><strong>\u00ab<\/strong>\u00a0<strong>Ma solution pour le climat\u00a0\u00bb<\/strong><\/a> en partenariat avec le <strong><a href=\"https:\/\/www.facebook.com\/caue48\/?locale=fr_FR\">CAUE de la Loz\u00e8re<\/a><\/strong>.<\/p>\n<p>\ud83d\udc49\u00a0 Retrouvez les ressources du CAUE en cliquant <a href=\"https:\/\/www.les-caue-occitanie.fr\/lozere\">ici<\/a>.<\/p>\n<p style=\"text-align: center\"><img loading=\"lazy\" decoding=\"async\" class=\"aligncenter wp-image-11327\" src=\"https:\/\/www.fredonoccitanie.com\/jevi\/wp-content\/uploads\/sites\/2\/2023\/01\/visuel_site_web_2_900x500px-2-300x167.png\" alt=\"\" width=\"469\" height=\"261\" srcset=\"https:\/\/www.fredonoccitanie.com\/jevi\/wp-content\/uploads\/sites\/2\/2023\/01\/visuel_site_web_2_900x500px-2-300x167.png 300w, https:\/\/www.fredonoccitanie.com\/jevi\/wp-content\/uploads\/sites\/2\/2023\/01\/visuel_site_web_2_900x500px-2-768x427.png 768w, https:\/\/www.fredonoccitanie.com\/jevi\/wp-content\/uploads\/sites\/2\/2023\/01\/visuel_site_web_2_900x500px-2-705x392.png 705w, https:\/\/www.fredonoccitanie.com\/jevi\/wp-content\/uploads\/sites\/2\/2023\/01\/visuel_site_web_2_900x500px-2.png 900w\" sizes=\"auto, (max-width: 469px) 100vw, 469px\" \/><\/p>\n<p style=\"text-align: left\">Contact : <a href=\"https:\/\/www.fredonoccitanie.com\/jevi\/contact\/\">Julie Chouvel<\/a><\/p>\n<p style=\"text-align: left\">Auteurs : Julie Chouvel FREDON Occitanie &amp; Nicolas Vignau CAUE 48<\/p>\n","protected":false},"excerpt":{"rendered":"<p>V\u00e9g\u00e9taliser et d\u00e9simperm\u00e9abiliser pour un cadre de vie plus agr\u00e9able : comment l\u2019int\u00e9gration de la population dans la d\u00e9marche d\u2019un projet d\u2019am\u00e9nagement permet-elle d\u2019imaginer le futur des espaces publics ? Le ph\u00e9nom\u00e8ne d\u2019\u00eelots de chaleur urbains (ICU) est aujourd\u2019hui bien connu des grandes villes et m\u00e9tropoles, qui d\u00e9veloppent de plus en plus de strat\u00e9gies d\u2019adaptation [&hellip;]<\/p>\n","protected":false},"author":17,"featured_media":13711,"comment_status":"closed","ping_status":"closed","sticky":false,"template":"","format":"standard","meta":{"footnotes":""},"categories":[8,2],"tags":[],"class_list":["post-13704","post","type-post","status-publish","format-standard","has-post-thumbnail","hentry","category-jevi","category-actualites-fredon"],"_links":{"self":[{"href":"https:\/\/www.fredonoccitanie.com\/jevi\/wp-json\/wp\/v2\/posts\/13704","targetHints":{"allow":["GET"]}}],"collection":[{"href":"https:\/\/www.fredonoccitanie.com\/jevi\/wp-json\/wp\/v2\/posts"}],"about":[{"href":"https:\/\/www.fredonoccitanie.com\/jevi\/wp-json\/wp\/v2\/types\/post"}],"author":[{"embeddable":true,"href":"https:\/\/www.fredonoccitanie.com\/jevi\/wp-json\/wp\/v2\/users\/17"}],"replies":[{"embeddable":true,"href":"https:\/\/www.fredonoccitanie.com\/jevi\/wp-json\/wp\/v2\/comments?post=13704"}],"version-history":[{"count":5,"href":"https:\/\/www.fredonoccitanie.com\/jevi\/wp-json\/wp\/v2\/posts\/13704\/revisions"}],"predecessor-version":[{"id":13968,"href":"https:\/\/www.fredonoccitanie.com\/jevi\/wp-json\/wp\/v2\/posts\/13704\/revisions\/13968"}],"wp:featuredmedia":[{"embeddable":true,"href":"https:\/\/www.fredonoccitanie.com\/jevi\/wp-json\/wp\/v2\/media\/13711"}],"wp:attachment":[{"href":"https:\/\/www.fredonoccitanie.com\/jevi\/wp-json\/wp\/v2\/media?parent=13704"}],"wp:term":[{"taxonomy":"category","embeddable":true,"href":"https:\/\/www.fredonoccitanie.com\/jevi\/wp-json\/wp\/v2\/categories?post=13704"},{"taxonomy":"post_tag","embeddable":true,"href":"https:\/\/www.fredonoccitanie.com\/jevi\/wp-json\/wp\/v2\/tags?post=13704"}],"curies":[{"name":"wp","href":"https:\/\/api.w.org\/{rel}","templated":true}]}}