{"id":13632,"date":"2023-11-20T13:02:40","date_gmt":"2023-11-20T12:02:40","guid":{"rendered":"https:\/\/www.fredonoccitanie.com\/jevi\/?p=13632"},"modified":"2023-12-21T15:37:23","modified_gmt":"2023-12-21T14:37:23","slug":"icu-demarche-participative-et-vegetalisation-du-cimetiere-de-prats-de-mollo-la-preste-pyrenees-orientales","status":"publish","type":"post","link":"https:\/\/www.fredonoccitanie.com\/jevi\/2023\/11\/20\/icu-demarche-participative-et-vegetalisation-du-cimetiere-de-prats-de-mollo-la-preste-pyrenees-orientales\/","title":{"rendered":"[ICU] D\u00e9marche participative et v\u00e9g\u00e9talisation du cimeti\u00e8re de Prats-de-Mollo La-Preste (Pyr\u00e9n\u00e9es-Orientales)"},"content":{"rendered":"<h3 style=\"text-align: center\">Ce mercredi 8 novembre, les habitants de Prats-de-Mollo La-Preste se sont r\u00e9unis \u00e0 l&rsquo;occasion d&rsquo;un chantier de plantation participatif au cimeti\u00e8re communal.<\/h3>\n<h3 style=\"text-align: center\">Depuis le d\u00e9but d&rsquo;ann\u00e9e 2023, ce village catalan d&rsquo;un peu plus de 1000 habitants a entam\u00e9 une d\u00e9marche de v\u00e9g\u00e9talisation de son cimeti\u00e8re. Un accompagnement par FREDON Occitanie et le CAUE des Pyr\u00e9n\u00e9es-Orientales a permis d&rsquo;amorcer une r\u00e9flexion paysag\u00e8re pour l&rsquo;am\u00e9nagement de ce site et d&rsquo;impulser une d\u00e9marche de v\u00e9g\u00e9talisation citoyenne. Deux<strong> ateliers de concertation<\/strong> avec les habitants et la commune avaient \u00e9t\u00e9 organis\u00e9s en amont du chantier.<\/h3>\n<p>&nbsp;<\/p>\n<p><img loading=\"lazy\" decoding=\"async\" class=\"wp-image-13647 aligncenter\" style=\"font-size: 14px;font-weight: 600\" src=\"https:\/\/www.fredonoccitanie.com\/jevi\/wp-content\/uploads\/sites\/2\/2023\/11\/plantation-3-1-300x200.jpg\" alt=\"\" width=\"491\" height=\"327\" srcset=\"https:\/\/www.fredonoccitanie.com\/jevi\/wp-content\/uploads\/sites\/2\/2023\/11\/plantation-3-1-300x200.jpg 300w, https:\/\/www.fredonoccitanie.com\/jevi\/wp-content\/uploads\/sites\/2\/2023\/11\/plantation-3-1-1030x687.jpg 1030w, https:\/\/www.fredonoccitanie.com\/jevi\/wp-content\/uploads\/sites\/2\/2023\/11\/plantation-3-1-768x512.jpg 768w, https:\/\/www.fredonoccitanie.com\/jevi\/wp-content\/uploads\/sites\/2\/2023\/11\/plantation-3-1-1536x1024.jpg 1536w, https:\/\/www.fredonoccitanie.com\/jevi\/wp-content\/uploads\/sites\/2\/2023\/11\/plantation-3-1-2048x1365.jpg 2048w, https:\/\/www.fredonoccitanie.com\/jevi\/wp-content\/uploads\/sites\/2\/2023\/11\/plantation-3-1-1500x1000.jpg 1500w, https:\/\/www.fredonoccitanie.com\/jevi\/wp-content\/uploads\/sites\/2\/2023\/11\/plantation-3-1-705x470.jpg 705w\" sizes=\"auto, (max-width: 491px) 100vw, 491px\" \/><\/p>\n<p style=\"text-align: left\">Cette journ\u00e9e a \u00e9t\u00e9 l\u2019occasion de planter en <strong>pleine terre<\/strong> des <strong>grimpantes<\/strong>, <strong>arbustes,<\/strong>\u00a0<strong>vivaces\u00a0<\/strong>ou encore<strong> framboisiers<\/strong> et <strong>cassissiers<\/strong>\u00a0entre les tombes, en pied de mur et sur certaines fa\u00e7ades pour <strong>embellir et rafra\u00eechir l&rsquo;espace<\/strong>.\u00a0Cet atelier r\u00e9sulte d&rsquo;un travail men\u00e9 cette ann\u00e9e avec la <strong>commune<\/strong> et les <strong>services techniques<\/strong>, le Conseil d\u2019Architecture d\u2019Urbanisme et d\u2019Environnement des Pyr\u00e9n\u00e9es-Orientales (<strong>CAUE<\/strong>), <strong>FREDON Occitanie<\/strong> et les <strong>habitants<\/strong> de la commune. Deux ateliers participatifs avec la population et un travail de <strong>diagnostic<\/strong> ont permis d\u2019identifier en amont les besoins en termes de v\u00e9g\u00e9talisation du cimeti\u00e8re ainsi que les espaces disponibles pour planter. Plusieurs pr\u00e9conisations sur la gestion et l&rsquo;am\u00e9nagement du cimeti\u00e8re ont \u00e9t\u00e9 r\u00e9alis\u00e9es en parall\u00e8le de sa v\u00e9g\u00e9talisation.<\/p>\n<p>&nbsp;<\/p>\n<p style=\"text-align: center\"><img loading=\"lazy\" decoding=\"async\" class=\"wp-image-13641 alignnone\" src=\"https:\/\/www.fredonoccitanie.com\/jevi\/wp-content\/uploads\/sites\/2\/2023\/11\/A-4-225x300.jpg\" alt=\"\" width=\"303\" height=\"404\" srcset=\"https:\/\/www.fredonoccitanie.com\/jevi\/wp-content\/uploads\/sites\/2\/2023\/11\/A-4-225x300.jpg 225w, https:\/\/www.fredonoccitanie.com\/jevi\/wp-content\/uploads\/sites\/2\/2023\/11\/A-4-773x1030.jpg 773w, https:\/\/www.fredonoccitanie.com\/jevi\/wp-content\/uploads\/sites\/2\/2023\/11\/A-4-768x1024.jpg 768w, https:\/\/www.fredonoccitanie.com\/jevi\/wp-content\/uploads\/sites\/2\/2023\/11\/A-4-1152x1536.jpg 1152w, https:\/\/www.fredonoccitanie.com\/jevi\/wp-content\/uploads\/sites\/2\/2023\/11\/A-4-1536x2048.jpg 1536w, https:\/\/www.fredonoccitanie.com\/jevi\/wp-content\/uploads\/sites\/2\/2023\/11\/A-4-1125x1500.jpg 1125w, https:\/\/www.fredonoccitanie.com\/jevi\/wp-content\/uploads\/sites\/2\/2023\/11\/A-4-529x705.jpg 529w, https:\/\/www.fredonoccitanie.com\/jevi\/wp-content\/uploads\/sites\/2\/2023\/11\/A-4-scaled.jpg 1920w\" sizes=\"auto, (max-width: 303px) 100vw, 303px\" \/>\u00a0 \u00a0<img loading=\"lazy\" decoding=\"async\" class=\"wp-image-13640 alignnone\" src=\"https:\/\/www.fredonoccitanie.com\/jevi\/wp-content\/uploads\/sites\/2\/2023\/11\/A-1-225x300.jpg\" alt=\"\" width=\"303\" height=\"404\" srcset=\"https:\/\/www.fredonoccitanie.com\/jevi\/wp-content\/uploads\/sites\/2\/2023\/11\/A-1-225x300.jpg 225w, https:\/\/www.fredonoccitanie.com\/jevi\/wp-content\/uploads\/sites\/2\/2023\/11\/A-1-773x1030.jpg 773w, https:\/\/www.fredonoccitanie.com\/jevi\/wp-content\/uploads\/sites\/2\/2023\/11\/A-1-768x1024.jpg 768w, https:\/\/www.fredonoccitanie.com\/jevi\/wp-content\/uploads\/sites\/2\/2023\/11\/A-1-1152x1536.jpg 1152w, https:\/\/www.fredonoccitanie.com\/jevi\/wp-content\/uploads\/sites\/2\/2023\/11\/A-1-1536x2048.jpg 1536w, https:\/\/www.fredonoccitanie.com\/jevi\/wp-content\/uploads\/sites\/2\/2023\/11\/A-1-1125x1500.jpg 1125w, https:\/\/www.fredonoccitanie.com\/jevi\/wp-content\/uploads\/sites\/2\/2023\/11\/A-1-529x705.jpg 529w, https:\/\/www.fredonoccitanie.com\/jevi\/wp-content\/uploads\/sites\/2\/2023\/11\/A-1-scaled.jpg 1920w\" sizes=\"auto, (max-width: 303px) 100vw, 303px\" \/><\/p>\n<p style=\"text-align: center\"><em>R\u00e9ception des v\u00e9g\u00e9taux et tri selon leur emplacement de plantation (partie ancienne ou extension r\u00e9cente du cimeti\u00e8re).<\/em><\/p>\n<p style=\"text-align: center\"><img loading=\"lazy\" decoding=\"async\" class=\"wp-image-13675 alignnone\" src=\"https:\/\/www.fredonoccitanie.com\/jevi\/wp-content\/uploads\/sites\/2\/2023\/11\/zoom-plantation-2-1-200x300.jpg\" alt=\"\" width=\"283\" height=\"425\" srcset=\"https:\/\/www.fredonoccitanie.com\/jevi\/wp-content\/uploads\/sites\/2\/2023\/11\/zoom-plantation-2-1-200x300.jpg 200w, https:\/\/www.fredonoccitanie.com\/jevi\/wp-content\/uploads\/sites\/2\/2023\/11\/zoom-plantation-2-1-687x1030.jpg 687w, https:\/\/www.fredonoccitanie.com\/jevi\/wp-content\/uploads\/sites\/2\/2023\/11\/zoom-plantation-2-1-768x1152.jpg 768w, https:\/\/www.fredonoccitanie.com\/jevi\/wp-content\/uploads\/sites\/2\/2023\/11\/zoom-plantation-2-1-1024x1536.jpg 1024w, https:\/\/www.fredonoccitanie.com\/jevi\/wp-content\/uploads\/sites\/2\/2023\/11\/zoom-plantation-2-1-1365x2048.jpg 1365w, https:\/\/www.fredonoccitanie.com\/jevi\/wp-content\/uploads\/sites\/2\/2023\/11\/zoom-plantation-2-1-1000x1500.jpg 1000w, https:\/\/www.fredonoccitanie.com\/jevi\/wp-content\/uploads\/sites\/2\/2023\/11\/zoom-plantation-2-1-470x705.jpg 470w, https:\/\/www.fredonoccitanie.com\/jevi\/wp-content\/uploads\/sites\/2\/2023\/11\/zoom-plantation-2-1-scaled.jpg 1707w\" sizes=\"auto, (max-width: 283px) 100vw, 283px\" \/>\u00a0 \u00a0<img loading=\"lazy\" decoding=\"async\" class=\"wp-image-13680 alignnone\" src=\"https:\/\/www.fredonoccitanie.com\/jevi\/wp-content\/uploads\/sites\/2\/2023\/11\/zoom-2-3-225x300.jpg\" alt=\"\" width=\"316\" height=\"422\" srcset=\"https:\/\/www.fredonoccitanie.com\/jevi\/wp-content\/uploads\/sites\/2\/2023\/11\/zoom-2-3-225x300.jpg 225w, https:\/\/www.fredonoccitanie.com\/jevi\/wp-content\/uploads\/sites\/2\/2023\/11\/zoom-2-3-773x1030.jpg 773w, https:\/\/www.fredonoccitanie.com\/jevi\/wp-content\/uploads\/sites\/2\/2023\/11\/zoom-2-3-768x1024.jpg 768w, https:\/\/www.fredonoccitanie.com\/jevi\/wp-content\/uploads\/sites\/2\/2023\/11\/zoom-2-3-1152x1536.jpg 1152w, https:\/\/www.fredonoccitanie.com\/jevi\/wp-content\/uploads\/sites\/2\/2023\/11\/zoom-2-3-1536x2048.jpg 1536w, https:\/\/www.fredonoccitanie.com\/jevi\/wp-content\/uploads\/sites\/2\/2023\/11\/zoom-2-3-1125x1500.jpg 1125w, https:\/\/www.fredonoccitanie.com\/jevi\/wp-content\/uploads\/sites\/2\/2023\/11\/zoom-2-3-529x705.jpg 529w, https:\/\/www.fredonoccitanie.com\/jevi\/wp-content\/uploads\/sites\/2\/2023\/11\/zoom-2-3-scaled.jpg 1920w\" sizes=\"auto, (max-width: 316px) 100vw, 316px\" \/><\/p>\n<p style=\"text-align: center\"><img loading=\"lazy\" decoding=\"async\" class=\"wp-image-13661 alignnone\" src=\"https:\/\/www.fredonoccitanie.com\/jevi\/wp-content\/uploads\/sites\/2\/2023\/11\/zoom-plantation-1-200x300.jpg\" alt=\"\" width=\"282\" height=\"424\" srcset=\"https:\/\/www.fredonoccitanie.com\/jevi\/wp-content\/uploads\/sites\/2\/2023\/11\/zoom-plantation-1-200x300.jpg 200w, https:\/\/www.fredonoccitanie.com\/jevi\/wp-content\/uploads\/sites\/2\/2023\/11\/zoom-plantation-1-687x1030.jpg 687w, https:\/\/www.fredonoccitanie.com\/jevi\/wp-content\/uploads\/sites\/2\/2023\/11\/zoom-plantation-1-768x1152.jpg 768w, https:\/\/www.fredonoccitanie.com\/jevi\/wp-content\/uploads\/sites\/2\/2023\/11\/zoom-plantation-1-1024x1536.jpg 1024w, https:\/\/www.fredonoccitanie.com\/jevi\/wp-content\/uploads\/sites\/2\/2023\/11\/zoom-plantation-1-1365x2048.jpg 1365w, https:\/\/www.fredonoccitanie.com\/jevi\/wp-content\/uploads\/sites\/2\/2023\/11\/zoom-plantation-1-1000x1500.jpg 1000w, https:\/\/www.fredonoccitanie.com\/jevi\/wp-content\/uploads\/sites\/2\/2023\/11\/zoom-plantation-1-470x705.jpg 470w, https:\/\/www.fredonoccitanie.com\/jevi\/wp-content\/uploads\/sites\/2\/2023\/11\/zoom-plantation-1-scaled.jpg 1707w\" sizes=\"auto, (max-width: 282px) 100vw, 282px\" \/>\u00a0 \u00a0<img loading=\"lazy\" decoding=\"async\" class=\"wp-image-13666 alignnone\" src=\"https:\/\/www.fredonoccitanie.com\/jevi\/wp-content\/uploads\/sites\/2\/2023\/11\/zoom-1-225x300.jpg\" alt=\"\" width=\"315\" height=\"420\" srcset=\"https:\/\/www.fredonoccitanie.com\/jevi\/wp-content\/uploads\/sites\/2\/2023\/11\/zoom-1-225x300.jpg 225w, https:\/\/www.fredonoccitanie.com\/jevi\/wp-content\/uploads\/sites\/2\/2023\/11\/zoom-1-773x1030.jpg 773w, https:\/\/www.fredonoccitanie.com\/jevi\/wp-content\/uploads\/sites\/2\/2023\/11\/zoom-1-768x1024.jpg 768w, https:\/\/www.fredonoccitanie.com\/jevi\/wp-content\/uploads\/sites\/2\/2023\/11\/zoom-1-1152x1536.jpg 1152w, https:\/\/www.fredonoccitanie.com\/jevi\/wp-content\/uploads\/sites\/2\/2023\/11\/zoom-1-1536x2048.jpg 1536w, https:\/\/www.fredonoccitanie.com\/jevi\/wp-content\/uploads\/sites\/2\/2023\/11\/zoom-1-1125x1500.jpg 1125w, https:\/\/www.fredonoccitanie.com\/jevi\/wp-content\/uploads\/sites\/2\/2023\/11\/zoom-1-529x705.jpg 529w, https:\/\/www.fredonoccitanie.com\/jevi\/wp-content\/uploads\/sites\/2\/2023\/11\/zoom-1-scaled.jpg 1920w\" sizes=\"auto, (max-width: 315px) 100vw, 315px\" \/><\/p>\n<h6 style=\"text-align: center\">\ud83d\udc49\u00a0 Au total, ce sont 75 v\u00e9g\u00e9taux qui ont \u00e9t\u00e9 plant\u00e9s par une quinzaine de participants.<\/h6>\n<p style=\"text-align: left\">Au <strong>printemps<\/strong>, le jardin du souvenir ainsi que plusieurs pieds de murets seront sem\u00e9s de m\u00e9langes de graines de type<strong> prairie fleurie<\/strong>. Deux arbres de Jud\u00e9e viendront \u00e9galement apporter un peu d&rsquo;ombrage dans le cimeti\u00e8re.<\/p>\n<p><img loading=\"lazy\" decoding=\"async\" class=\"wp-image-13645 aligncenter\" src=\"https:\/\/www.fredonoccitanie.com\/jevi\/wp-content\/uploads\/sites\/2\/2023\/11\/banc-300x200.jpg\" alt=\"\" width=\"492\" height=\"328\" srcset=\"https:\/\/www.fredonoccitanie.com\/jevi\/wp-content\/uploads\/sites\/2\/2023\/11\/banc-300x200.jpg 300w, https:\/\/www.fredonoccitanie.com\/jevi\/wp-content\/uploads\/sites\/2\/2023\/11\/banc-1030x687.jpg 1030w, https:\/\/www.fredonoccitanie.com\/jevi\/wp-content\/uploads\/sites\/2\/2023\/11\/banc-768x512.jpg 768w, https:\/\/www.fredonoccitanie.com\/jevi\/wp-content\/uploads\/sites\/2\/2023\/11\/banc-1536x1024.jpg 1536w, https:\/\/www.fredonoccitanie.com\/jevi\/wp-content\/uploads\/sites\/2\/2023\/11\/banc-2048x1365.jpg 2048w, https:\/\/www.fredonoccitanie.com\/jevi\/wp-content\/uploads\/sites\/2\/2023\/11\/banc-1500x1000.jpg 1500w, https:\/\/www.fredonoccitanie.com\/jevi\/wp-content\/uploads\/sites\/2\/2023\/11\/banc-705x470.jpg 705w\" sizes=\"auto, (max-width: 492px) 100vw, 492px\" \/><\/p>\n<p><img loading=\"lazy\" decoding=\"async\" class=\"wp-image-13654 aligncenter\" src=\"https:\/\/www.fredonoccitanie.com\/jevi\/wp-content\/uploads\/sites\/2\/2023\/11\/realisation-300x200.jpg\" alt=\"\" width=\"494\" height=\"329\" srcset=\"https:\/\/www.fredonoccitanie.com\/jevi\/wp-content\/uploads\/sites\/2\/2023\/11\/realisation-300x200.jpg 300w, https:\/\/www.fredonoccitanie.com\/jevi\/wp-content\/uploads\/sites\/2\/2023\/11\/realisation-1030x687.jpg 1030w, https:\/\/www.fredonoccitanie.com\/jevi\/wp-content\/uploads\/sites\/2\/2023\/11\/realisation-768x512.jpg 768w, https:\/\/www.fredonoccitanie.com\/jevi\/wp-content\/uploads\/sites\/2\/2023\/11\/realisation-1536x1024.jpg 1536w, https:\/\/www.fredonoccitanie.com\/jevi\/wp-content\/uploads\/sites\/2\/2023\/11\/realisation-2048x1365.jpg 2048w, https:\/\/www.fredonoccitanie.com\/jevi\/wp-content\/uploads\/sites\/2\/2023\/11\/realisation-1500x1000.jpg 1500w, https:\/\/www.fredonoccitanie.com\/jevi\/wp-content\/uploads\/sites\/2\/2023\/11\/realisation-705x470.jpg 705w\" sizes=\"auto, (max-width: 494px) 100vw, 494px\" \/><\/p>\n<p style=\"text-align: center\"><em>Des bancs ont \u00e9t\u00e9 dispos\u00e9s \u00e0 diff\u00e9rents endroits du cimeti\u00e8re afin d&rsquo;offrir aux habitants la possibilit\u00e9 de se recueillir et de profiter du cadre de vie agr\u00e9able du lieu, entour\u00e9 de montagnes, d&rsquo;un patrimoine b\u00e2ti de qualit\u00e9 et d\u00e9sormais de v\u00e9g\u00e9taux.\u00a0<\/em><\/p>\n<p style=\"text-align: center\"><img loading=\"lazy\" decoding=\"async\" class=\"alignnone wp-image-13643\" src=\"https:\/\/www.fredonoccitanie.com\/jevi\/wp-content\/uploads\/sites\/2\/2023\/11\/angle-1-300x200.jpg\" alt=\"\" width=\"418\" height=\"279\" srcset=\"https:\/\/www.fredonoccitanie.com\/jevi\/wp-content\/uploads\/sites\/2\/2023\/11\/angle-1-300x200.jpg 300w, https:\/\/www.fredonoccitanie.com\/jevi\/wp-content\/uploads\/sites\/2\/2023\/11\/angle-1-1030x687.jpg 1030w, https:\/\/www.fredonoccitanie.com\/jevi\/wp-content\/uploads\/sites\/2\/2023\/11\/angle-1-768x512.jpg 768w, https:\/\/www.fredonoccitanie.com\/jevi\/wp-content\/uploads\/sites\/2\/2023\/11\/angle-1-1536x1024.jpg 1536w, https:\/\/www.fredonoccitanie.com\/jevi\/wp-content\/uploads\/sites\/2\/2023\/11\/angle-1-2048x1365.jpg 2048w, https:\/\/www.fredonoccitanie.com\/jevi\/wp-content\/uploads\/sites\/2\/2023\/11\/angle-1-1500x1000.jpg 1500w, https:\/\/www.fredonoccitanie.com\/jevi\/wp-content\/uploads\/sites\/2\/2023\/11\/angle-1-705x470.jpg 705w\" sizes=\"auto, (max-width: 418px) 100vw, 418px\" \/><\/p>\n<p style=\"text-align: center\"><img loading=\"lazy\" decoding=\"async\" class=\"alignnone wp-image-13649\" src=\"https:\/\/www.fredonoccitanie.com\/jevi\/wp-content\/uploads\/sites\/2\/2023\/11\/plantation-5-300x200.jpg\" alt=\"\" width=\"416\" height=\"277\" srcset=\"https:\/\/www.fredonoccitanie.com\/jevi\/wp-content\/uploads\/sites\/2\/2023\/11\/plantation-5-300x200.jpg 300w, https:\/\/www.fredonoccitanie.com\/jevi\/wp-content\/uploads\/sites\/2\/2023\/11\/plantation-5-1030x687.jpg 1030w, https:\/\/www.fredonoccitanie.com\/jevi\/wp-content\/uploads\/sites\/2\/2023\/11\/plantation-5-768x512.jpg 768w, https:\/\/www.fredonoccitanie.com\/jevi\/wp-content\/uploads\/sites\/2\/2023\/11\/plantation-5-1536x1024.jpg 1536w, https:\/\/www.fredonoccitanie.com\/jevi\/wp-content\/uploads\/sites\/2\/2023\/11\/plantation-5-2048x1365.jpg 2048w, https:\/\/www.fredonoccitanie.com\/jevi\/wp-content\/uploads\/sites\/2\/2023\/11\/plantation-5-1500x1000.jpg 1500w, https:\/\/www.fredonoccitanie.com\/jevi\/wp-content\/uploads\/sites\/2\/2023\/11\/plantation-5-705x470.jpg 705w\" sizes=\"auto, (max-width: 416px) 100vw, 416px\" \/><\/p>\n<p style=\"text-align: center\">\u00a0<img loading=\"lazy\" decoding=\"async\" class=\"alignnone wp-image-13669\" src=\"https:\/\/www.fredonoccitanie.com\/jevi\/wp-content\/uploads\/sites\/2\/2023\/11\/plantation-4-1-300x200.jpg\" alt=\"\" width=\"418\" height=\"278\" srcset=\"https:\/\/www.fredonoccitanie.com\/jevi\/wp-content\/uploads\/sites\/2\/2023\/11\/plantation-4-1-300x200.jpg 300w, https:\/\/www.fredonoccitanie.com\/jevi\/wp-content\/uploads\/sites\/2\/2023\/11\/plantation-4-1-1030x687.jpg 1030w, https:\/\/www.fredonoccitanie.com\/jevi\/wp-content\/uploads\/sites\/2\/2023\/11\/plantation-4-1-768x512.jpg 768w, https:\/\/www.fredonoccitanie.com\/jevi\/wp-content\/uploads\/sites\/2\/2023\/11\/plantation-4-1-1536x1024.jpg 1536w, https:\/\/www.fredonoccitanie.com\/jevi\/wp-content\/uploads\/sites\/2\/2023\/11\/plantation-4-1-2048x1365.jpg 2048w, https:\/\/www.fredonoccitanie.com\/jevi\/wp-content\/uploads\/sites\/2\/2023\/11\/plantation-4-1-1500x1000.jpg 1500w, https:\/\/www.fredonoccitanie.com\/jevi\/wp-content\/uploads\/sites\/2\/2023\/11\/plantation-4-1-705x470.jpg 705w\" sizes=\"auto, (max-width: 418px) 100vw, 418px\" \/><\/p>\n<p style=\"text-align: left\">Cette journ\u00e9e est le t\u00e9moin d&rsquo;un bel engagement de la part des habitants, de la commune et des services techniques. Ce moment a \u00e9t\u00e9 l\u2019occasion de se rencontrer et d\u2019\u00e9changer, de cr\u00e9er un\u00a0 instant <strong>convivial et de partage<\/strong> qui s&rsquo;est cl\u00f4tur\u00e9 par un gouter.<\/p>\n<p style=\"text-align: center\"><img loading=\"lazy\" decoding=\"async\" class=\"wp-image-13678 alignnone\" src=\"https:\/\/www.fredonoccitanie.com\/jevi\/wp-content\/uploads\/sites\/2\/2023\/11\/y-3-2-200x300.jpg\" alt=\"\" width=\"263\" height=\"395\" srcset=\"https:\/\/www.fredonoccitanie.com\/jevi\/wp-content\/uploads\/sites\/2\/2023\/11\/y-3-2-200x300.jpg 200w, https:\/\/www.fredonoccitanie.com\/jevi\/wp-content\/uploads\/sites\/2\/2023\/11\/y-3-2-687x1030.jpg 687w, https:\/\/www.fredonoccitanie.com\/jevi\/wp-content\/uploads\/sites\/2\/2023\/11\/y-3-2-768x1152.jpg 768w, https:\/\/www.fredonoccitanie.com\/jevi\/wp-content\/uploads\/sites\/2\/2023\/11\/y-3-2-1024x1536.jpg 1024w, https:\/\/www.fredonoccitanie.com\/jevi\/wp-content\/uploads\/sites\/2\/2023\/11\/y-3-2-1365x2048.jpg 1365w, https:\/\/www.fredonoccitanie.com\/jevi\/wp-content\/uploads\/sites\/2\/2023\/11\/y-3-2-1000x1500.jpg 1000w, https:\/\/www.fredonoccitanie.com\/jevi\/wp-content\/uploads\/sites\/2\/2023\/11\/y-3-2-470x705.jpg 470w, https:\/\/www.fredonoccitanie.com\/jevi\/wp-content\/uploads\/sites\/2\/2023\/11\/y-3-2-scaled.jpg 1707w\" sizes=\"auto, (max-width: 263px) 100vw, 263px\" \/>\u00a0 \u00a0 \u00a0<img loading=\"lazy\" decoding=\"async\" class=\"wp-image-13657 alignnone\" src=\"https:\/\/www.fredonoccitanie.com\/jevi\/wp-content\/uploads\/sites\/2\/2023\/11\/y-2-200x300.jpg\" alt=\"\" width=\"263\" height=\"395\" srcset=\"https:\/\/www.fredonoccitanie.com\/jevi\/wp-content\/uploads\/sites\/2\/2023\/11\/y-2-200x300.jpg 200w, https:\/\/www.fredonoccitanie.com\/jevi\/wp-content\/uploads\/sites\/2\/2023\/11\/y-2-687x1030.jpg 687w, https:\/\/www.fredonoccitanie.com\/jevi\/wp-content\/uploads\/sites\/2\/2023\/11\/y-2-768x1152.jpg 768w, https:\/\/www.fredonoccitanie.com\/jevi\/wp-content\/uploads\/sites\/2\/2023\/11\/y-2-1024x1536.jpg 1024w, https:\/\/www.fredonoccitanie.com\/jevi\/wp-content\/uploads\/sites\/2\/2023\/11\/y-2-1365x2048.jpg 1365w, https:\/\/www.fredonoccitanie.com\/jevi\/wp-content\/uploads\/sites\/2\/2023\/11\/y-2-1000x1500.jpg 1000w, https:\/\/www.fredonoccitanie.com\/jevi\/wp-content\/uploads\/sites\/2\/2023\/11\/y-2-470x705.jpg 470w, https:\/\/www.fredonoccitanie.com\/jevi\/wp-content\/uploads\/sites\/2\/2023\/11\/y-2-scaled.jpg 1707w\" sizes=\"auto, (max-width: 263px) 100vw, 263px\" \/><\/p>\n<p style=\"text-align: center\"><em>Visite des plantations r\u00e9alis\u00e9es en fin d&rsquo;atelier, ici de plusieurs arbustes pour d\u00e9limiter le cimeti\u00e8re du contrebas (gauche) et d&rsquo;un arbousier (droite)\u00a0<\/em><\/p>\n<p>&nbsp;<\/p>\n<p style=\"text-align: left\">\ud83d\udc49 Pour voir une partie des r\u00e9alisations un mois plus tard :<\/p>\n<div class='avia-iframe-wrap'><iframe loading=\"lazy\" title=\"V\u00e9g\u00e9talisation du cimeti\u00e8re de Prats-de-Mollo-la-Preste : PR\u00c9SENTATION DES PLANTATIONS UN MOIS APR\u00c8S\" width=\"1500\" height=\"844\" src=\"https:\/\/www.youtube.com\/embed\/N7p7VvDb_P0?feature=oembed\" frameborder=\"0\" allow=\"accelerometer; autoplay; clipboard-write; encrypted-media; gyroscope; picture-in-picture; web-share\" allowfullscreen><\/iframe><\/div>\n<p style=\"text-align: center\"><i>Vid\u00e9o film\u00e9 par Mme Paule Gorce &#8211; Mairie de Prats-de-Mollo-la-Preste<\/i><\/p>\n<p>&nbsp;<\/p>\n<p style=\"text-align: left\">Cette mission de conseil et d&rsquo;appui technique, financ\u00e9e par la <strong>R\u00e9gion Occitanie<\/strong>, s\u2019inscrit dans le cadre du budget participatif citoyen <a href=\"https:\/\/www.laregion.fr\/MaSolutionClimat\"><strong>\u00ab<\/strong>\u00a0<strong>Ma solution pour le climat\u00a0\u00bb<\/strong><\/a> en partenariat avec le <a href=\"https:\/\/www.caue66.fr\/\">CAUE des Pyr\u00e9n\u00e9es-Orientales<\/a>.<\/p>\n<p style=\"text-align: center\"><img loading=\"lazy\" decoding=\"async\" class=\"aligncenter wp-image-11327\" src=\"https:\/\/www.fredonoccitanie.com\/jevi\/wp-content\/uploads\/sites\/2\/2023\/01\/visuel_site_web_2_900x500px-2-300x167.png\" alt=\"\" width=\"469\" height=\"261\" srcset=\"https:\/\/www.fredonoccitanie.com\/jevi\/wp-content\/uploads\/sites\/2\/2023\/01\/visuel_site_web_2_900x500px-2-300x167.png 300w, https:\/\/www.fredonoccitanie.com\/jevi\/wp-content\/uploads\/sites\/2\/2023\/01\/visuel_site_web_2_900x500px-2-768x427.png 768w, https:\/\/www.fredonoccitanie.com\/jevi\/wp-content\/uploads\/sites\/2\/2023\/01\/visuel_site_web_2_900x500px-2-705x392.png 705w, https:\/\/www.fredonoccitanie.com\/jevi\/wp-content\/uploads\/sites\/2\/2023\/01\/visuel_site_web_2_900x500px-2.png 900w\" sizes=\"auto, (max-width: 469px) 100vw, 469px\" \/><\/p>\n<p>&nbsp;<\/p>\n<p>&nbsp;<\/p>\n<p><img loading=\"lazy\" decoding=\"async\" class=\"wp-image-13672 aligncenter\" src=\"https:\/\/www.fredonoccitanie.com\/jevi\/wp-content\/uploads\/sites\/2\/2023\/11\/vue-generale-1-300x225.jpg\" alt=\"\" width=\"445\" height=\"334\" srcset=\"https:\/\/www.fredonoccitanie.com\/jevi\/wp-content\/uploads\/sites\/2\/2023\/11\/vue-generale-1-300x225.jpg 300w, https:\/\/www.fredonoccitanie.com\/jevi\/wp-content\/uploads\/sites\/2\/2023\/11\/vue-generale-1-1030x773.jpg 1030w, https:\/\/www.fredonoccitanie.com\/jevi\/wp-content\/uploads\/sites\/2\/2023\/11\/vue-generale-1-768x576.jpg 768w, https:\/\/www.fredonoccitanie.com\/jevi\/wp-content\/uploads\/sites\/2\/2023\/11\/vue-generale-1-1536x1152.jpg 1536w, https:\/\/www.fredonoccitanie.com\/jevi\/wp-content\/uploads\/sites\/2\/2023\/11\/vue-generale-1-2048x1536.jpg 2048w, https:\/\/www.fredonoccitanie.com\/jevi\/wp-content\/uploads\/sites\/2\/2023\/11\/vue-generale-1-1500x1125.jpg 1500w, https:\/\/www.fredonoccitanie.com\/jevi\/wp-content\/uploads\/sites\/2\/2023\/11\/vue-generale-1-705x529.jpg 705w\" sizes=\"auto, (max-width: 445px) 100vw, 445px\" \/><img loading=\"lazy\" decoding=\"async\" class=\"wp-image-13677 aligncenter\" src=\"https:\/\/www.fredonoccitanie.com\/jevi\/wp-content\/uploads\/sites\/2\/2023\/11\/realisation-6-2-300x200.jpg\" alt=\"\" width=\"447\" height=\"298\" srcset=\"https:\/\/www.fredonoccitanie.com\/jevi\/wp-content\/uploads\/sites\/2\/2023\/11\/realisation-6-2-300x200.jpg 300w, https:\/\/www.fredonoccitanie.com\/jevi\/wp-content\/uploads\/sites\/2\/2023\/11\/realisation-6-2-1030x687.jpg 1030w, https:\/\/www.fredonoccitanie.com\/jevi\/wp-content\/uploads\/sites\/2\/2023\/11\/realisation-6-2-768x512.jpg 768w, https:\/\/www.fredonoccitanie.com\/jevi\/wp-content\/uploads\/sites\/2\/2023\/11\/realisation-6-2-1536x1024.jpg 1536w, https:\/\/www.fredonoccitanie.com\/jevi\/wp-content\/uploads\/sites\/2\/2023\/11\/realisation-6-2-2048x1365.jpg 2048w, https:\/\/www.fredonoccitanie.com\/jevi\/wp-content\/uploads\/sites\/2\/2023\/11\/realisation-6-2-1500x1000.jpg 1500w, https:\/\/www.fredonoccitanie.com\/jevi\/wp-content\/uploads\/sites\/2\/2023\/11\/realisation-6-2-705x470.jpg 705w\" sizes=\"auto, (max-width: 447px) 100vw, 447px\" \/> <img loading=\"lazy\" decoding=\"async\" class=\"wp-image-13667 aligncenter\" src=\"https:\/\/www.fredonoccitanie.com\/jevi\/wp-content\/uploads\/sites\/2\/2023\/11\/A-5-1-300x200.jpg\" alt=\"\" width=\"449\" height=\"299\" srcset=\"https:\/\/www.fredonoccitanie.com\/jevi\/wp-content\/uploads\/sites\/2\/2023\/11\/A-5-1-300x200.jpg 300w, https:\/\/www.fredonoccitanie.com\/jevi\/wp-content\/uploads\/sites\/2\/2023\/11\/A-5-1-1030x687.jpg 1030w, https:\/\/www.fredonoccitanie.com\/jevi\/wp-content\/uploads\/sites\/2\/2023\/11\/A-5-1-768x512.jpg 768w, https:\/\/www.fredonoccitanie.com\/jevi\/wp-content\/uploads\/sites\/2\/2023\/11\/A-5-1-1536x1024.jpg 1536w, https:\/\/www.fredonoccitanie.com\/jevi\/wp-content\/uploads\/sites\/2\/2023\/11\/A-5-1-2048x1365.jpg 2048w, https:\/\/www.fredonoccitanie.com\/jevi\/wp-content\/uploads\/sites\/2\/2023\/11\/A-5-1-1500x1000.jpg 1500w, https:\/\/www.fredonoccitanie.com\/jevi\/wp-content\/uploads\/sites\/2\/2023\/11\/A-5-1-705x470.jpg 705w\" sizes=\"auto, (max-width: 449px) 100vw, 449px\" \/><img loading=\"lazy\" decoding=\"async\" class=\"wp-image-13644 aligncenter\" src=\"https:\/\/www.fredonoccitanie.com\/jevi\/wp-content\/uploads\/sites\/2\/2023\/11\/angle-2-300x200.jpg\" alt=\"\" width=\"449\" height=\"299\" srcset=\"https:\/\/www.fredonoccitanie.com\/jevi\/wp-content\/uploads\/sites\/2\/2023\/11\/angle-2-300x200.jpg 300w, https:\/\/www.fredonoccitanie.com\/jevi\/wp-content\/uploads\/sites\/2\/2023\/11\/angle-2-1030x687.jpg 1030w, https:\/\/www.fredonoccitanie.com\/jevi\/wp-content\/uploads\/sites\/2\/2023\/11\/angle-2-768x512.jpg 768w, https:\/\/www.fredonoccitanie.com\/jevi\/wp-content\/uploads\/sites\/2\/2023\/11\/angle-2-1536x1024.jpg 1536w, https:\/\/www.fredonoccitanie.com\/jevi\/wp-content\/uploads\/sites\/2\/2023\/11\/angle-2-2048x1365.jpg 2048w, https:\/\/www.fredonoccitanie.com\/jevi\/wp-content\/uploads\/sites\/2\/2023\/11\/angle-2-1500x1000.jpg 1500w, https:\/\/www.fredonoccitanie.com\/jevi\/wp-content\/uploads\/sites\/2\/2023\/11\/angle-2-705x470.jpg 705w\" sizes=\"auto, (max-width: 449px) 100vw, 449px\" \/><\/p>\n<p>&nbsp;<\/p>\n<p style=\"text-align: left\">Contact : <a href=\"https:\/\/www.fredonoccitanie.com\/jevi\/contact\/\">Julie Chouvel<\/a><\/p>\n<p>Credit : Chouvel Julie FREDON Occitanie, Caroline Cerqueira CAUE 66<\/p>\n","protected":false},"excerpt":{"rendered":"<p>Ce mercredi 8 novembre, les habitants de Prats-de-Mollo La-Preste se sont r\u00e9unis \u00e0 l&rsquo;occasion d&rsquo;un chantier de plantation participatif au cimeti\u00e8re communal. Depuis le d\u00e9but d&rsquo;ann\u00e9e 2023, ce village catalan d&rsquo;un peu plus de 1000 habitants a entam\u00e9 une d\u00e9marche de v\u00e9g\u00e9talisation de son cimeti\u00e8re. Un accompagnement par FREDON Occitanie et le CAUE des Pyr\u00e9n\u00e9es-Orientales [&hellip;]<\/p>\n","protected":false},"author":17,"featured_media":13694,"comment_status":"closed","ping_status":"closed","sticky":false,"template":"","format":"standard","meta":{"footnotes":""},"categories":[8,2],"tags":[],"class_list":["post-13632","post","type-post","status-publish","format-standard","has-post-thumbnail","hentry","category-jevi","category-actualites-fredon"],"_links":{"self":[{"href":"https:\/\/www.fredonoccitanie.com\/jevi\/wp-json\/wp\/v2\/posts\/13632","targetHints":{"allow":["GET"]}}],"collection":[{"href":"https:\/\/www.fredonoccitanie.com\/jevi\/wp-json\/wp\/v2\/posts"}],"about":[{"href":"https:\/\/www.fredonoccitanie.com\/jevi\/wp-json\/wp\/v2\/types\/post"}],"author":[{"embeddable":true,"href":"https:\/\/www.fredonoccitanie.com\/jevi\/wp-json\/wp\/v2\/users\/17"}],"replies":[{"embeddable":true,"href":"https:\/\/www.fredonoccitanie.com\/jevi\/wp-json\/wp\/v2\/comments?post=13632"}],"version-history":[{"count":5,"href":"https:\/\/www.fredonoccitanie.com\/jevi\/wp-json\/wp\/v2\/posts\/13632\/revisions"}],"predecessor-version":[{"id":13969,"href":"https:\/\/www.fredonoccitanie.com\/jevi\/wp-json\/wp\/v2\/posts\/13632\/revisions\/13969"}],"wp:featuredmedia":[{"embeddable":true,"href":"https:\/\/www.fredonoccitanie.com\/jevi\/wp-json\/wp\/v2\/media\/13694"}],"wp:attachment":[{"href":"https:\/\/www.fredonoccitanie.com\/jevi\/wp-json\/wp\/v2\/media?parent=13632"}],"wp:term":[{"taxonomy":"category","embeddable":true,"href":"https:\/\/www.fredonoccitanie.com\/jevi\/wp-json\/wp\/v2\/categories?post=13632"},{"taxonomy":"post_tag","embeddable":true,"href":"https:\/\/www.fredonoccitanie.com\/jevi\/wp-json\/wp\/v2\/tags?post=13632"}],"curies":[{"name":"wp","href":"https:\/\/api.w.org\/{rel}","templated":true}]}}