{"id":13586,"date":"2023-11-10T17:40:05","date_gmt":"2023-11-10T16:40:05","guid":{"rendered":"https:\/\/www.fredonoccitanie.com\/jevi\/?p=13586"},"modified":"2023-11-13T14:41:24","modified_gmt":"2023-11-13T13:41:24","slug":"bsv-jevi-un-nouveau-site-pour-le-bulletin-de-sante-du-vegetal-occitanie","status":"publish","type":"post","link":"https:\/\/www.fredonoccitanie.com\/jevi\/2023\/11\/10\/bsv-jevi-un-nouveau-site-pour-le-bulletin-de-sante-du-vegetal-occitanie\/","title":{"rendered":"[BSV JEVI] &#8211; Un nouveau site pour le Bulletin de Sant\u00e9 du V\u00e9g\u00e9tal Occitanie"},"content":{"rendered":"<h1 style=\"text-align: center;\">Participer au BSV JEVI Occitanie en tant qu&rsquo;observateur !<\/h1>\n<p>&nbsp;<\/p>\n<p>&nbsp;<\/p>\n<p>Le <strong>nouveau site du BSV JEVI Occitanie<\/strong> anim\u00e9 par FREDON Occitanie et sous la direction du SRAL DRAAF Occitanie est d\u00e9sormais accessible.<\/p>\n<p>Retrouvez les esp\u00e8ces que nous suivons \u00e0 travers le BSV JEVI Occitanie et partager vos observations r\u00e9alis\u00e9es dans vos jardins et Espaces v\u00e9g\u00e9talis\u00e9s.<\/p>\n<p style=\"text-align: center;\"><a href=\"https:\/\/www.fredonoccitanie.com\/surveillance\/espace-non-agricole\/bsv-jevi-2&quot;\">&gt;&gt; Consultez le site du Bulletin de Sant\u00e9 du V\u00e9g\u00e9tal Occitanie; \u00ab\u00a0<\/a><\/p>\n<h5 style=\"text-align: center;\"><a href=\"https:\/\/fredonoccitanie189-my.sharepoint.com\/:b:\/g\/personal\/f_martel_fredon-occitanie_fr\/EatOPc4XynJFvPeanbnQjCEB1uJ3o0WDdOlFnRASHfF0sA?e=BHmGKX&quot;\">&gt;&gt; T\u00e9l\u00e9charger la plaquette d&rsquo;information &lt;&lt; \u00ab\u00a0<\/a><\/h5>\n<p><img loading=\"lazy\" decoding=\"async\" class=\"size-full wp-image-13621 aligncenter\" src=\"https:\/\/www.fredonoccitanie.com\/jevi\/wp-content\/uploads\/sites\/2\/2023\/11\/bsv.png\" alt=\"\" width=\"468\" height=\"641\" srcset=\"https:\/\/www.fredonoccitanie.com\/jevi\/wp-content\/uploads\/sites\/2\/2023\/11\/bsv.png 468w, https:\/\/www.fredonoccitanie.com\/jevi\/wp-content\/uploads\/sites\/2\/2023\/11\/bsv-219x300.png 219w\" sizes=\"auto, (max-width: 468px) 100vw, 468px\" \/><\/p>\n<p style=\"text-align: left;\">LE BSV JEVI est soutenu par la <strong>DRAAF-SRAL Occitanie<\/strong>.<\/p>\n<p>&nbsp;<\/p>\n<p><img loading=\"lazy\" decoding=\"async\" class=\"alignnone size-full wp-image-376\" src=\"https:\/\/www.fredonoccitanie.com\/jevi\/wp-content\/uploads\/sites\/2\/2021\/06\/Prefet_de_la_region_Occitanie-1.jpg\" alt=\"\" width=\"300\" height=\"165\" \/><\/p>\n","protected":false},"excerpt":{"rendered":"<p>Participer au BSV JEVI Occitanie en tant qu&rsquo;observateur ! &nbsp; &nbsp; Le nouveau site du BSV JEVI Occitanie anim\u00e9 par FREDON Occitanie et sous la direction du SRAL DRAAF Occitanie est d\u00e9sormais accessible. Retrouvez les esp\u00e8ces que nous suivons \u00e0 travers le BSV JEVI Occitanie et partager vos observations r\u00e9alis\u00e9es dans vos jardins et Espaces [&hellip;]<\/p>\n","protected":false},"author":14,"featured_media":13590,"comment_status":"closed","ping_status":"closed","sticky":false,"template":"","format":"standard","meta":{"footnotes":""},"categories":[8,2],"tags":[],"class_list":["post-13586","post","type-post","status-publish","format-standard","has-post-thumbnail","hentry","category-jevi","category-actualites-fredon"],"_links":{"self":[{"href":"https:\/\/www.fredonoccitanie.com\/jevi\/wp-json\/wp\/v2\/posts\/13586","targetHints":{"allow":["GET"]}}],"collection":[{"href":"https:\/\/www.fredonoccitanie.com\/jevi\/wp-json\/wp\/v2\/posts"}],"about":[{"href":"https:\/\/www.fredonoccitanie.com\/jevi\/wp-json\/wp\/v2\/types\/post"}],"author":[{"embeddable":true,"href":"https:\/\/www.fredonoccitanie.com\/jevi\/wp-json\/wp\/v2\/users\/14"}],"replies":[{"embeddable":true,"href":"https:\/\/www.fredonoccitanie.com\/jevi\/wp-json\/wp\/v2\/comments?post=13586"}],"version-history":[{"count":5,"href":"https:\/\/www.fredonoccitanie.com\/jevi\/wp-json\/wp\/v2\/posts\/13586\/revisions"}],"predecessor-version":[{"id":13619,"href":"https:\/\/www.fredonoccitanie.com\/jevi\/wp-json\/wp\/v2\/posts\/13586\/revisions\/13619"}],"wp:featuredmedia":[{"embeddable":true,"href":"https:\/\/www.fredonoccitanie.com\/jevi\/wp-json\/wp\/v2\/media\/13590"}],"wp:attachment":[{"href":"https:\/\/www.fredonoccitanie.com\/jevi\/wp-json\/wp\/v2\/media?parent=13586"}],"wp:term":[{"taxonomy":"category","embeddable":true,"href":"https:\/\/www.fredonoccitanie.com\/jevi\/wp-json\/wp\/v2\/categories?post=13586"},{"taxonomy":"post_tag","embeddable":true,"href":"https:\/\/www.fredonoccitanie.com\/jevi\/wp-json\/wp\/v2\/tags?post=13586"}],"curies":[{"name":"wp","href":"https:\/\/api.w.org\/{rel}","templated":true}]}}