{"id":13509,"date":"2023-10-31T15:39:39","date_gmt":"2023-10-31T14:39:39","guid":{"rendered":"https:\/\/www.fredonoccitanie.com\/jevi\/?p=13509"},"modified":"2024-02-15T13:06:51","modified_gmt":"2024-02-15T12:06:51","slug":"icu-chantier-de-plantation-participatif-demarche-citoyenne-a-marguerittes-gard","status":"publish","type":"post","link":"https:\/\/www.fredonoccitanie.com\/jevi\/2023\/10\/31\/icu-chantier-de-plantation-participatif-demarche-citoyenne-a-marguerittes-gard\/","title":{"rendered":"[ICU] Chantier de plantation participatif &amp; d\u00e9marche citoyenne \u00e0 Marguerittes (Gard)"},"content":{"rendered":"<h3 style=\"text-align: center;\">Ce samedi 28 octobre, les habitants de Marguerittes se sont r\u00e9unis \u00e0 l&rsquo;occasion d&rsquo;un chantier de plantation participatif dans plusieurs rues du centre ancien.<\/h3>\n<h3 style=\"text-align: center;\">Depuis le d\u00e9but d&rsquo;ann\u00e9e 2023, cette ville gardoise de 8500 habitants a entam\u00e9 une d\u00e9marche de v\u00e9g\u00e9talisation de 3 de ses rues : la rue des Marchands, la rue Bourelly et l&rsquo;impasse des Amoureux. Un accompagnement par FREDON Occitanie et le CAUE du Gard a permis d&rsquo;amorcer une r\u00e9flexion paysag\u00e8re pour l&rsquo;am\u00e9nagement de ce site et d&rsquo;impulser une d\u00e9marche de v\u00e9g\u00e9talisation citoyenne. Deux<strong> ateliers de concertation<\/strong> avec les habitants avaient \u00e9t\u00e9 organis\u00e9s en amont avec l&rsquo;aide de la <strong>commune<\/strong> et du <strong>comit\u00e9 de quartier<\/strong>.<\/h3>\n<p>&nbsp;<\/p>\n<p>Cette journ\u00e9e est l\u2019occasion de planter en <strong>pleine terre<\/strong> des v\u00e9g\u00e9taux en <strong>pied de mur et sur les fa\u00e7ades<\/strong> pour embellir les rues et les <strong>rafra\u00eechir<\/strong>. Les plantes \u00e9tant sur les fa\u00e7ades de particuliers, leur autorisation est n\u00e9cessaire avant de planter. Cette d\u00e9marche s\u2019inscrit dans le cadre du <strong><a href=\"https:\/\/www.les-caue-occitanie.fr\/dossier-thematique\/dossier-permis-de-vegetaliser-les-documents\">permis de v\u00e9g\u00e9taliser<\/a><\/strong> du Conseil d\u2019Architecture et d\u2019Urbanisme du Gard (CAUE Gard), qui est un accord entre la mairie et l\u2019habitant. <strong>La mairie pr\u00e9pare les trous avec les services techniques<\/strong> pour planter, et <strong>l\u2019habitant s\u2019engage \u00e0 entretenir et s\u2019occuper du bon d\u00e9veloppement des v\u00e9g\u00e9taux sur sa fa\u00e7ade et devant son mur. <\/strong><\/p>\n<h3 style=\"text-align: center;\"><\/h3>\n<p><img loading=\"lazy\" decoding=\"async\" class=\" wp-image-13560 aligncenter\" src=\"https:\/\/www.fredonoccitanie.com\/jevi\/wp-content\/uploads\/sites\/2\/2023\/10\/DSC_0760-300x200.jpg\" alt=\"\" width=\"610\" height=\"406\" srcset=\"https:\/\/www.fredonoccitanie.com\/jevi\/wp-content\/uploads\/sites\/2\/2023\/10\/DSC_0760-300x200.jpg 300w, https:\/\/www.fredonoccitanie.com\/jevi\/wp-content\/uploads\/sites\/2\/2023\/10\/DSC_0760-1030x687.jpg 1030w, https:\/\/www.fredonoccitanie.com\/jevi\/wp-content\/uploads\/sites\/2\/2023\/10\/DSC_0760-768x512.jpg 768w, https:\/\/www.fredonoccitanie.com\/jevi\/wp-content\/uploads\/sites\/2\/2023\/10\/DSC_0760-1536x1024.jpg 1536w, https:\/\/www.fredonoccitanie.com\/jevi\/wp-content\/uploads\/sites\/2\/2023\/10\/DSC_0760-2048x1365.jpg 2048w, https:\/\/www.fredonoccitanie.com\/jevi\/wp-content\/uploads\/sites\/2\/2023\/10\/DSC_0760-1500x1000.jpg 1500w, https:\/\/www.fredonoccitanie.com\/jevi\/wp-content\/uploads\/sites\/2\/2023\/10\/DSC_0760-705x470.jpg 705w\" sizes=\"auto, (max-width: 610px) 100vw, 610px\" \/><\/p>\n<p style=\"text-align: center;\"><em>Les v\u00e9g\u00e9taux (grimpantes et vivaces) ont \u00e9t\u00e9 stock\u00e9s dans le garage d&rsquo;une habitante avant leur distribution.<\/em><\/p>\n<h3 style=\"text-align: center;\"><img loading=\"lazy\" decoding=\"async\" class=\"alignnone size-medium wp-image-13530\" src=\"https:\/\/www.fredonoccitanie.com\/jevi\/wp-content\/uploads\/sites\/2\/2023\/10\/pendant-atelierMarguerittes-28102023-guillaumepayen-17-1-1.jpg\" alt=\"\" width=\"1\" height=\"1\" \/> <img loading=\"lazy\" decoding=\"async\" class=\"alignnone wp-image-13529\" src=\"https:\/\/www.fredonoccitanie.com\/jevi\/wp-content\/uploads\/sites\/2\/2023\/10\/permis-signe-atelierMarguerittes-28102023-guillaumepayen-6-2-200x300.jpg\" alt=\"\" width=\"305\" height=\"458\" srcset=\"https:\/\/www.fredonoccitanie.com\/jevi\/wp-content\/uploads\/sites\/2\/2023\/10\/permis-signe-atelierMarguerittes-28102023-guillaumepayen-6-2-200x300.jpg 200w, https:\/\/www.fredonoccitanie.com\/jevi\/wp-content\/uploads\/sites\/2\/2023\/10\/permis-signe-atelierMarguerittes-28102023-guillaumepayen-6-2-685x1030.jpg 685w, https:\/\/www.fredonoccitanie.com\/jevi\/wp-content\/uploads\/sites\/2\/2023\/10\/permis-signe-atelierMarguerittes-28102023-guillaumepayen-6-2-768x1154.jpg 768w, https:\/\/www.fredonoccitanie.com\/jevi\/wp-content\/uploads\/sites\/2\/2023\/10\/permis-signe-atelierMarguerittes-28102023-guillaumepayen-6-2-scaled.jpg 1703w\" sizes=\"auto, (max-width: 305px) 100vw, 305px\" \/>\u00a0 \u00a0 <img loading=\"lazy\" decoding=\"async\" class=\"alignnone wp-image-13520\" src=\"https:\/\/www.fredonoccitanie.com\/jevi\/wp-content\/uploads\/sites\/2\/2023\/10\/pendant-DSC_0778-3-2-200x300.jpg\" alt=\"\" width=\"304\" height=\"456\" srcset=\"https:\/\/www.fredonoccitanie.com\/jevi\/wp-content\/uploads\/sites\/2\/2023\/10\/pendant-DSC_0778-3-2-200x300.jpg 200w, https:\/\/www.fredonoccitanie.com\/jevi\/wp-content\/uploads\/sites\/2\/2023\/10\/pendant-DSC_0778-3-2-687x1030.jpg 687w, https:\/\/www.fredonoccitanie.com\/jevi\/wp-content\/uploads\/sites\/2\/2023\/10\/pendant-DSC_0778-3-2-768x1152.jpg 768w, https:\/\/www.fredonoccitanie.com\/jevi\/wp-content\/uploads\/sites\/2\/2023\/10\/pendant-DSC_0778-3-2-1024x1536.jpg 1024w, https:\/\/www.fredonoccitanie.com\/jevi\/wp-content\/uploads\/sites\/2\/2023\/10\/pendant-DSC_0778-3-2-1366x2048.jpg 1366w, https:\/\/www.fredonoccitanie.com\/jevi\/wp-content\/uploads\/sites\/2\/2023\/10\/pendant-DSC_0778-3-2-1000x1500.jpg 1000w, https:\/\/www.fredonoccitanie.com\/jevi\/wp-content\/uploads\/sites\/2\/2023\/10\/pendant-DSC_0778-3-2-470x705.jpg 470w, https:\/\/www.fredonoccitanie.com\/jevi\/wp-content\/uploads\/sites\/2\/2023\/10\/pendant-DSC_0778-3-2-scaled.jpg 1707w\" sizes=\"auto, (max-width: 304px) 100vw, 304px\" \/><\/h3>\n<p style=\"text-align: center;\"><em>Les habitants sont venus tour \u00e0 tour r\u00e9cup\u00e9rer le permis de v\u00e9g\u00e9taliser sign\u00e9 afin de pouvoir r\u00e9cup\u00e9rer les v\u00e9g\u00e9taux qu&rsquo;ils avaient choisi en amont. \u00a0\u00a0<\/em><\/p>\n<h3 style=\"text-align: center;\"><img loading=\"lazy\" decoding=\"async\" class=\"alignnone wp-image-13510\" src=\"https:\/\/www.fredonoccitanie.com\/jevi\/wp-content\/uploads\/sites\/2\/2023\/10\/DSC_0795-300x200.jpg\" alt=\"\" width=\"558\" height=\"372\" srcset=\"https:\/\/www.fredonoccitanie.com\/jevi\/wp-content\/uploads\/sites\/2\/2023\/10\/DSC_0795-300x200.jpg 300w, https:\/\/www.fredonoccitanie.com\/jevi\/wp-content\/uploads\/sites\/2\/2023\/10\/DSC_0795-1030x686.jpg 1030w, https:\/\/www.fredonoccitanie.com\/jevi\/wp-content\/uploads\/sites\/2\/2023\/10\/DSC_0795-768x512.jpg 768w, https:\/\/www.fredonoccitanie.com\/jevi\/wp-content\/uploads\/sites\/2\/2023\/10\/DSC_0795-1536x1024.jpg 1536w, https:\/\/www.fredonoccitanie.com\/jevi\/wp-content\/uploads\/sites\/2\/2023\/10\/DSC_0795-2048x1365.jpg 2048w, https:\/\/www.fredonoccitanie.com\/jevi\/wp-content\/uploads\/sites\/2\/2023\/10\/DSC_0795-1500x1000.jpg 1500w, https:\/\/www.fredonoccitanie.com\/jevi\/wp-content\/uploads\/sites\/2\/2023\/10\/DSC_0795-705x470.jpg 705w\" sizes=\"auto, (max-width: 558px) 100vw, 558px\" \/><\/h3>\n<p style=\"text-align: center;\"><em>22 trous ont \u00e9t\u00e9 r\u00e9alis\u00e9s par les services techniques dans les jours pr\u00e9c\u00e9dents suivant l&rsquo;indication des habitants dans le permis de v\u00e9g\u00e9taliser. Une \u00e9tude pr\u00e9alable des r\u00e9seaux et de la faisabilit\u00e9 de percer l&rsquo;enrob\u00e9 a \u00e9t\u00e9 faite pour chaque plantation.<\/em><\/p>\n<h3 style=\"text-align: center;\"><img loading=\"lazy\" decoding=\"async\" class=\"alignnone wp-image-13512\" src=\"https:\/\/www.fredonoccitanie.com\/jevi\/wp-content\/uploads\/sites\/2\/2023\/10\/DSC_0811-300x200.jpg\" alt=\"\" width=\"426\" height=\"284\" srcset=\"https:\/\/www.fredonoccitanie.com\/jevi\/wp-content\/uploads\/sites\/2\/2023\/10\/DSC_0811-300x200.jpg 300w, https:\/\/www.fredonoccitanie.com\/jevi\/wp-content\/uploads\/sites\/2\/2023\/10\/DSC_0811-1030x687.jpg 1030w, https:\/\/www.fredonoccitanie.com\/jevi\/wp-content\/uploads\/sites\/2\/2023\/10\/DSC_0811-768x512.jpg 768w, https:\/\/www.fredonoccitanie.com\/jevi\/wp-content\/uploads\/sites\/2\/2023\/10\/DSC_0811-1536x1024.jpg 1536w\" sizes=\"auto, (max-width: 426px) 100vw, 426px\" \/>\u00a0 \u00a0 <img loading=\"lazy\" decoding=\"async\" class=\"alignnone wp-image-13548\" src=\"https:\/\/www.fredonoccitanie.com\/jevi\/wp-content\/uploads\/sites\/2\/2023\/10\/Payen-Guillaume-199x300.jpg\" alt=\"\" width=\"189\" height=\"285\" srcset=\"https:\/\/www.fredonoccitanie.com\/jevi\/wp-content\/uploads\/sites\/2\/2023\/10\/Payen-Guillaume-199x300.jpg 199w, https:\/\/www.fredonoccitanie.com\/jevi\/wp-content\/uploads\/sites\/2\/2023\/10\/Payen-Guillaume-682x1030.jpg 682w, https:\/\/www.fredonoccitanie.com\/jevi\/wp-content\/uploads\/sites\/2\/2023\/10\/Payen-Guillaume-467x705.jpg 467w, https:\/\/www.fredonoccitanie.com\/jevi\/wp-content\/uploads\/sites\/2\/2023\/10\/Payen-Guillaume.jpg 715w\" sizes=\"auto, (max-width: 189px) 100vw, 189px\" \/><\/h3>\n<h3 style=\"text-align: center;\"><img loading=\"lazy\" decoding=\"async\" class=\"alignnone wp-image-13511\" src=\"https:\/\/www.fredonoccitanie.com\/jevi\/wp-content\/uploads\/sites\/2\/2023\/10\/DSC_0804-2-2-200x300.jpg\" alt=\"\" width=\"309\" height=\"464\" srcset=\"https:\/\/www.fredonoccitanie.com\/jevi\/wp-content\/uploads\/sites\/2\/2023\/10\/DSC_0804-2-2-200x300.jpg 200w, https:\/\/www.fredonoccitanie.com\/jevi\/wp-content\/uploads\/sites\/2\/2023\/10\/DSC_0804-2-2-687x1030.jpg 687w, https:\/\/www.fredonoccitanie.com\/jevi\/wp-content\/uploads\/sites\/2\/2023\/10\/DSC_0804-2-2-768x1151.jpg 768w, https:\/\/www.fredonoccitanie.com\/jevi\/wp-content\/uploads\/sites\/2\/2023\/10\/DSC_0804-2-2-1025x1536.jpg 1025w, https:\/\/www.fredonoccitanie.com\/jevi\/wp-content\/uploads\/sites\/2\/2023\/10\/DSC_0804-2-2-1001x1500.jpg 1001w, https:\/\/www.fredonoccitanie.com\/jevi\/wp-content\/uploads\/sites\/2\/2023\/10\/DSC_0804-2-2-470x705.jpg 470w, https:\/\/www.fredonoccitanie.com\/jevi\/wp-content\/uploads\/sites\/2\/2023\/10\/DSC_0804-2-2.jpg 1184w\" sizes=\"auto, (max-width: 309px) 100vw, 309px\" \/>\u00a0 \u00a0 <img loading=\"lazy\" decoding=\"async\" class=\"alignnone wp-image-13547\" src=\"https:\/\/www.fredonoccitanie.com\/jevi\/wp-content\/uploads\/sites\/2\/2023\/10\/Payen-Guillaume-2-198x300.jpg\" alt=\"\" width=\"306\" height=\"464\" srcset=\"https:\/\/www.fredonoccitanie.com\/jevi\/wp-content\/uploads\/sites\/2\/2023\/10\/Payen-Guillaume-2-198x300.jpg 198w, https:\/\/www.fredonoccitanie.com\/jevi\/wp-content\/uploads\/sites\/2\/2023\/10\/Payen-Guillaume-2-679x1030.jpg 679w, https:\/\/www.fredonoccitanie.com\/jevi\/wp-content\/uploads\/sites\/2\/2023\/10\/Payen-Guillaume-2-465x705.jpg 465w, https:\/\/www.fredonoccitanie.com\/jevi\/wp-content\/uploads\/sites\/2\/2023\/10\/Payen-Guillaume-2.jpg 712w\" sizes=\"auto, (max-width: 306px) 100vw, 306px\" \/><img loading=\"lazy\" decoding=\"async\" class=\"alignnone size-medium wp-image-13544\" src=\"https:\/\/www.fredonoccitanie.com\/jevi\/wp-content\/uploads\/sites\/2\/2023\/10\/atelierMarguerittes-28102023-guillaumepayen-10-1.jpg\" alt=\"\" width=\"1\" height=\"1\" \/><\/h3>\n<p>Chaque famille munie de sa pelle, de terreau et surtout d\u2019une belle <strong>plante grimpante, vivace ou m\u00eame de bulbes <\/strong>est venue planter devant chez elle ou aider son voisin. Les grimpantes sont mises dans de <strong>petits trous, qui ne prennent pas de place sur la chauss\u00e9e et qui permettent au v\u00e9g\u00e9tal de d\u00e9velopper ses racines en pleine terre pour puiser l\u2019eau et mieux se d\u00e9velopper sur le long terme.<\/strong><\/p>\n<h6 style=\"text-align: left;\">\u2192 I<strong>d\u00e9es re\u00e7ues :<\/strong><\/h6>\n<p style=\"text-align: left;\">En choisissant bien l\u2019essence et en ajoutant un support, <strong>aucun risque de venir abimer une fa\u00e7ade<\/strong> ! <strong>Les v\u00e9g\u00e9taux n\u2019aggravent pas l\u2019humidit\u00e9<\/strong> dans les murs (et au contraire les drainent !). En plus d\u2019\u00eatre beaux m\u00eame l\u2019hiver, ce sont de bons<strong> isolants thermiques<\/strong> pour ceux qui gardent leurs feuilles ! Un b\u00e9n\u00e9fice pour le <strong>cadre de vie<\/strong> mais aussi la b<strong>iodiversit\u00e9<\/strong> qu\u2019accueilleront les v\u00e9g\u00e9taux !<\/p>\n<h3 style=\"text-align: center;\"><img loading=\"lazy\" decoding=\"async\" class=\"alignnone wp-image-13513\" src=\"https:\/\/www.fredonoccitanie.com\/jevi\/wp-content\/uploads\/sites\/2\/2023\/10\/DSC_0825-2-200x300.jpg\" alt=\"\" width=\"303\" height=\"455\" srcset=\"https:\/\/www.fredonoccitanie.com\/jevi\/wp-content\/uploads\/sites\/2\/2023\/10\/DSC_0825-2-200x300.jpg 200w, https:\/\/www.fredonoccitanie.com\/jevi\/wp-content\/uploads\/sites\/2\/2023\/10\/DSC_0825-2-687x1030.jpg 687w, https:\/\/www.fredonoccitanie.com\/jevi\/wp-content\/uploads\/sites\/2\/2023\/10\/DSC_0825-2-768x1152.jpg 768w, https:\/\/www.fredonoccitanie.com\/jevi\/wp-content\/uploads\/sites\/2\/2023\/10\/DSC_0825-2-1024x1536.jpg 1024w, https:\/\/www.fredonoccitanie.com\/jevi\/wp-content\/uploads\/sites\/2\/2023\/10\/DSC_0825-2-1365x2048.jpg 1365w, https:\/\/www.fredonoccitanie.com\/jevi\/wp-content\/uploads\/sites\/2\/2023\/10\/DSC_0825-2-1000x1500.jpg 1000w, https:\/\/www.fredonoccitanie.com\/jevi\/wp-content\/uploads\/sites\/2\/2023\/10\/DSC_0825-2-470x705.jpg 470w, https:\/\/www.fredonoccitanie.com\/jevi\/wp-content\/uploads\/sites\/2\/2023\/10\/DSC_0825-2-scaled.jpg 1707w\" sizes=\"auto, (max-width: 303px) 100vw, 303px\" \/>\u00a0 \u00a0 \u00a0<img loading=\"lazy\" decoding=\"async\" class=\"alignnone wp-image-13515\" src=\"https:\/\/www.fredonoccitanie.com\/jevi\/wp-content\/uploads\/sites\/2\/2023\/10\/DSC_0833-2-200x300.jpg\" alt=\"\" width=\"302\" height=\"453\" srcset=\"https:\/\/www.fredonoccitanie.com\/jevi\/wp-content\/uploads\/sites\/2\/2023\/10\/DSC_0833-2-200x300.jpg 200w, https:\/\/www.fredonoccitanie.com\/jevi\/wp-content\/uploads\/sites\/2\/2023\/10\/DSC_0833-2-687x1030.jpg 687w, https:\/\/www.fredonoccitanie.com\/jevi\/wp-content\/uploads\/sites\/2\/2023\/10\/DSC_0833-2-768x1152.jpg 768w, https:\/\/www.fredonoccitanie.com\/jevi\/wp-content\/uploads\/sites\/2\/2023\/10\/DSC_0833-2-1024x1536.jpg 1024w, https:\/\/www.fredonoccitanie.com\/jevi\/wp-content\/uploads\/sites\/2\/2023\/10\/DSC_0833-2-1366x2048.jpg 1366w, https:\/\/www.fredonoccitanie.com\/jevi\/wp-content\/uploads\/sites\/2\/2023\/10\/DSC_0833-2-1000x1500.jpg 1000w, https:\/\/www.fredonoccitanie.com\/jevi\/wp-content\/uploads\/sites\/2\/2023\/10\/DSC_0833-2-470x705.jpg 470w, https:\/\/www.fredonoccitanie.com\/jevi\/wp-content\/uploads\/sites\/2\/2023\/10\/DSC_0833-2-scaled.jpg 1707w\" sizes=\"auto, (max-width: 302px) 100vw, 302px\" \/><\/h3>\n<p style=\"text-align: center;\"><em>A la fin du chantier les participants ont pu nettoyer le terreau en trop et arroser les plantations.<\/em><\/p>\n<h3 style=\"text-align: center;\"><img loading=\"lazy\" decoding=\"async\" class=\"alignnone size-medium wp-image-13528\" src=\"https:\/\/www.fredonoccitanie.com\/jevi\/wp-content\/uploads\/sites\/2\/2023\/10\/pendant-atelierMarguerittes-28102023-guillaumepayen-17-3-2.jpg\" alt=\"\" width=\"1\" height=\"1\" \/> <img loading=\"lazy\" decoding=\"async\" class=\"alignnone wp-image-13526\" src=\"https:\/\/www.fredonoccitanie.com\/jevi\/wp-content\/uploads\/sites\/2\/2023\/10\/apres-Celestine-30-2-300x225.jpg\" alt=\"\" width=\"446\" height=\"335\" srcset=\"https:\/\/www.fredonoccitanie.com\/jevi\/wp-content\/uploads\/sites\/2\/2023\/10\/apres-Celestine-30-2-300x225.jpg 300w, https:\/\/www.fredonoccitanie.com\/jevi\/wp-content\/uploads\/sites\/2\/2023\/10\/apres-Celestine-30-2-1030x773.jpg 1030w, https:\/\/www.fredonoccitanie.com\/jevi\/wp-content\/uploads\/sites\/2\/2023\/10\/apres-Celestine-30-2-768x576.jpg 768w, https:\/\/www.fredonoccitanie.com\/jevi\/wp-content\/uploads\/sites\/2\/2023\/10\/apres-Celestine-30-2-1536x1152.jpg 1536w, https:\/\/www.fredonoccitanie.com\/jevi\/wp-content\/uploads\/sites\/2\/2023\/10\/apres-Celestine-30-2-2048x1536.jpg 2048w, https:\/\/www.fredonoccitanie.com\/jevi\/wp-content\/uploads\/sites\/2\/2023\/10\/apres-Celestine-30-2-1500x1125.jpg 1500w, https:\/\/www.fredonoccitanie.com\/jevi\/wp-content\/uploads\/sites\/2\/2023\/10\/apres-Celestine-30-2-705x529.jpg 705w\" sizes=\"auto, (max-width: 446px) 100vw, 446px\" \/><\/h3>\n<h3 style=\"text-align: center;\"><img loading=\"lazy\" decoding=\"async\" class=\"alignnone wp-image-13516\" src=\"https:\/\/www.fredonoccitanie.com\/jevi\/wp-content\/uploads\/sites\/2\/2023\/10\/DSC_0841-2-300x200.jpg\" alt=\"\" width=\"441\" height=\"294\" srcset=\"https:\/\/www.fredonoccitanie.com\/jevi\/wp-content\/uploads\/sites\/2\/2023\/10\/DSC_0841-2-300x200.jpg 300w, https:\/\/www.fredonoccitanie.com\/jevi\/wp-content\/uploads\/sites\/2\/2023\/10\/DSC_0841-2-1030x687.jpg 1030w, https:\/\/www.fredonoccitanie.com\/jevi\/wp-content\/uploads\/sites\/2\/2023\/10\/DSC_0841-2-768x512.jpg 768w, https:\/\/www.fredonoccitanie.com\/jevi\/wp-content\/uploads\/sites\/2\/2023\/10\/DSC_0841-2-1536x1024.jpg 1536w, https:\/\/www.fredonoccitanie.com\/jevi\/wp-content\/uploads\/sites\/2\/2023\/10\/DSC_0841-2-2048x1365.jpg 2048w\" sizes=\"auto, (max-width: 441px) 100vw, 441px\" \/><\/h3>\n<p style=\"text-align: center;\"><em>Les enfants ont pu r\u00e9aliser des pochoirs de fleurs et de feuilles au sol et sur certains murs afin de se r\u00e9approprier\u00a0leurs rues.\u00a0\u00a0<\/em><\/p>\n<h3 style=\"text-align: center;\">\u00a0 <img loading=\"lazy\" decoding=\"async\" class=\"alignnone wp-image-13537\" src=\"https:\/\/www.fredonoccitanie.com\/jevi\/wp-content\/uploads\/sites\/2\/2023\/10\/DSC_0845-2-1-277x300.jpg\" alt=\"\" width=\"422\" height=\"457\" srcset=\"https:\/\/www.fredonoccitanie.com\/jevi\/wp-content\/uploads\/sites\/2\/2023\/10\/DSC_0845-2-1-277x300.jpg 277w, https:\/\/www.fredonoccitanie.com\/jevi\/wp-content\/uploads\/sites\/2\/2023\/10\/DSC_0845-2-1-952x1030.jpg 952w, https:\/\/www.fredonoccitanie.com\/jevi\/wp-content\/uploads\/sites\/2\/2023\/10\/DSC_0845-2-1-768x831.jpg 768w, https:\/\/www.fredonoccitanie.com\/jevi\/wp-content\/uploads\/sites\/2\/2023\/10\/DSC_0845-2-1-1420x1536.jpg 1420w, https:\/\/www.fredonoccitanie.com\/jevi\/wp-content\/uploads\/sites\/2\/2023\/10\/DSC_0845-2-1-1893x2048.jpg 1893w, https:\/\/www.fredonoccitanie.com\/jevi\/wp-content\/uploads\/sites\/2\/2023\/10\/DSC_0845-2-1-1386x1500.jpg 1386w, https:\/\/www.fredonoccitanie.com\/jevi\/wp-content\/uploads\/sites\/2\/2023\/10\/DSC_0845-2-1-652x705.jpg 652w\" sizes=\"auto, (max-width: 422px) 100vw, 422px\" \/><\/h3>\n<h3 style=\"text-align: center;\">\u00a0<img loading=\"lazy\" decoding=\"async\" class=\"alignnone wp-image-13514\" src=\"https:\/\/www.fredonoccitanie.com\/jevi\/wp-content\/uploads\/sites\/2\/2023\/10\/DSC_0828-2-scaled.jpg\" alt=\"\" width=\"423\" height=\"282\" \/><\/h3>\n<p>Au total, ce sont <strong>22 trous, et 3 plates-bandes<\/strong> qui ont \u00e9t\u00e9 r\u00e9alis\u00e9s lors de cette journ\u00e9e. La commune elle aussi s&rsquo;est engag\u00e9e et les services techniques ont r\u00e9alis\u00e9 avec l&rsquo;aide du chantier d&rsquo;insertion plusieurs plantations en pleine terre sur le domaine public.<\/p>\n<h3 style=\"text-align: center;\"><\/h3>\n<h3 style=\"text-align: center;\"><img loading=\"lazy\" decoding=\"async\" class=\"alignnone wp-image-13523\" src=\"https:\/\/www.fredonoccitanie.com\/jevi\/wp-content\/uploads\/sites\/2\/2023\/10\/Mairie-6-2-2-1-225x300.jpg\" alt=\"\" width=\"299\" height=\"399\" srcset=\"https:\/\/www.fredonoccitanie.com\/jevi\/wp-content\/uploads\/sites\/2\/2023\/10\/Mairie-6-2-2-1-225x300.jpg 225w, https:\/\/www.fredonoccitanie.com\/jevi\/wp-content\/uploads\/sites\/2\/2023\/10\/Mairie-6-2-2-1-772x1030.jpg 772w, https:\/\/www.fredonoccitanie.com\/jevi\/wp-content\/uploads\/sites\/2\/2023\/10\/Mairie-6-2-2-1-768x1024.jpg 768w, https:\/\/www.fredonoccitanie.com\/jevi\/wp-content\/uploads\/sites\/2\/2023\/10\/Mairie-6-2-2-1-1152x1536.jpg 1152w, https:\/\/www.fredonoccitanie.com\/jevi\/wp-content\/uploads\/sites\/2\/2023\/10\/Mairie-6-2-2-1-1125x1500.jpg 1125w, https:\/\/www.fredonoccitanie.com\/jevi\/wp-content\/uploads\/sites\/2\/2023\/10\/Mairie-6-2-2-1-529x705.jpg 529w, https:\/\/www.fredonoccitanie.com\/jevi\/wp-content\/uploads\/sites\/2\/2023\/10\/Mairie-6-2-2-1.jpg 1312w\" sizes=\"auto, (max-width: 299px) 100vw, 299px\" \/>\u00a0 \u00a0<img loading=\"lazy\" decoding=\"async\" class=\"alignnone wp-image-13538\" src=\"https:\/\/www.fredonoccitanie.com\/jevi\/wp-content\/uploads\/sites\/2\/2023\/10\/gouteratelierMarguerittes-28102023-guillaumepayen-24-2-225x300.jpg\" alt=\"\" width=\"299\" height=\"399\" srcset=\"https:\/\/www.fredonoccitanie.com\/jevi\/wp-content\/uploads\/sites\/2\/2023\/10\/gouteratelierMarguerittes-28102023-guillaumepayen-24-2-225x300.jpg 225w, https:\/\/www.fredonoccitanie.com\/jevi\/wp-content\/uploads\/sites\/2\/2023\/10\/gouteratelierMarguerittes-28102023-guillaumepayen-24-2-772x1030.jpg 772w, https:\/\/www.fredonoccitanie.com\/jevi\/wp-content\/uploads\/sites\/2\/2023\/10\/gouteratelierMarguerittes-28102023-guillaumepayen-24-2-768x1024.jpg 768w, https:\/\/www.fredonoccitanie.com\/jevi\/wp-content\/uploads\/sites\/2\/2023\/10\/gouteratelierMarguerittes-28102023-guillaumepayen-24-2-1151x1536.jpg 1151w, https:\/\/www.fredonoccitanie.com\/jevi\/wp-content\/uploads\/sites\/2\/2023\/10\/gouteratelierMarguerittes-28102023-guillaumepayen-24-2-1535x2048.jpg 1535w, https:\/\/www.fredonoccitanie.com\/jevi\/wp-content\/uploads\/sites\/2\/2023\/10\/gouteratelierMarguerittes-28102023-guillaumepayen-24-2-1124x1500.jpg 1124w, https:\/\/www.fredonoccitanie.com\/jevi\/wp-content\/uploads\/sites\/2\/2023\/10\/gouteratelierMarguerittes-28102023-guillaumepayen-24-2-529x705.jpg 529w, https:\/\/www.fredonoccitanie.com\/jevi\/wp-content\/uploads\/sites\/2\/2023\/10\/gouteratelierMarguerittes-28102023-guillaumepayen-24-2-scaled.jpg 1919w\" sizes=\"auto, (max-width: 299px) 100vw, 299px\" \/><\/h3>\n<p>Cette journ\u00e9e est le t\u00e9moin d&rsquo;un bel engagement \u00e0 r\u00e9aliser en bas de chez soi, avec l\u2019aide de la commune, de voisins, d\u2019un comit\u00e9 de quartier et de paysagistes. Ce moment a \u00e9t\u00e9 l\u2019occasion de se rencontrer et d\u2019\u00e9changer entre voisins, de cr\u00e9er un bel instant <strong>convivial et de partage<\/strong> qui s&rsquo;est cl\u00f4tur\u00e9 par un gouter.<\/p>\n<h6>\ud83d\udc49Toutes les communes peuvent mettre ce type d\u2019initiative en place ! Cela ne coute pas tr\u00e8s cher et demande assez peu d\u2019investissement : juste un peu de temps pour une \u00e0 deux tailles par an et quelques arrosages au d\u00e9but, pour un r\u00e9sultat garanti !<\/h6>\n<p>&nbsp;<\/p>\n<p style=\"text-align: center;\">Cette mission de conseil et d&rsquo;appui technique, financ\u00e9e par la <strong>R\u00e9gion Occitanie<\/strong>, s\u2019inscrit dans le cadre du budget participatif citoyen <a href=\"https:\/\/www.laregion.fr\/MaSolutionClimat\"><strong>\u00ab<\/strong>\u00a0<strong>Ma solution pour le climat\u00a0\u00bb<\/strong><\/a> et s&rsquo;inscrit en partenariat avec le <a href=\"https:\/\/www.les-caue-occitanie.fr\/gard\">CAUE du Gard<\/a>.<\/p>\n<p style=\"text-align: center;\"><img loading=\"lazy\" decoding=\"async\" class=\"aligncenter wp-image-11327\" src=\"https:\/\/www.fredonoccitanie.com\/jevi\/wp-content\/uploads\/sites\/2\/2023\/01\/visuel_site_web_2_900x500px-2-300x167.png\" alt=\"\" width=\"469\" height=\"261\" srcset=\"https:\/\/www.fredonoccitanie.com\/jevi\/wp-content\/uploads\/sites\/2\/2023\/01\/visuel_site_web_2_900x500px-2-300x167.png 300w, https:\/\/www.fredonoccitanie.com\/jevi\/wp-content\/uploads\/sites\/2\/2023\/01\/visuel_site_web_2_900x500px-2-768x427.png 768w, https:\/\/www.fredonoccitanie.com\/jevi\/wp-content\/uploads\/sites\/2\/2023\/01\/visuel_site_web_2_900x500px-2-705x392.png 705w, https:\/\/www.fredonoccitanie.com\/jevi\/wp-content\/uploads\/sites\/2\/2023\/01\/visuel_site_web_2_900x500px-2.png 900w\" sizes=\"auto, (max-width: 469px) 100vw, 469px\" \/><\/p>\n<p style=\"text-align: left;\">Contact : <a href=\"https:\/\/www.fredonoccitanie.com\/jevi\/contact\/\">Julie Chouvel<\/a><\/p>\n<p style=\"text-align: left;\">Credit : Chouvel Julie FREDON Occitanie, C\u00e9lestine Mouge CAUE 30, Mairie de Marguerittes, Guillaume Payen<\/p>\n","protected":false},"excerpt":{"rendered":"<p>Ce samedi 28 octobre, les habitants de Marguerittes se sont r\u00e9unis \u00e0 l&rsquo;occasion d&rsquo;un chantier de plantation participatif dans plusieurs rues du centre ancien. Depuis le d\u00e9but d&rsquo;ann\u00e9e 2023, cette ville gardoise de 8500 habitants a entam\u00e9 une d\u00e9marche de v\u00e9g\u00e9talisation de 3 de ses rues : la rue des Marchands, la rue Bourelly et [&hellip;]<\/p>\n","protected":false},"author":17,"featured_media":13680,"comment_status":"closed","ping_status":"closed","sticky":false,"template":"","format":"standard","meta":{"footnotes":""},"categories":[8,2],"tags":[],"class_list":["post-13509","post","type-post","status-publish","format-standard","has-post-thumbnail","hentry","category-jevi","category-actualites-fredon"],"_links":{"self":[{"href":"https:\/\/www.fredonoccitanie.com\/jevi\/wp-json\/wp\/v2\/posts\/13509","targetHints":{"allow":["GET"]}}],"collection":[{"href":"https:\/\/www.fredonoccitanie.com\/jevi\/wp-json\/wp\/v2\/posts"}],"about":[{"href":"https:\/\/www.fredonoccitanie.com\/jevi\/wp-json\/wp\/v2\/types\/post"}],"author":[{"embeddable":true,"href":"https:\/\/www.fredonoccitanie.com\/jevi\/wp-json\/wp\/v2\/users\/17"}],"replies":[{"embeddable":true,"href":"https:\/\/www.fredonoccitanie.com\/jevi\/wp-json\/wp\/v2\/comments?post=13509"}],"version-history":[{"count":5,"href":"https:\/\/www.fredonoccitanie.com\/jevi\/wp-json\/wp\/v2\/posts\/13509\/revisions"}],"predecessor-version":[{"id":14152,"href":"https:\/\/www.fredonoccitanie.com\/jevi\/wp-json\/wp\/v2\/posts\/13509\/revisions\/14152"}],"wp:featuredmedia":[{"embeddable":true,"href":"https:\/\/www.fredonoccitanie.com\/jevi\/wp-json\/wp\/v2\/media\/13680"}],"wp:attachment":[{"href":"https:\/\/www.fredonoccitanie.com\/jevi\/wp-json\/wp\/v2\/media?parent=13509"}],"wp:term":[{"taxonomy":"category","embeddable":true,"href":"https:\/\/www.fredonoccitanie.com\/jevi\/wp-json\/wp\/v2\/categories?post=13509"},{"taxonomy":"post_tag","embeddable":true,"href":"https:\/\/www.fredonoccitanie.com\/jevi\/wp-json\/wp\/v2\/tags?post=13509"}],"curies":[{"name":"wp","href":"https:\/\/api.w.org\/{rel}","templated":true}]}}