{"id":13432,"date":"2023-10-16T14:47:16","date_gmt":"2023-10-16T12:47:16","guid":{"rendered":"https:\/\/www.fredonoccitanie.com\/jevi\/?p=13432"},"modified":"2023-11-10T17:46:07","modified_gmt":"2023-11-10T16:46:07","slug":"surveillance-tout-savoir-sur-le-longicorne-tigre-dans-la-revue-phytoma-doctobre-2023","status":"publish","type":"post","link":"https:\/\/www.fredonoccitanie.com\/jevi\/2023\/10\/16\/surveillance-tout-savoir-sur-le-longicorne-tigre-dans-la-revue-phytoma-doctobre-2023\/","title":{"rendered":"[Surveillance] &#8211; Tout savoir sur le longicorne tigre dans la revue Phytoma d&rsquo;octobre 2023 !"},"content":{"rendered":"<div class=\"entry-content\">\n<div class=\"col-1\">\n<article class=\"fiche texte fiche-detail\">\n<h3 style=\"text-align: center\"><em>\u00ab\u00a0Des arbres sous la griffe du longicorne tigre\u00a0\u00bb<br \/>\n<\/em><\/h3>\n<p style=\"text-align: center\">Article co-r\u00e9dig\u00e9 par SRAL DRAAF Occitanie et FREDON Occitanie<\/p>\n<div class=\"entry-content\">La revue Phytoma fait paraitre un article co-r\u00e9dig\u00e9 par FREDON Occitanie et SRAL DRAAF Occitanie dans son \u00e9dition d&rsquo;octobre 2023 intitul\u00e9 : \u00ab\u00a0Des arbres sous la griffe du longicorne tigre\u00a0\u00bb.<\/div>\n<div><\/div>\n<div>D\u00e9couvrez toutes les facettes du longicorne tigre (Xylotrechus chinensis), de sa ph\u00e9nologie aux moyens de lutte. Pour consulter l&rsquo;article dans son int\u00e9gralit\u00e9, abonnez-vous \u00e0 la revue Phytoma ici : <a href=\"http:\/\/www.phytoma-ldv.com\/\">http:\/\/www.phytoma-ldv.com\/<\/a><\/div>\n<\/article>\n<\/div>\n<div><\/div>\n<div>Cet article est issu de la dynamique enclench\u00e9e par le Bulletin de Sant\u00e9 du V\u00e9g\u00e9tal Occitanie pilot\u00e9 par DRAAF Occitanie et r\u00e9alis\u00e9 par FREDON Occitanie. Cet outil de veille est diffus\u00e9 4 fois par ans dans l&rsquo;objectif d&rsquo;informer et alerter sur les probl\u00e9matiques de sant\u00e9 du v\u00e9g\u00e9tal en Occitanie.<\/div>\n<\/div>\n<div><\/div>\n<h5 style=\"text-align: center\"><a href=\"https:\/\/www.fredonoccitanie.com\/surveillance\/espace-non-agricole\/bsv-jevi-2\/\">&gt;&gt;Retrouvez tous les BSV JEVI Occitanie sur le site d\u00e9di\u00e9 et participer en tant qu&rsquo;observateurs au partages de vos observations&lt;&lt;<\/a><\/h5>\n<div><\/div>\n<div class=\"entry-content\">\n<p><img loading=\"lazy\" decoding=\"async\" class=\"wp-image-13434 size-large aligncenter\" src=\"https:\/\/www.fredonoccitanie.com\/jevi\/wp-content\/uploads\/sites\/2\/2023\/10\/Longicorne-tigre-page-1-PHYTOMA-BAT-728x1030.jpg\" alt=\"\" width=\"728\" height=\"1030\" srcset=\"https:\/\/www.fredonoccitanie.com\/jevi\/wp-content\/uploads\/sites\/2\/2023\/10\/Longicorne-tigre-page-1-PHYTOMA-BAT-728x1030.jpg 728w, https:\/\/www.fredonoccitanie.com\/jevi\/wp-content\/uploads\/sites\/2\/2023\/10\/Longicorne-tigre-page-1-PHYTOMA-BAT-212x300.jpg 212w, https:\/\/www.fredonoccitanie.com\/jevi\/wp-content\/uploads\/sites\/2\/2023\/10\/Longicorne-tigre-page-1-PHYTOMA-BAT-768x1086.jpg 768w, https:\/\/www.fredonoccitanie.com\/jevi\/wp-content\/uploads\/sites\/2\/2023\/10\/Longicorne-tigre-page-1-PHYTOMA-BAT-1086x1536.jpg 1086w, https:\/\/www.fredonoccitanie.com\/jevi\/wp-content\/uploads\/sites\/2\/2023\/10\/Longicorne-tigre-page-1-PHYTOMA-BAT-1448x2048.jpg 1448w, https:\/\/www.fredonoccitanie.com\/jevi\/wp-content\/uploads\/sites\/2\/2023\/10\/Longicorne-tigre-page-1-PHYTOMA-BAT-1061x1500.jpg 1061w, https:\/\/www.fredonoccitanie.com\/jevi\/wp-content\/uploads\/sites\/2\/2023\/10\/Longicorne-tigre-page-1-PHYTOMA-BAT-499x705.jpg 499w, https:\/\/www.fredonoccitanie.com\/jevi\/wp-content\/uploads\/sites\/2\/2023\/10\/Longicorne-tigre-page-1-PHYTOMA-BAT-scaled.jpg 1810w\" sizes=\"auto, (max-width: 728px) 100vw, 728px\" \/><\/p>\n<\/div>\n<div><\/div>\n<div class=\"entry-content\">Source: Phytoma<\/div>\n","protected":false},"excerpt":{"rendered":"<p>\u00ab\u00a0Des arbres sous la griffe du longicorne tigre\u00a0\u00bb Article co-r\u00e9dig\u00e9 par SRAL DRAAF Occitanie et FREDON Occitanie La revue Phytoma fait paraitre un article co-r\u00e9dig\u00e9 par FREDON Occitanie et SRAL DRAAF Occitanie dans son \u00e9dition d&rsquo;octobre 2023 intitul\u00e9 : \u00ab\u00a0Des arbres sous la griffe du longicorne tigre\u00a0\u00bb. D\u00e9couvrez toutes les facettes du longicorne tigre (Xylotrechus [&hellip;]<\/p>\n","protected":false},"author":14,"featured_media":13433,"comment_status":"closed","ping_status":"closed","sticky":false,"template":"","format":"standard","meta":{"footnotes":""},"categories":[8,2],"tags":[],"class_list":["post-13432","post","type-post","status-publish","format-standard","has-post-thumbnail","hentry","category-jevi","category-actualites-fredon"],"_links":{"self":[{"href":"https:\/\/www.fredonoccitanie.com\/jevi\/wp-json\/wp\/v2\/posts\/13432","targetHints":{"allow":["GET"]}}],"collection":[{"href":"https:\/\/www.fredonoccitanie.com\/jevi\/wp-json\/wp\/v2\/posts"}],"about":[{"href":"https:\/\/www.fredonoccitanie.com\/jevi\/wp-json\/wp\/v2\/types\/post"}],"author":[{"embeddable":true,"href":"https:\/\/www.fredonoccitanie.com\/jevi\/wp-json\/wp\/v2\/users\/14"}],"replies":[{"embeddable":true,"href":"https:\/\/www.fredonoccitanie.com\/jevi\/wp-json\/wp\/v2\/comments?post=13432"}],"version-history":[{"count":4,"href":"https:\/\/www.fredonoccitanie.com\/jevi\/wp-json\/wp\/v2\/posts\/13432\/revisions"}],"predecessor-version":[{"id":13437,"href":"https:\/\/www.fredonoccitanie.com\/jevi\/wp-json\/wp\/v2\/posts\/13432\/revisions\/13437"}],"wp:featuredmedia":[{"embeddable":true,"href":"https:\/\/www.fredonoccitanie.com\/jevi\/wp-json\/wp\/v2\/media\/13433"}],"wp:attachment":[{"href":"https:\/\/www.fredonoccitanie.com\/jevi\/wp-json\/wp\/v2\/media?parent=13432"}],"wp:term":[{"taxonomy":"category","embeddable":true,"href":"https:\/\/www.fredonoccitanie.com\/jevi\/wp-json\/wp\/v2\/categories?post=13432"},{"taxonomy":"post_tag","embeddable":true,"href":"https:\/\/www.fredonoccitanie.com\/jevi\/wp-json\/wp\/v2\/tags?post=13432"}],"curies":[{"name":"wp","href":"https:\/\/api.w.org\/{rel}","templated":true}]}}