{"id":13424,"date":"2023-10-16T10:23:36","date_gmt":"2023-10-16T08:23:36","guid":{"rendered":"https:\/\/www.fredonoccitanie.com\/jevi\/?p=13424"},"modified":"2023-10-16T10:23:36","modified_gmt":"2023-10-16T08:23:36","slug":"engagez-vous-pour-le-vegetal-decouvrez-notre-boutique-en-ligne","status":"publish","type":"post","link":"https:\/\/www.fredonoccitanie.com\/jevi\/2023\/10\/16\/engagez-vous-pour-le-vegetal-decouvrez-notre-boutique-en-ligne\/","title":{"rendered":"Engagez-vous pour le v\u00e9g\u00e9tal : D\u00e9couvrez notre boutique en ligne !"},"content":{"rendered":"<p><a href=\"https:\/\/www.fredonoccitanie.com\/jevi\/la-boutique\/\">La boutique en ligne<\/a> propose des panneaux destin\u00e9s aux collectivit\u00e9s et aux \u00e9tablissements de loisirs.<\/p>\n<h3>Si vous \u00eates adh\u00e9rent \u00e0 notre charte \u00ab\u00a0Engag\u00e9 pour le v\u00e9g\u00e9tal\u00a0\u00bb, vous avez la possibilit\u00e9 de commander des panneaux \u00ab\u00a0Engagez-vous pour le v\u00e9g\u00e9tal\u00a0\u00bb.<\/h3>\n<p><em>Veuillez noter que l&rsquo;achat de ces visuels est exclusivement r\u00e9serv\u00e9 aux adh\u00e9rents de la charte \u00ab\u00a0Engag\u00e9 pour le v\u00e9g\u00e9tal\u00a0\u00bb<\/em><\/p>\n<p><a href=\"https:\/\/www.fredonoccitanie.com\/jevi\/la-boutique\/\">Lien boutique<\/a><\/p>\n<p>&nbsp;<\/p>\n<p><a href=\"https:\/\/www.fredonoccitanie.com\/jevi\/la-boutique\/\"><img loading=\"lazy\" decoding=\"async\" class=\" wp-image-12727\" src=\"https:\/\/www.fredonoccitanie.com\/jevi\/wp-content\/uploads\/sites\/2\/2023\/06\/panneau_fond_blanc-2.png\" alt=\"\" width=\"707\" height=\"356\" srcset=\"https:\/\/www.fredonoccitanie.com\/jevi\/wp-content\/uploads\/sites\/2\/2023\/06\/panneau_fond_blanc-2.png 915w, https:\/\/www.fredonoccitanie.com\/jevi\/wp-content\/uploads\/sites\/2\/2023\/06\/panneau_fond_blanc-2-300x151.png 300w, https:\/\/www.fredonoccitanie.com\/jevi\/wp-content\/uploads\/sites\/2\/2023\/06\/panneau_fond_blanc-2-768x387.png 768w, https:\/\/www.fredonoccitanie.com\/jevi\/wp-content\/uploads\/sites\/2\/2023\/06\/panneau_fond_blanc-2-705x355.png 705w\" sizes=\"auto, (max-width: 707px) 100vw, 707px\" \/><\/a><\/p>\n<p>&nbsp;<\/p>\n","protected":false},"excerpt":{"rendered":"<p>La boutique en ligne propose des panneaux destin\u00e9s aux collectivit\u00e9s et aux \u00e9tablissements de loisirs. Si vous \u00eates adh\u00e9rent \u00e0 notre charte \u00ab\u00a0Engag\u00e9 pour le v\u00e9g\u00e9tal\u00a0\u00bb, vous avez la possibilit\u00e9 de commander des panneaux \u00ab\u00a0Engagez-vous pour le v\u00e9g\u00e9tal\u00a0\u00bb. Veuillez noter que l&rsquo;achat de ces visuels est exclusivement r\u00e9serv\u00e9 aux adh\u00e9rents de la charte \u00ab\u00a0Engag\u00e9 pour [&hellip;]<\/p>\n","protected":false},"author":5,"featured_media":13429,"comment_status":"closed","ping_status":"closed","sticky":false,"template":"","format":"standard","meta":{"footnotes":""},"categories":[8,2],"tags":[],"class_list":["post-13424","post","type-post","status-publish","format-standard","has-post-thumbnail","hentry","category-jevi","category-actualites-fredon"],"_links":{"self":[{"href":"https:\/\/www.fredonoccitanie.com\/jevi\/wp-json\/wp\/v2\/posts\/13424","targetHints":{"allow":["GET"]}}],"collection":[{"href":"https:\/\/www.fredonoccitanie.com\/jevi\/wp-json\/wp\/v2\/posts"}],"about":[{"href":"https:\/\/www.fredonoccitanie.com\/jevi\/wp-json\/wp\/v2\/types\/post"}],"author":[{"embeddable":true,"href":"https:\/\/www.fredonoccitanie.com\/jevi\/wp-json\/wp\/v2\/users\/5"}],"replies":[{"embeddable":true,"href":"https:\/\/www.fredonoccitanie.com\/jevi\/wp-json\/wp\/v2\/comments?post=13424"}],"version-history":[{"count":3,"href":"https:\/\/www.fredonoccitanie.com\/jevi\/wp-json\/wp\/v2\/posts\/13424\/revisions"}],"predecessor-version":[{"id":13430,"href":"https:\/\/www.fredonoccitanie.com\/jevi\/wp-json\/wp\/v2\/posts\/13424\/revisions\/13430"}],"wp:featuredmedia":[{"embeddable":true,"href":"https:\/\/www.fredonoccitanie.com\/jevi\/wp-json\/wp\/v2\/media\/13429"}],"wp:attachment":[{"href":"https:\/\/www.fredonoccitanie.com\/jevi\/wp-json\/wp\/v2\/media?parent=13424"}],"wp:term":[{"taxonomy":"category","embeddable":true,"href":"https:\/\/www.fredonoccitanie.com\/jevi\/wp-json\/wp\/v2\/categories?post=13424"},{"taxonomy":"post_tag","embeddable":true,"href":"https:\/\/www.fredonoccitanie.com\/jevi\/wp-json\/wp\/v2\/tags?post=13424"}],"curies":[{"name":"wp","href":"https:\/\/api.w.org\/{rel}","templated":true}]}}