{"id":13243,"date":"2023-09-11T17:40:42","date_gmt":"2023-09-11T15:40:42","guid":{"rendered":"https:\/\/www.fredonoccitanie.com\/jevi\/?p=13243"},"modified":"2023-10-02T13:43:40","modified_gmt":"2023-10-02T11:43:40","slug":"biodiversite-des-murs-repondez-a-lappel-a-signalement-de-plante-cite","status":"publish","type":"post","link":"https:\/\/www.fredonoccitanie.com\/jevi\/2023\/09\/11\/biodiversite-des-murs-repondez-a-lappel-a-signalement-de-plante-cite\/","title":{"rendered":"[Biodiversit\u00e9 des murs] R\u00e9pondez \u00e0 l&rsquo;appel \u00e0 signalement de Plante &amp; Cit\u00e9 !"},"content":{"rendered":"<h2 style=\"text-align: center;\">Avez-vous vu un mur porteur de nature ?<\/h2>\n<p style=\"text-align: center;\"><a href=\"https:\/\/www.plante-et-cite.fr\/specif_actualites\/view\/1187\/slug:appel-a-signalement-biodiversite-des-murs\">&gt;&gt; SIGNALER UN MUR &lt;&lt;<\/a><\/p>\n<p>&nbsp;<\/p>\n<p>Plante &amp; Cit\u00e9 est une association sp\u00e9cialis\u00e9e dans le transfert de connaissances techniques et scientifiques aux professionnels des espaces verts et du paysage. En tant qu&rsquo;organisme de recherche et d&rsquo;exp\u00e9rimentations, Plante &amp; Cit\u00e9 m\u00e8ne depuis septembre 2021 le projet MURMURE, dans le but de mieux conna\u00eetre la biodiversit\u00e9 pr\u00e9sente dans les murs, murailles et remparts.<\/p>\n<p>MURMURE est un projet soutenu par VALHOR et de l&rsquo;OFB, son but est de construire une typologie de situations pour orienter les pratiques (chantier, entretien) en fonction de la v\u00e9g\u00e9talisation pr\u00e9sente et des risques r\u00e9els de d\u00e9gradation des ouvrages ainsi que d&rsquo;apporter des r\u00e9f\u00e9rences m\u00e9thodologiques pour concilier le maintien d\u2019habitats Faune-Flore avec la p\u00e9rennit\u00e9 du syst\u00e8me constructif. Pour en savoir plus sur le projet, <a href=\"https:\/\/plante-et-cite.us9.list-manage.com\/track\/click?u=b2bb9051f8e3f8725fcab8919&amp;id=bbd5cb0d96&amp;e=8150900498\">rendez-vous sur le site de Plante &amp; Cit\u00e9.<\/a><\/p>\n<div id=\"attachment_13340\" style=\"width: 179px\" class=\"wp-caption aligncenter\"><img loading=\"lazy\" decoding=\"async\" aria-describedby=\"caption-attachment-13340\" class=\"wp-image-13340 size-medium\" src=\"https:\/\/www.fredonoccitanie.com\/jevi\/wp-content\/uploads\/sites\/2\/2023\/09\/20230704_111936-min-169x300.jpg\" alt=\"\" width=\"169\" height=\"300\" srcset=\"https:\/\/www.fredonoccitanie.com\/jevi\/wp-content\/uploads\/sites\/2\/2023\/09\/20230704_111936-min-169x300.jpg 169w, https:\/\/www.fredonoccitanie.com\/jevi\/wp-content\/uploads\/sites\/2\/2023\/09\/20230704_111936-min-579x1030.jpg 579w, https:\/\/www.fredonoccitanie.com\/jevi\/wp-content\/uploads\/sites\/2\/2023\/09\/20230704_111936-min-768x1365.jpg 768w, https:\/\/www.fredonoccitanie.com\/jevi\/wp-content\/uploads\/sites\/2\/2023\/09\/20230704_111936-min-864x1536.jpg 864w, https:\/\/www.fredonoccitanie.com\/jevi\/wp-content\/uploads\/sites\/2\/2023\/09\/20230704_111936-min-1152x2048.jpg 1152w, https:\/\/www.fredonoccitanie.com\/jevi\/wp-content\/uploads\/sites\/2\/2023\/09\/20230704_111936-min-844x1500.jpg 844w, https:\/\/www.fredonoccitanie.com\/jevi\/wp-content\/uploads\/sites\/2\/2023\/09\/20230704_111936-min-397x705.jpg 397w, https:\/\/www.fredonoccitanie.com\/jevi\/wp-content\/uploads\/sites\/2\/2023\/09\/20230704_111936-min-scaled.jpg 1440w\" sizes=\"auto, (max-width: 169px) 100vw, 169px\" \/><p id=\"caption-attachment-13340\" class=\"wp-caption-text\">Saint-Lizier, Ari\u00e8ge.<\/p><\/div>\n<p>Les murs poteurs de nature font partie de nos paysages, que nous soyons en milieu tr\u00e8s urbanis\u00e9 comme \u00e0 la campagne. \u00ab\u00a0Ce type d&rsquo;ouvrage est reconnu comme support potentiel d&rsquo;une faune et flore sp\u00e9cifiques. Dans un contexte de d\u00e9veloppement de la gestion \u00e9cologique des espaces verts et de d\u00e9veloppement d&rsquo;une trame verte et bleue en milieu urbain, la valeur \u00e9cologique de ce type d&rsquo;ouvrage est un \u00e9l\u00e9ment d\u00e9terminant \u00e0 prendre en compte pour les modes de gestion et d&rsquo;entretien.\u00a0\u00bb*<\/p>\n<p>&nbsp;<\/p>\n<h6>Vous avez vu un mur porteur de nature ?<\/h6>\n<p>Signalez-le <a href=\"https:\/\/www.plante-et-cite.fr\/specif_actualites\/view\/1187\/slug:appel-a-signalement-biodiversite-des-murs\">ICI<\/a> et contribuez \u00e0 la cr\u00e9ation d&rsquo;une cartographie en ligne afin de permettre la cr\u00e9ation d&rsquo;une carte en ligne recensant les murs, les mat\u00e9riaux les constituant et la vie qu&rsquo;ils portent !<\/p>\n<p>Tous types de murs peuvent \u00eatre signal\u00e9s : anciens, plus r\u00e9cents, de mat\u00e9riaux vari\u00e9s, etc<\/p>\n<p>&nbsp;<\/p>\n<p style=\"text-align: center;\"><a href=\"https:\/\/www.plante-et-cite.fr\/specif_actualites\/view\/1187\/slug:appel-a-signalement-biodiversite-des-murs\">&gt;&gt; SIGNALER UN MUR &lt;&lt;<\/a><\/p>\n<p>&nbsp;<\/p>\n<p>Source : Plante &amp; Cit\u00e9*<\/p>\n<p>Cr\u00e9dit image :\u00a0 FREDON Occitanie<\/p>\n","protected":false},"excerpt":{"rendered":"<p>Avez-vous vu un mur porteur de nature ? &gt;&gt; SIGNALER UN MUR &lt;&lt; &nbsp; Plante &amp; Cit\u00e9 est une association sp\u00e9cialis\u00e9e dans le transfert de connaissances techniques et scientifiques aux professionnels des espaces verts et du paysage. En tant qu&rsquo;organisme de recherche et d&rsquo;exp\u00e9rimentations, Plante &amp; Cit\u00e9 m\u00e8ne depuis septembre 2021 le projet MURMURE, dans [&hellip;]<\/p>\n","protected":false},"author":19,"featured_media":13376,"comment_status":"closed","ping_status":"closed","sticky":false,"template":"","format":"standard","meta":{"footnotes":""},"categories":[8,2],"tags":[],"class_list":["post-13243","post","type-post","status-publish","format-standard","has-post-thumbnail","hentry","category-jevi","category-actualites-fredon"],"_links":{"self":[{"href":"https:\/\/www.fredonoccitanie.com\/jevi\/wp-json\/wp\/v2\/posts\/13243","targetHints":{"allow":["GET"]}}],"collection":[{"href":"https:\/\/www.fredonoccitanie.com\/jevi\/wp-json\/wp\/v2\/posts"}],"about":[{"href":"https:\/\/www.fredonoccitanie.com\/jevi\/wp-json\/wp\/v2\/types\/post"}],"author":[{"embeddable":true,"href":"https:\/\/www.fredonoccitanie.com\/jevi\/wp-json\/wp\/v2\/users\/19"}],"replies":[{"embeddable":true,"href":"https:\/\/www.fredonoccitanie.com\/jevi\/wp-json\/wp\/v2\/comments?post=13243"}],"version-history":[{"count":5,"href":"https:\/\/www.fredonoccitanie.com\/jevi\/wp-json\/wp\/v2\/posts\/13243\/revisions"}],"predecessor-version":[{"id":13375,"href":"https:\/\/www.fredonoccitanie.com\/jevi\/wp-json\/wp\/v2\/posts\/13243\/revisions\/13375"}],"wp:featuredmedia":[{"embeddable":true,"href":"https:\/\/www.fredonoccitanie.com\/jevi\/wp-json\/wp\/v2\/media\/13376"}],"wp:attachment":[{"href":"https:\/\/www.fredonoccitanie.com\/jevi\/wp-json\/wp\/v2\/media?parent=13243"}],"wp:term":[{"taxonomy":"category","embeddable":true,"href":"https:\/\/www.fredonoccitanie.com\/jevi\/wp-json\/wp\/v2\/categories?post=13243"},{"taxonomy":"post_tag","embeddable":true,"href":"https:\/\/www.fredonoccitanie.com\/jevi\/wp-json\/wp\/v2\/tags?post=13243"}],"curies":[{"name":"wp","href":"https:\/\/api.w.org\/{rel}","templated":true}]}}