{"id":13055,"date":"2023-08-08T09:55:01","date_gmt":"2023-08-08T07:55:01","guid":{"rendered":"https:\/\/www.fredonoccitanie.com\/jevi\/?p=13055"},"modified":"2023-09-15T14:43:42","modified_gmt":"2023-09-15T12:43:42","slug":"webinaire-jevi-2023-3-8-septembre-2023-11h-12h30-ca-surchauffe-dans-nos-communes-des-cles-pour-desimpermeabiliser-et-rafraichir-nos-paysages","status":"publish","type":"post","link":"https:\/\/www.fredonoccitanie.com\/jevi\/2023\/08\/08\/webinaire-jevi-2023-3-8-septembre-2023-11h-12h30-ca-surchauffe-dans-nos-communes-des-cles-pour-desimpermeabiliser-et-rafraichir-nos-paysages\/","title":{"rendered":"[Webinaire JEVI 2023 #3] &#8211; 8 septembre 2023 &#8211; 11h-12h30 \u2013 \u00ab\u00a0\u00c7a surchauffe dans nos communes, des cl\u00e9s pour d\u00e9simperm\u00e9abiliser et rafra\u00eechir nos paysages !\u00bb"},"content":{"rendered":"<p style=\"text-align: center;\"><strong>Vendredi 8 septembre 2023<\/strong><\/p>\n<p style=\"text-align: center;\"><strong>\u00a0de 11h \u00e0 12h30<\/strong><\/p>\n<p><img loading=\"lazy\" decoding=\"async\" class=\"size-medium wp-image-12090 aligncenter\" src=\"https:\/\/www.fredonoccitanie.com\/jevi\/wp-content\/uploads\/sites\/2\/2023\/03\/3logo_webinaire@4x-8-2-300x281.png\" alt=\"\" width=\"300\" height=\"281\" \/><\/p>\n<p>Au programme :<strong> pr\u00e9sentations techniques et temps d\u2019\u00e9changes pour que les gestionnaires puissent poser leurs questions.<\/strong><\/p>\n<p>Un format court :\u00a0<strong>1h15<\/strong><\/p>\n<p style=\"text-align: center;\"><a href=\"https:\/\/events.teams.microsoft.com\/event\/f8ea96c6-fecc-4ee2-9a40-a0cf1d6845d1@b0fdaa19-01d3-42ac-841c-fc2224719063\"><strong>&gt;&gt; S&rsquo;inscrire au webinaire &lt;&lt;<\/strong><\/a><\/p>\n<p style=\"text-align: center;\">G<strong>ratuit et en acc\u00e8s libre<\/strong><\/p>\n<p>Ce webinaire vise \u00e0 identifier une typologie vari\u00e9e de projets et d&rsquo;espaces sur lesquels il est possible de r\u00e9aliser des actions de d\u00e9simperm\u00e9abilisation, de v\u00e9g\u00e9talisation ou encore de renaturation.<\/p>\n<p>Il sera l\u2019occasion de pr\u00e9senter des communes ayant d\u00e9ploy\u00e9 des projets dans le but de rafra\u00eechir leurs centre bourg, leur \u00e9cole, cimeti\u00e8re. L&rsquo;objectif ici est bien entendu de voir ce qui a \u00e9t\u00e9 fait et sous quelles modalit\u00e9s, mais \u00e9galement d&rsquo;identifier des interlocuteurs sur le territoire de la r\u00e9gion Occitanie \u00e0 solliciter si vous souhaitez lancer un projet de red\u00e9finition d&rsquo;un espace imperm\u00e9able.<\/p>\n<p>Les financements possibles seront \u00e9galement abord\u00e9s pour les projets de d\u00e9simperm\u00e9abilisation et de renaturation des espaces.<\/p>\n<p><img loading=\"lazy\" decoding=\"async\" class=\"size-full wp-image-13087 aligncenter\" src=\"https:\/\/www.fredonoccitanie.com\/jevi\/wp-content\/uploads\/sites\/2\/2023\/08\/Ilots_fraicheur-min-e1691395228300.jpg\" alt=\"\" width=\"350\" height=\"357\" srcset=\"https:\/\/www.fredonoccitanie.com\/jevi\/wp-content\/uploads\/sites\/2\/2023\/08\/Ilots_fraicheur-min-e1691395228300.jpg 350w, https:\/\/www.fredonoccitanie.com\/jevi\/wp-content\/uploads\/sites\/2\/2023\/08\/Ilots_fraicheur-min-e1691395228300-294x300.jpg 294w, https:\/\/www.fredonoccitanie.com\/jevi\/wp-content\/uploads\/sites\/2\/2023\/08\/Ilots_fraicheur-min-e1691395228300-36x36.jpg 36w\" sizes=\"auto, (max-width: 350px) 100vw, 350px\" \/><\/p>\n<p>Intervenants :<\/p>\n<ul>\n<li><i>Cl\u00e9ment DAIGNAN &#8211; OIEAU &#8211; charg\u00e9 de formation et d&rsquo;\u00e9tude \u00e0 l&rsquo;OIEAU<\/i><\/li>\n<li>\u2060<i>Sylvie CURE &#8211; CAUE 12 &#8211; Architecte D.P.L.G.<\/i><\/li>\n<li><i>Nicolas VIGNAU &#8211; CAUE Loz\u00e8re &#8211; paysagiste conseil<\/i><\/li>\n<li><i>Julie CHOUVEL &#8211; FREDON Occitanie &#8211; ing\u00e9nieur paysagiste en charge du projet Ilots de Fraicheur V\u00e9g\u00e9talis\u00e9s en Occitanie<\/i><\/li>\n<li><i>Jeasmine HARMAND et Florian MARTEL &#8211; FREDON Occitanie &#8211; animateurs du r\u00e9seau JEVI en Occitanie<\/i><\/li>\n<\/ul>\n<p>Il s\u2019adresse aux gestionnaires publics d\u2019espaces verts (communes, intercommunalit\u00e9s, d\u00e9partements\u2026) ; gestionnaires de campings et d\u2019infrastructures touristiques en g\u00e9n\u00e9ral\u00a0<strong>#jevi ;\u00a0<\/strong>structures qui souhaitent accompagner une dynamique sur leur territoire et accompagner ces gestionnaires dans leur d\u00e9marche (CD, EPCI, PNR, PN, GSF, Syndicats mixtes, associations environnementales, associations touristiques, animateurs\u00a0<strong>#captages\u00a0<\/strong>prioritaires\u2026).<\/p>\n<p>Co-organis\u00e9 par la FREDON Occitanie, Les CAUE d&rsquo;Occitanie (Conseils d&rsquo;Architecture, d&rsquo;Urbanisme et de l&rsquo;Environnement) d&rsquo;Occitanie. Avec la participation de l&rsquo;OiEau (l&rsquo;Office International de l&rsquo;Eau).<\/p>\n<p><img loading=\"lazy\" decoding=\"async\" class=\"alignnone size-full wp-image-13061\" src=\"https:\/\/www.fredonoccitanie.com\/jevi\/wp-content\/uploads\/sites\/2\/2023\/08\/Capture1.png\" alt=\"\" width=\"245\" height=\"124\" \/> \u00a0\u00a0\u00a0\u00a0\u00a0\u00a0\u00a0\u00a0\u00a0\u00a0\u00a0 <img loading=\"lazy\" decoding=\"async\" class=\"alignnone size-full wp-image-13062\" src=\"https:\/\/www.fredonoccitanie.com\/jevi\/wp-content\/uploads\/sites\/2\/2023\/08\/Capture.png\" alt=\"\" width=\"196\" height=\"89\" \/><\/p>\n<h3><span data-contrast=\"auto\">En savoir +<br \/>\n<\/span><\/h3>\n<p><i><span data-contrast=\"auto\">En 2023, FREDON Occitanie accompagne 5 communes de la r\u00e9gion dans l\u2019am\u00e9nagement paysager et la v\u00e9g\u00e9talisation de 5 sites pilotes.<\/span><\/i> <i><span data-contrast=\"auto\">Les objectifs ? Am\u00e9liorer le cadre de vie ainsi que le confort thermique des habitants, en luttant contre le ph\u00e9nom\u00e8ne d\u2019\u00eelots de chaleur urbains.<\/span><\/i><span data-ccp-props=\"{&quot;201341983&quot;:0,&quot;335551550&quot;:1,&quot;335551620&quot;:1,&quot;335559738&quot;:100,&quot;335559739&quot;:200,&quot;335559740&quot;:276}\">\u00a0<\/span><\/p>\n<p><a href=\"https:\/\/www.fredonoccitanie.com\/jevi\/2023\/04\/12\/icu-la-participation-citoyenne-un-levier-cle-dans-la-lutte-contre-le-phenomene-dilots-de-chaleur-urbains-en-occitanie\/\"><span data-contrast=\"none\">https:\/\/www.fredonoccitanie.com\/jevi\/2023\/04\/12\/icu-la-participation-citoyenne-un-levier-cle-dans-la-lutte-contre-le-phenomene-dilots-de-chaleur-urbains-en-occitanie\/<\/span><\/a><span data-ccp-props=\"{&quot;134233117&quot;:true,&quot;134233118&quot;:true,&quot;201341983&quot;:0,&quot;335559738&quot;:100,&quot;335559739&quot;:200,&quot;335559740&quot;:240}\">\u00a0<\/span><\/p>\n<p>&nbsp;<\/p>\n<p style=\"text-align: center;\"><a href=\"https:\/\/events.teams.microsoft.com\/event\/f8ea96c6-fecc-4ee2-9a40-a0cf1d6845d1@b0fdaa19-01d3-42ac-841c-fc2224719063\"><strong>&gt;&gt; S&rsquo;inscrire au webinaire &lt;&lt;<\/strong><\/a><\/p>\n<p>&nbsp;<\/p>\n<p>&nbsp;<\/p>\n<p><img loading=\"lazy\" decoding=\"async\" class=\"alignnone size-full wp-image-13100\" src=\"https:\/\/www.fredonoccitanie.com\/jevi\/wp-content\/uploads\/sites\/2\/2023\/08\/fondPlan-de-travail-2@4x-8-1500x241-1.png\" alt=\"\" width=\"1500\" height=\"241\" srcset=\"https:\/\/www.fredonoccitanie.com\/jevi\/wp-content\/uploads\/sites\/2\/2023\/08\/fondPlan-de-travail-2@4x-8-1500x241-1.png 1500w, https:\/\/www.fredonoccitanie.com\/jevi\/wp-content\/uploads\/sites\/2\/2023\/08\/fondPlan-de-travail-2@4x-8-1500x241-1-300x48.png 300w, https:\/\/www.fredonoccitanie.com\/jevi\/wp-content\/uploads\/sites\/2\/2023\/08\/fondPlan-de-travail-2@4x-8-1500x241-1-1030x165.png 1030w, https:\/\/www.fredonoccitanie.com\/jevi\/wp-content\/uploads\/sites\/2\/2023\/08\/fondPlan-de-travail-2@4x-8-1500x241-1-768x123.png 768w, https:\/\/www.fredonoccitanie.com\/jevi\/wp-content\/uploads\/sites\/2\/2023\/08\/fondPlan-de-travail-2@4x-8-1500x241-1-705x113.png 705w\" sizes=\"auto, (max-width: 1500px) 100vw, 1500px\" \/><\/p>\n<p>Sources : FREDON Occitanie<\/p>\n<p>Cr\u00e9dit photo : Laguiole, Julie Chouvel<\/p>\n","protected":false},"excerpt":{"rendered":"<p>Vendredi 8 septembre 2023 \u00a0de 11h \u00e0 12h30 Au programme : pr\u00e9sentations techniques et temps d\u2019\u00e9changes pour que les gestionnaires puissent poser leurs questions. Un format court :\u00a01h15 &gt;&gt; S&rsquo;inscrire au webinaire &lt;&lt; Gratuit et en acc\u00e8s libre Ce webinaire vise \u00e0 identifier une typologie vari\u00e9e de projets et d&rsquo;espaces sur lesquels il est possible [&hellip;]<\/p>\n","protected":false},"author":19,"featured_media":13368,"comment_status":"closed","ping_status":"closed","sticky":false,"template":"","format":"standard","meta":{"footnotes":""},"categories":[3,11],"tags":[],"class_list":["post-13055","post","type-post","status-publish","format-standard","has-post-thumbnail","hentry","category-agenda-fredon","category-agenda-jevi"],"_links":{"self":[{"href":"https:\/\/www.fredonoccitanie.com\/jevi\/wp-json\/wp\/v2\/posts\/13055","targetHints":{"allow":["GET"]}}],"collection":[{"href":"https:\/\/www.fredonoccitanie.com\/jevi\/wp-json\/wp\/v2\/posts"}],"about":[{"href":"https:\/\/www.fredonoccitanie.com\/jevi\/wp-json\/wp\/v2\/types\/post"}],"author":[{"embeddable":true,"href":"https:\/\/www.fredonoccitanie.com\/jevi\/wp-json\/wp\/v2\/users\/19"}],"replies":[{"embeddable":true,"href":"https:\/\/www.fredonoccitanie.com\/jevi\/wp-json\/wp\/v2\/comments?post=13055"}],"version-history":[{"count":5,"href":"https:\/\/www.fredonoccitanie.com\/jevi\/wp-json\/wp\/v2\/posts\/13055\/revisions"}],"predecessor-version":[{"id":13852,"href":"https:\/\/www.fredonoccitanie.com\/jevi\/wp-json\/wp\/v2\/posts\/13055\/revisions\/13852"}],"wp:featuredmedia":[{"embeddable":true,"href":"https:\/\/www.fredonoccitanie.com\/jevi\/wp-json\/wp\/v2\/media\/13368"}],"wp:attachment":[{"href":"https:\/\/www.fredonoccitanie.com\/jevi\/wp-json\/wp\/v2\/media?parent=13055"}],"wp:term":[{"taxonomy":"category","embeddable":true,"href":"https:\/\/www.fredonoccitanie.com\/jevi\/wp-json\/wp\/v2\/categories?post=13055"},{"taxonomy":"post_tag","embeddable":true,"href":"https:\/\/www.fredonoccitanie.com\/jevi\/wp-json\/wp\/v2\/tags?post=13055"}],"curies":[{"name":"wp","href":"https:\/\/api.w.org\/{rel}","templated":true}]}}