{"id":12800,"date":"2023-10-04T10:45:02","date_gmt":"2023-10-04T08:45:02","guid":{"rendered":"https:\/\/www.fredonoccitanie.com\/jevi\/?p=12800"},"modified":"2023-10-04T20:28:18","modified_gmt":"2023-10-04T18:28:18","slug":"journee-technique-28-09-et-5-10-zero-phyto-sur-les-terrains-de-sport","status":"publish","type":"post","link":"https:\/\/www.fredonoccitanie.com\/jevi\/2023\/10\/04\/journee-technique-28-09-et-5-10-zero-phyto-sur-les-terrains-de-sport\/","title":{"rendered":"[Journ\u00e9e technique] 5\/10 &#8211; Z\u00e9ro phyto sur les terrains de sport"},"content":{"rendered":"<h3 style=\"text-align: center\"><strong>INSCRIPTIONS OUVERTES !<br \/>\n<\/strong><\/h3>\n<h3 style=\"text-align: center\"><strong>le 05\/10 \u00e0 Foix<br \/>\n<\/strong><\/h3>\n<p>&nbsp;<\/p>\n<p>FREDON Occitanie, la ville de Lunel et la ville de Foix s&rsquo;associent pour organiser une journ\u00e9e technique sur le z\u00e9ro phyto sur les terrains de sport.<\/p>\n<p>D\u00e9clin\u00e9e sur deux territoires, cette organisation permettra d\u2019\u00eatre au plus proche des gestionnaires de terrains de sport pour r\u00e9pondre aux questionnements autour de la gestion des terrains de sport en z\u00e9ro phyto et plus globalement tendre vers une gestion \u00e9cologique de ceux-ci.<\/p>\n<h5><strong>Programme<\/strong><\/h5>\n<ol>\n<li><strong>Interventions techniques en salle &#8211; Matin<\/strong><\/li>\n<\/ol>\n<p>Contexte r\u00e9glementaire, freins et leviers pour des terrains de sport en z\u00e9ro phyto, tables rondes, retours d\u2019exp\u00e9rience.<\/p>\n<p>D\u00e9monstration de mat\u00e9riel<\/p>\n<p><em>Repas (\u00e0 la charge du participant et \u00e0 confirmer lors de l\u2019inscription)<\/em><\/p>\n<p>D\u00e9monstration de mat\u00e9riel<\/p>\n<ol>\n<li><strong>Ateliers techniques de terrain pour une transition en z\u00e9ro phyto r\u00e9ussie \u2013 Apr\u00e8s midi<\/strong><\/li>\n<\/ol>\n<p><em>Cl\u00f4ture de la journ\u00e9e<\/em><\/p>\n<h5><strong>Informations pratiques<\/strong><strong><br \/>\n<\/strong><\/h5>\n<p>\/\u00a0!\\ Cet \u00e9v\u00e8nement est r\u00e9serv\u00e9\u00a0:<\/p>\n<ul>\n<li>Aux gestionnaires d\u2019infrastructures sportives v\u00e9g\u00e9talis\u00e9es,<\/li>\n<li>Aux partenaires et membres du r\u00e9seau JEVI.<\/li>\n<\/ul>\n<p>Il est limit\u00e9 \u00e0 60 personnes \u00e0 Foix.<\/p>\n<p style=\"text-align: center\"><a href=\"https:\/\/fredonoccitanie189-my.sharepoint.com\/:b:\/g\/personal\/f_martel_fredon-occitanie_fr\/EaJidpjXTrRBuWkgO5th66YBRTUirdgC-qT1107MvyypvA?e=fJnfwX\">&gt;&gt; PROGRAMME DE LA JOURN\u00c9E TECHNIQUE A FOIX &#8211; 05\/10\/23\u00a0 &lt;&lt;<\/a><\/p>\n<p>&nbsp;<\/p>\n<h5 style=\"text-align: center\"><a href=\"https:\/\/framaforms.org\/inscriptions-journee-zero-phyto-sur-les-terrains-de-sport-vers-une-gestion-ecologique-globale\"><strong>&gt;&gt; S&rsquo;INSCRIRE &lt;&lt;<\/strong><\/a><\/h5>\n<p><img loading=\"lazy\" decoding=\"async\" class=\"size-full wp-image-13073 aligncenter\" src=\"https:\/\/www.fredonoccitanie.com\/jevi\/wp-content\/uploads\/sites\/2\/2023\/07\/save_date_sitenet-e1691134039316.png\" alt=\"\" width=\"350\" height=\"287\" srcset=\"https:\/\/www.fredonoccitanie.com\/jevi\/wp-content\/uploads\/sites\/2\/2023\/07\/save_date_sitenet-e1691134039316.png 350w, https:\/\/www.fredonoccitanie.com\/jevi\/wp-content\/uploads\/sites\/2\/2023\/07\/save_date_sitenet-e1691134039316-300x246.png 300w\" sizes=\"auto, (max-width: 350px) 100vw, 350px\" \/><\/p>\n<p>&nbsp;<\/p>\n<p>Source : FREDON Occitanie<\/p>\n","protected":false},"excerpt":{"rendered":"<p>INSCRIPTIONS OUVERTES ! le 05\/10 \u00e0 Foix &nbsp; FREDON Occitanie, la ville de Lunel et la ville de Foix s&rsquo;associent pour organiser une journ\u00e9e technique sur le z\u00e9ro phyto sur les terrains de sport. D\u00e9clin\u00e9e sur deux territoires, cette organisation permettra d\u2019\u00eatre au plus proche des gestionnaires de terrains de sport pour r\u00e9pondre aux questionnements [&hellip;]<\/p>\n","protected":false},"author":14,"featured_media":0,"comment_status":"closed","ping_status":"closed","sticky":false,"template":"","format":"standard","meta":{"footnotes":""},"categories":[12,8,3,11],"tags":[],"class_list":["post-12800","post","type-post","status-publish","format-standard","hentry","category-a-la-une","category-jevi","category-agenda-fredon","category-agenda-jevi"],"_links":{"self":[{"href":"https:\/\/www.fredonoccitanie.com\/jevi\/wp-json\/wp\/v2\/posts\/12800","targetHints":{"allow":["GET"]}}],"collection":[{"href":"https:\/\/www.fredonoccitanie.com\/jevi\/wp-json\/wp\/v2\/posts"}],"about":[{"href":"https:\/\/www.fredonoccitanie.com\/jevi\/wp-json\/wp\/v2\/types\/post"}],"author":[{"embeddable":true,"href":"https:\/\/www.fredonoccitanie.com\/jevi\/wp-json\/wp\/v2\/users\/14"}],"replies":[{"embeddable":true,"href":"https:\/\/www.fredonoccitanie.com\/jevi\/wp-json\/wp\/v2\/comments?post=12800"}],"version-history":[{"count":5,"href":"https:\/\/www.fredonoccitanie.com\/jevi\/wp-json\/wp\/v2\/posts\/12800\/revisions"}],"predecessor-version":[{"id":13383,"href":"https:\/\/www.fredonoccitanie.com\/jevi\/wp-json\/wp\/v2\/posts\/12800\/revisions\/13383"}],"wp:attachment":[{"href":"https:\/\/www.fredonoccitanie.com\/jevi\/wp-json\/wp\/v2\/media?parent=12800"}],"wp:term":[{"taxonomy":"category","embeddable":true,"href":"https:\/\/www.fredonoccitanie.com\/jevi\/wp-json\/wp\/v2\/categories?post=12800"},{"taxonomy":"post_tag","embeddable":true,"href":"https:\/\/www.fredonoccitanie.com\/jevi\/wp-json\/wp\/v2\/tags?post=12800"}],"curies":[{"name":"wp","href":"https:\/\/api.w.org\/{rel}","templated":true}]}}