{"id":12765,"date":"2023-06-23T16:52:34","date_gmt":"2023-06-23T14:52:34","guid":{"rendered":"https:\/\/www.fredonoccitanie.com\/jevi\/?p=12765"},"modified":"2023-06-23T16:52:42","modified_gmt":"2023-06-23T14:52:42","slug":"jevi-repondez-a-lenquete-sur-lutilisation-des-engrais-en-jevi","status":"publish","type":"post","link":"https:\/\/www.fredonoccitanie.com\/jevi\/2023\/06\/23\/jevi-repondez-a-lenquete-sur-lutilisation-des-engrais-en-jevi\/","title":{"rendered":"[JEVI] &#8211; R\u00e9pondez \u00e0 l&rsquo;enqu\u00eate sur l&rsquo;utilisation des engrais en JEVI !"},"content":{"rendered":"<h3 style=\"text-align: center\"><strong>Vous g\u00e9rez des espaces publics et utilisez des engrais, aidez Plante&amp;Cit\u00e9 en r\u00e9pondant \u00e0 l&rsquo;enqu\u00eate ! <\/strong><\/h3>\n<p>&nbsp;<\/p>\n<p>Apr\u00e8s la loi Labb\u00e9 compl\u00e9t\u00e9e qui limite l\u2019utilisation des produits phytopharmaceutiques de synth\u00e8se dans les JEVI (jardins, espaces v\u00e9g\u00e9talis\u00e9s et infrastructures), c\u2019est aujourd\u2019hui <a title=\"Utilisation engrais dans les JEVI\" href=\"https:\/\/www.ecophyto-pro.fr\/fiches\/fiche\/58\/\" target=\"_blank\" rel=\"noopener\">l\u2019article 269 de la Loi Climat et R\u00e9silience qui pr\u00e9voit d\u2019interdire<\/a> <strong>d&rsquo;ici 2027 l\u2019utilisation des engrais de synth\u00e8se pour l\u2019entretien de la plupart des espaces appartenant aux collectivit\u00e9s territoriales, \u00e0 l\u2019Etat et \u00e0 leurs \u00e9tablissements<\/strong>.<\/p>\n<p><strong>Dans l\u2019attente du d\u00e9cret qui pr\u00e9cisera les conditions de mise en \u0153uvre de cette interdiction<\/strong>, Plante &amp; Cit\u00e9 souhaite dresser un<strong> \u00e9tat des lieux de l\u2019utilisation des engrais<\/strong> par les structures publiques et autres structures propri\u00e9taires-gestionnaires de JEVI professionnelles<\/p>\n<h6 style=\"text-align: center\">R\u00e9pondez \u00e0 l&rsquo;enqu\u00eate en cliquant ici :\u00a0<a title=\"Enqu\u00eate engrais JEVI Pro\" href=\"https:\/\/bit.ly\/EnqEngJEVI\">https:\/\/bit.ly\/EnqEngJEVI<\/a><\/h6>\n<p>Lire l&rsquo;article complet sur : <a href=\"https:\/\/www.ecophyto-pro.fr\/actualites\/lire\/908\/\">https:\/\/www.ecophyto-pro.fr\/actualites\/lire\/908\/<\/a><\/p>\n<p>Contact : maxime.guerin[at]plante-et-cite.fr<\/p>\n<p>Cr\u00e9dit Photo : FREDON Occitanie<\/p>\n","protected":false},"excerpt":{"rendered":"<p>Vous g\u00e9rez des espaces publics et utilisez des engrais, aidez Plante&amp;Cit\u00e9 en r\u00e9pondant \u00e0 l&rsquo;enqu\u00eate ! &nbsp; Apr\u00e8s la loi Labb\u00e9 compl\u00e9t\u00e9e qui limite l\u2019utilisation des produits phytopharmaceutiques de synth\u00e8se dans les JEVI (jardins, espaces v\u00e9g\u00e9talis\u00e9s et infrastructures), c\u2019est aujourd\u2019hui l\u2019article 269 de la Loi Climat et R\u00e9silience qui pr\u00e9voit d\u2019interdire d&rsquo;ici 2027 l\u2019utilisation des [&hellip;]<\/p>\n","protected":false},"author":14,"featured_media":10933,"comment_status":"closed","ping_status":"closed","sticky":false,"template":"","format":"standard","meta":{"footnotes":""},"categories":[8,2],"tags":[],"class_list":["post-12765","post","type-post","status-publish","format-standard","has-post-thumbnail","hentry","category-jevi","category-actualites-fredon"],"_links":{"self":[{"href":"https:\/\/www.fredonoccitanie.com\/jevi\/wp-json\/wp\/v2\/posts\/12765","targetHints":{"allow":["GET"]}}],"collection":[{"href":"https:\/\/www.fredonoccitanie.com\/jevi\/wp-json\/wp\/v2\/posts"}],"about":[{"href":"https:\/\/www.fredonoccitanie.com\/jevi\/wp-json\/wp\/v2\/types\/post"}],"author":[{"embeddable":true,"href":"https:\/\/www.fredonoccitanie.com\/jevi\/wp-json\/wp\/v2\/users\/14"}],"replies":[{"embeddable":true,"href":"https:\/\/www.fredonoccitanie.com\/jevi\/wp-json\/wp\/v2\/comments?post=12765"}],"version-history":[{"count":3,"href":"https:\/\/www.fredonoccitanie.com\/jevi\/wp-json\/wp\/v2\/posts\/12765\/revisions"}],"predecessor-version":[{"id":12772,"href":"https:\/\/www.fredonoccitanie.com\/jevi\/wp-json\/wp\/v2\/posts\/12765\/revisions\/12772"}],"wp:featuredmedia":[{"embeddable":true,"href":"https:\/\/www.fredonoccitanie.com\/jevi\/wp-json\/wp\/v2\/media\/10933"}],"wp:attachment":[{"href":"https:\/\/www.fredonoccitanie.com\/jevi\/wp-json\/wp\/v2\/media?parent=12765"}],"wp:term":[{"taxonomy":"category","embeddable":true,"href":"https:\/\/www.fredonoccitanie.com\/jevi\/wp-json\/wp\/v2\/categories?post=12765"},{"taxonomy":"post_tag","embeddable":true,"href":"https:\/\/www.fredonoccitanie.com\/jevi\/wp-json\/wp\/v2\/tags?post=12765"}],"curies":[{"name":"wp","href":"https:\/\/api.w.org\/{rel}","templated":true}]}}