{"id":12746,"date":"2023-06-22T10:14:15","date_gmt":"2023-06-22T08:14:15","guid":{"rendered":"https:\/\/www.fredonoccitanie.com\/jevi\/?p=12746"},"modified":"2023-06-22T10:18:57","modified_gmt":"2023-06-22T08:18:57","slug":"jevi-les-outils-reglementaires-pour-proteger-les-arbres-en-france","status":"publish","type":"post","link":"https:\/\/www.fredonoccitanie.com\/jevi\/2023\/06\/22\/jevi-les-outils-reglementaires-pour-proteger-les-arbres-en-france\/","title":{"rendered":"[JEVI] Les outils r\u00e9glementaires pour prot\u00e9ger les arbres en France"},"content":{"rendered":"<h3 style=\"text-align: center\">Les arbres sont-ils prot\u00e9g\u00e9s en France ?<\/h3>\n<p>&nbsp;<\/p>\n<p style=\"text-align: center\"><strong>L\u2019association pour la promotion du patrimoine culturel, naturel et paysager que constituent les all\u00e9es d\u2019arbres <a href=\"https:\/\/www.allees-avenues.eu\/\">ALL\u00c9ES &#8211; AVENUES<\/a> vient de faire para\u00eetre un m\u00e9mento. <\/strong><\/p>\n<p style=\"text-align: center\"><strong>Celui-ci apporte un \u00e9clairage sur les textes r\u00e9glementaires, notamment sur l\u2019article L350-3 du Code de l\u2019environnement qui est le seul article de la loi fran\u00e7aise prot\u00e9geant des arbres de mani\u00e8re inconditionnelle, en l\u2019occurrence, les all\u00e9es d\u2019arbres.<\/strong><\/p>\n<p>&nbsp;<\/p>\n<p>Vous y trouverez un certain nombre de <strong>bonnes pratiques<\/strong> et <strong>ressources utiles<\/strong> :<\/p>\n<p>\ud83d\udc49 Qu\u2019est-ce qu\u2019un arbre ? Quels sont ses besoins ? Qu\u2019est-ce qu\u2019une all\u00e9e ?<\/p>\n<p>\ud83d\udc49 Pourquoi les arbres d\u2019alignement b\u00e9n\u00e9ficient-t-ils d\u2019un traitement particulier\u00a0? D\u2019autres arbres ne m\u00e9riteraient-ils pas une protection \u00e9quivalente\u00a0(travail de r\u00e9flexion men\u00e9 notamment par le CAUE 77 et l\u2019association A.R.B.R.E.S)\u00a0?<\/p>\n<p>\ud83d\udc49 Quelle est la logique fran\u00e7aise de protection du patrimoine arbor\u00e9? Que disent les textes et qu\u2019impliquent-ils sur le terrain ? \u00a0Qu\u2019est-ce que les acteurs peuvent faire et ne pas faire ?<\/p>\n<p>\ud83d\udc49 Quels sont les dangers susceptibles d\u2019amoindrir la port\u00e9e de ces lois\u00a0?<\/p>\n<p>Ce<strong> memento<\/strong> s\u2019adresse \u00e0 tous les acteurs\u00a0concern\u00e9s et soucieux des arbres : <strong>propri\u00e9taire d\u2019arbres, gestionnaire, bureau d\u2019\u00e9tudes, concessionnaire r\u00e9seaux, entreprise VRD, services instructeurs ou encore citoyens.<\/strong><\/p>\n<p>L\u2019arbre est un organisme vivant, complexe et fragile qui a besoin d&rsquo;\u00eatre compris et prot\u00e9g\u00e9. Il est n\u00e9cessaire \u00e0 notre vie sur terre et plus que jamais au regard des <strong>enjeux climatiques<\/strong> actuels.<\/p>\n<p><img loading=\"lazy\" decoding=\"async\" class=\"wp-image-12761 aligncenter\" src=\"https:\/\/www.fredonoccitanie.com\/jevi\/wp-content\/uploads\/sites\/2\/2023\/06\/Memento-5-300x174.png\" alt=\"\" width=\"883\" height=\"512\" srcset=\"https:\/\/www.fredonoccitanie.com\/jevi\/wp-content\/uploads\/sites\/2\/2023\/06\/Memento-5-300x174.png 300w, https:\/\/www.fredonoccitanie.com\/jevi\/wp-content\/uploads\/sites\/2\/2023\/06\/Memento-5-1030x598.png 1030w, https:\/\/www.fredonoccitanie.com\/jevi\/wp-content\/uploads\/sites\/2\/2023\/06\/Memento-5-768x446.png 768w, https:\/\/www.fredonoccitanie.com\/jevi\/wp-content\/uploads\/sites\/2\/2023\/06\/Memento-5-1500x872.png 1500w, https:\/\/www.fredonoccitanie.com\/jevi\/wp-content\/uploads\/sites\/2\/2023\/06\/Memento-5-705x410.png 705w, https:\/\/www.fredonoccitanie.com\/jevi\/wp-content\/uploads\/sites\/2\/2023\/06\/Memento-5.png 1518w\" sizes=\"auto, (max-width: 883px) 100vw, 883px\" \/><\/p>\n<h3>Consulter le m\u00e9mento en <a href=\"https:\/\/allees-avenues.eu\/memento\">cliquant ici<\/a>.<\/h3>\n<p>&nbsp;<\/p>\n<p>Contact : <a href=\"https:\/\/www.fredonoccitanie.com\/jevi\/contact\/\">Julie Chouvel<\/a><\/p>\n<p>Credit photos : All\u00e9es Avenues<\/p>\n","protected":false},"excerpt":{"rendered":"<p>Les arbres sont-ils prot\u00e9g\u00e9s en France ? &nbsp; L\u2019association pour la promotion du patrimoine culturel, naturel et paysager que constituent les all\u00e9es d\u2019arbres ALL\u00c9ES &#8211; AVENUES vient de faire para\u00eetre un m\u00e9mento. Celui-ci apporte un \u00e9clairage sur les textes r\u00e9glementaires, notamment sur l\u2019article L350-3 du Code de l\u2019environnement qui est le seul article de la [&hellip;]<\/p>\n","protected":false},"author":17,"featured_media":12754,"comment_status":"closed","ping_status":"closed","sticky":false,"template":"","format":"standard","meta":{"footnotes":""},"categories":[8,2],"tags":[],"class_list":["post-12746","post","type-post","status-publish","format-standard","has-post-thumbnail","hentry","category-jevi","category-actualites-fredon"],"_links":{"self":[{"href":"https:\/\/www.fredonoccitanie.com\/jevi\/wp-json\/wp\/v2\/posts\/12746","targetHints":{"allow":["GET"]}}],"collection":[{"href":"https:\/\/www.fredonoccitanie.com\/jevi\/wp-json\/wp\/v2\/posts"}],"about":[{"href":"https:\/\/www.fredonoccitanie.com\/jevi\/wp-json\/wp\/v2\/types\/post"}],"author":[{"embeddable":true,"href":"https:\/\/www.fredonoccitanie.com\/jevi\/wp-json\/wp\/v2\/users\/17"}],"replies":[{"embeddable":true,"href":"https:\/\/www.fredonoccitanie.com\/jevi\/wp-json\/wp\/v2\/comments?post=12746"}],"version-history":[{"count":5,"href":"https:\/\/www.fredonoccitanie.com\/jevi\/wp-json\/wp\/v2\/posts\/12746\/revisions"}],"predecessor-version":[{"id":12763,"href":"https:\/\/www.fredonoccitanie.com\/jevi\/wp-json\/wp\/v2\/posts\/12746\/revisions\/12763"}],"wp:featuredmedia":[{"embeddable":true,"href":"https:\/\/www.fredonoccitanie.com\/jevi\/wp-json\/wp\/v2\/media\/12754"}],"wp:attachment":[{"href":"https:\/\/www.fredonoccitanie.com\/jevi\/wp-json\/wp\/v2\/media?parent=12746"}],"wp:term":[{"taxonomy":"category","embeddable":true,"href":"https:\/\/www.fredonoccitanie.com\/jevi\/wp-json\/wp\/v2\/categories?post=12746"},{"taxonomy":"post_tag","embeddable":true,"href":"https:\/\/www.fredonoccitanie.com\/jevi\/wp-json\/wp\/v2\/tags?post=12746"}],"curies":[{"name":"wp","href":"https:\/\/api.w.org\/{rel}","templated":true}]}}