{"id":12742,"date":"2023-06-19T16:18:54","date_gmt":"2023-06-19T14:18:54","guid":{"rendered":"https:\/\/www.fredonoccitanie.com\/jevi\/?p=12742"},"modified":"2023-06-19T16:18:54","modified_gmt":"2023-06-19T14:18:54","slug":"rediffusion-webinaire-jevi-2023-2-prevenir-les-problemes-de-sante-des-vegetaux-en-occitanie","status":"publish","type":"post","link":"https:\/\/www.fredonoccitanie.com\/jevi\/2023\/06\/19\/rediffusion-webinaire-jevi-2023-2-prevenir-les-problemes-de-sante-des-vegetaux-en-occitanie\/","title":{"rendered":"REDIFFUSION : Webinaire JEVI 2023 #2 \u2013 \u00ab Pr\u00e9venir les probl\u00e8mes de sant\u00e9 des v\u00e9g\u00e9taux en Occitanie \u00bb"},"content":{"rendered":"\r\n<h2 class=\"has-text-align-center wp-block-heading\" style=\"text-align: center\">REDIFFUSION<\/h2>\r\n<h2 style=\"text-align: center\">Pr\u00e9venir les probl\u00e8mes de sant\u00e9 des v\u00e9g\u00e9taux en Occitanie &#8211; 1h pour chercher la petite b\u00eate<\/h2>\r\n\r\n\r\n\r\n<h4 class=\"has-text-align-center\" style=\"text-align: center\"><strong><span class=\"has-inline-color\">vendredi 16 juin 2023 &#8211; 11h00 &#8211; 12h<\/span><\/strong><\/h4>\r\n<p>&nbsp;<\/p>\r\n<p>Certains organismes provenant du monde entier peuvent se retrouver dans nos espaces v\u00e9g\u00e9talis\u00e9s et causer des d\u00e9g\u00e2ts. C\u2019est le cas par exemple du chancre color\u00e9, maladie v\u00e9hicul\u00e9e par un champignon originaire des Etats-Unis (Ceratocystis platani ) et introduit dans le sud de la\u00a0 France pendant la seconde guerre mondiale touchant particuli\u00e8rement les platanes ou encore plus r\u00e9cemment le longicorne tigre (Xylotrechus chinensis) en provenance d\u2019Asie et qui s\u2019attaque aux muriers platanes.<\/p>\r\n<p>Comment connaitre ceux qui portent atteinte aux espaces v\u00e9g\u00e9talis\u00e9s ? Comment reconnaitre ces organismes sur le terrain ? Qui solliciter et comment agir ?<\/p>\r\n<p><strong><span class=\"fui-Text ___1kd1avm fk6fouc fod5ikn faaz57k figsok6 fpgzoln f1w7gpdv f6juhto f1mtd64y f1y7q3j9 f2jf649\">Ce webinaire vise \u00e0 faire connaitre les principales probl\u00e9matiques de surveillance sanitaire des v\u00e9g\u00e9taux rencontr\u00e9es en Occitanie et identifier les moyens d\u2019action<\/span><\/strong><strong><span class=\"fui-Text ___1kd1avm fk6fouc fod5ikn faaz57k figsok6 fpgzoln f1w7gpdv f6juhto f1mtd64y f1y7q3j9 f2jf649\"> en tant que gestionnaire JEVI<\/span><\/strong><\/p>\r\n<p>&nbsp;<\/p>\r\n<p><strong>Intervenants :<\/strong><\/p>\r\n<ul>\r\n<li><i>J\u00e9r\u00f4me JULLIEN \u2013<\/i>Expert r\u00e9f. national en Surveillance biologique du territoire -Productions horticoles \u2013 Jardins, espaces v\u00e9g\u00e9talis\u00e9s et infrastructures \u2013 Direction g\u00e9n\u00e9rale de l\u2019alimentation (DGAL) \u2013 Sous-direction de la sant\u00e9 et de la protection des v\u00e9g\u00e9taux (SDSPV)<\/li>\r\n<li><i>Emeric LECOEUR \u2013\u00a0 Assistant Responsable Technique \u2013 Passeport Phyto, Inspecteur<\/i><\/li>\r\n<\/ul>\r\n<p><div class='avia-iframe-wrap'><iframe loading=\"lazy\" title=\"Webinaire JEVI 2023 #7 - Pr\u00e9venir les probl\u00e8mes de sant\u00e9 des v\u00e9g\u00e9taux en Occitanie\" width=\"1500\" height=\"844\" src=\"https:\/\/www.youtube.com\/embed\/K2OMcU5aihs?feature=oembed\" frameborder=\"0\" allow=\"accelerometer; autoplay; clipboard-write; encrypted-media; gyroscope; picture-in-picture; web-share\" allowfullscreen><\/iframe><\/div><\/p>\r\n\r\n\r\n\r\n\r\n\r\n<p>&nbsp;<\/p>\r\n<p>En partenariat avec : <\/p>\r\n<p>\u00a0<img loading=\"lazy\" decoding=\"async\" class=\"alignnone  wp-image-11457\" src=\"https:\/\/www.fredonoccitanie.com\/jevi\/wp-content\/uploads\/sites\/2\/2023\/02\/Logo@4x-100.jpg\" alt=\"\" width=\"762\" height=\"121\" srcset=\"https:\/\/www.fredonoccitanie.com\/jevi\/wp-content\/uploads\/sites\/2\/2023\/02\/Logo@4x-100.jpg 2524w, https:\/\/www.fredonoccitanie.com\/jevi\/wp-content\/uploads\/sites\/2\/2023\/02\/Logo@4x-100-300x48.jpg 300w, https:\/\/www.fredonoccitanie.com\/jevi\/wp-content\/uploads\/sites\/2\/2023\/02\/Logo@4x-100-1030x164.jpg 1030w, https:\/\/www.fredonoccitanie.com\/jevi\/wp-content\/uploads\/sites\/2\/2023\/02\/Logo@4x-100-768x122.jpg 768w, https:\/\/www.fredonoccitanie.com\/jevi\/wp-content\/uploads\/sites\/2\/2023\/02\/Logo@4x-100-1536x244.jpg 1536w, https:\/\/www.fredonoccitanie.com\/jevi\/wp-content\/uploads\/sites\/2\/2023\/02\/Logo@4x-100-2048x325.jpg 2048w, https:\/\/www.fredonoccitanie.com\/jevi\/wp-content\/uploads\/sites\/2\/2023\/02\/Logo@4x-100-1500x238.jpg 1500w, https:\/\/www.fredonoccitanie.com\/jevi\/wp-content\/uploads\/sites\/2\/2023\/02\/Logo@4x-100-705x112.jpg 705w\" sizes=\"auto, (max-width: 762px) 100vw, 762px\" \/> \u00a0\u00a0\u00a0\u00a0\u00a0\u00a0\u00a0 \u00a0<\/p>\r\n","protected":false},"excerpt":{"rendered":"<p>REDIFFUSION Pr\u00e9venir les probl\u00e8mes de sant\u00e9 des v\u00e9g\u00e9taux en Occitanie &#8211; 1h pour chercher la petite b\u00eate vendredi 16 juin 2023 &#8211; 11h00 &#8211; 12h &nbsp; Certains organismes provenant du monde entier peuvent se retrouver dans nos espaces v\u00e9g\u00e9talis\u00e9s et causer des d\u00e9g\u00e2ts. C\u2019est le cas par exemple du chancre color\u00e9, maladie v\u00e9hicul\u00e9e par un [&hellip;]<\/p>\n","protected":false},"author":14,"featured_media":9122,"comment_status":"closed","ping_status":"open","sticky":false,"template":"","format":"standard","meta":{"footnotes":""},"categories":[8,2],"tags":[7],"class_list":["post-12742","post","type-post","status-publish","format-standard","has-post-thumbnail","hentry","category-jevi","category-actualites-fredon","tag-actualites-jevi"],"_links":{"self":[{"href":"https:\/\/www.fredonoccitanie.com\/jevi\/wp-json\/wp\/v2\/posts\/12742","targetHints":{"allow":["GET"]}}],"collection":[{"href":"https:\/\/www.fredonoccitanie.com\/jevi\/wp-json\/wp\/v2\/posts"}],"about":[{"href":"https:\/\/www.fredonoccitanie.com\/jevi\/wp-json\/wp\/v2\/types\/post"}],"author":[{"embeddable":true,"href":"https:\/\/www.fredonoccitanie.com\/jevi\/wp-json\/wp\/v2\/users\/14"}],"replies":[{"embeddable":true,"href":"https:\/\/www.fredonoccitanie.com\/jevi\/wp-json\/wp\/v2\/comments?post=12742"}],"version-history":[{"count":2,"href":"https:\/\/www.fredonoccitanie.com\/jevi\/wp-json\/wp\/v2\/posts\/12742\/revisions"}],"predecessor-version":[{"id":12744,"href":"https:\/\/www.fredonoccitanie.com\/jevi\/wp-json\/wp\/v2\/posts\/12742\/revisions\/12744"}],"wp:featuredmedia":[{"embeddable":true,"href":"https:\/\/www.fredonoccitanie.com\/jevi\/wp-json\/wp\/v2\/media\/9122"}],"wp:attachment":[{"href":"https:\/\/www.fredonoccitanie.com\/jevi\/wp-json\/wp\/v2\/media?parent=12742"}],"wp:term":[{"taxonomy":"category","embeddable":true,"href":"https:\/\/www.fredonoccitanie.com\/jevi\/wp-json\/wp\/v2\/categories?post=12742"},{"taxonomy":"post_tag","embeddable":true,"href":"https:\/\/www.fredonoccitanie.com\/jevi\/wp-json\/wp\/v2\/tags?post=12742"}],"curies":[{"name":"wp","href":"https:\/\/api.w.org\/{rel}","templated":true}]}}