{"id":12683,"date":"2023-05-31T17:20:00","date_gmt":"2023-05-31T15:20:00","guid":{"rendered":"https:\/\/www.fredonoccitanie.com\/jevi\/?p=12683"},"modified":"2023-05-31T17:20:00","modified_gmt":"2023-05-31T15:20:00","slug":"aides-amenagement-et-qualification-environnementale-des-espaces-publics-resilients","status":"publish","type":"post","link":"https:\/\/www.fredonoccitanie.com\/jevi\/2023\/05\/31\/aides-amenagement-et-qualification-environnementale-des-espaces-publics-resilients\/","title":{"rendered":"[Aides] &#8211; Am\u00e9nagement et qualification environnementale des espaces publics r\u00e9silients"},"content":{"rendered":"<h2 style=\"text-align: center\">Collectivit\u00e9s de moins de 3000 habitants (hors bourg centre), co-financez vos actions !<\/h2>\n<p><img loading=\"lazy\" decoding=\"async\" class=\"size-full wp-image-146 aligncenter\" src=\"https:\/\/www.fredonoccitanie.com\/jevi\/wp-content\/uploads\/sites\/2\/2021\/06\/OC-1702-instit-logo-carre-RVB-150x150-300dpi-150x150-1.png\" alt=\"\" width=\"150\" height=\"150\" srcset=\"https:\/\/www.fredonoccitanie.com\/jevi\/wp-content\/uploads\/sites\/2\/2021\/06\/OC-1702-instit-logo-carre-RVB-150x150-300dpi-150x150-1.png 150w, https:\/\/www.fredonoccitanie.com\/jevi\/wp-content\/uploads\/sites\/2\/2021\/06\/OC-1702-instit-logo-carre-RVB-150x150-300dpi-150x150-1-80x80.png 80w, https:\/\/www.fredonoccitanie.com\/jevi\/wp-content\/uploads\/sites\/2\/2021\/06\/OC-1702-instit-logo-carre-RVB-150x150-300dpi-150x150-1-36x36.png 36w\" sizes=\"auto, (max-width: 150px) 100vw, 150px\" \/><\/p>\n<h4>Qu&rsquo;est-ce que le dispositif : \u00ab\u00a0<span class=\"titre_surligne\">Am\u00e9nagement et qualification<\/span> environnementale des espaces publics r\u00e9silients ?\u00a0\u00bb<\/h4>\n<p>Ce dispositif pour l\u2019am\u00e9nagement et la qualification environnementale d\u2019espaces publics r\u00e9silients s\u2019inscrit dans le cadre de la nouvelle g\u00e9n\u00e9ration de Politique Contractuelle Territoriale Occitanie 2022-2028 qui a vocation \u00e0 d\u00e9cliner le Pacte Vert Occitanie dans chacun de nos territoires et inviter nos partenaires territoriaux \u00e0 s\u2019engager dans une d\u00e9marche de progr\u00e8s, en faveur du changement de mod\u00e8le de d\u00e9veloppement, pour r\u00e9ussir ensemble le r\u00e9\u00e9quilibrage territorial et favoriser l\u2019adaptation et la r\u00e9silience aux impacts du changement climatique<\/p>\n<p>&nbsp;<\/p>\n<h4>Quels sont les objectifs du dispositif ?<\/h4>\n<p>Ce dispositif vise \u00e0 contribuer au financement d\u2019op\u00e9rations d\u2019am\u00e9nagements d\u2019espaces publics r\u00e9silients privil\u00e9giant la <strong>renaturation et la d\u00e9simperm\u00e9abilisation et proposant des ilots de fra\u00eecheur et de verdure<\/strong> en c\u0153ur de ville et de bourg\u00a0:<\/p>\n<ul class=\"spip\">\n<li>Int\u00e9grant des exigences relatives \u00e0 la qualit\u00e9 des mat\u00e9riaux utilis\u00e9s (perm\u00e9ables, \u00e0 faible impact environnemental\u2026) et au respect du cycle de l\u2019eau (surfaces d\u2019\u00e9vaporation \/ d\u2019infiltration, \u00e9conomie d\u2019eau, utilisation d\u2019eau de r\u00e9cup\u00e9ration, \u2026),<\/li>\n<li>Participant \u00e0 l\u2019att\u00e9nuation et l\u2019adaptation au changement climatique (renaturation, choix des essences, r\u00e9duction de l\u2019impact des ruissellements urbains\u2026),<\/li>\n<li>Prenant en compte les bienfaits de la nature en ville (qualit\u00e9 de l\u2019air, de l\u2019eau et des sols, biodiversit\u00e9 en milieu urbanis\u00e9), le confort thermique et la r\u00e9gulation des ilots de chaleurs urbains et limitant les pollutions (notamment les pollutions lumineuses),<\/li>\n<li>Contribuant \u00e0 la d\u00e9ambulation pi\u00e9tonne en centre-ville, \u00e0 cr\u00e9er du lien social et \u00e0 l\u2019acc\u00e8s des habitants aux services de centralit\u00e9 (commerces, sant\u00e9, services publics, \u2026<\/li>\n<\/ul>\n<p>&nbsp;<\/p>\n<p>Les aides octroy\u00e9es vont de 20 \u00e0 25% maximum de la d\u00e9pense \u00e9ligible et la d\u00e9pense maximum \u00e9ligible est de 400 000 euros HT.<\/p>\n<p>&nbsp;<\/p>\n<p style=\"text-align: center\"><strong>V\u00e9rifiez les conditions d&rsquo;\u00e9ligibilit\u00e9 et les d\u00e9penses \u00e9ligibles <a href=\"https:\/\/www.laregion.fr\/Amenagement-et-qualification-environnementale-des-espaces-publics-resilients\">cliquant ici<\/a><\/strong><\/p>\n<p>&nbsp;<\/p>\n<h3 style=\"text-align: center\"><strong>Pour en savoir plus sur les aides :<br \/>\n<\/strong><\/h3>\n<h3 style=\"text-align: center\"><strong>\u00a0<a href=\"https:\/\/www.laregion.fr\/-Toutes-les-aides-\">Site de la R\u00e9gion Occitanie<\/a><\/strong><\/h3>\n<p>Source : R\u00e9gion Occitanie<\/p>\n<p>Cr\u00e9dit photo : Florian Martel<\/p>\n","protected":false},"excerpt":{"rendered":"<p>Collectivit\u00e9s de moins de 3000 habitants (hors bourg centre), co-financez vos actions ! Qu&rsquo;est-ce que le dispositif : \u00ab\u00a0Am\u00e9nagement et qualification environnementale des espaces publics r\u00e9silients ?\u00a0\u00bb Ce dispositif pour l\u2019am\u00e9nagement et la qualification environnementale d\u2019espaces publics r\u00e9silients s\u2019inscrit dans le cadre de la nouvelle g\u00e9n\u00e9ration de Politique Contractuelle Territoriale Occitanie 2022-2028 qui a vocation [&hellip;]<\/p>\n","protected":false},"author":14,"featured_media":12685,"comment_status":"closed","ping_status":"closed","sticky":false,"template":"","format":"standard","meta":{"footnotes":""},"categories":[8],"tags":[],"class_list":["post-12683","post","type-post","status-publish","format-standard","has-post-thumbnail","hentry","category-jevi"],"_links":{"self":[{"href":"https:\/\/www.fredonoccitanie.com\/jevi\/wp-json\/wp\/v2\/posts\/12683","targetHints":{"allow":["GET"]}}],"collection":[{"href":"https:\/\/www.fredonoccitanie.com\/jevi\/wp-json\/wp\/v2\/posts"}],"about":[{"href":"https:\/\/www.fredonoccitanie.com\/jevi\/wp-json\/wp\/v2\/types\/post"}],"author":[{"embeddable":true,"href":"https:\/\/www.fredonoccitanie.com\/jevi\/wp-json\/wp\/v2\/users\/14"}],"replies":[{"embeddable":true,"href":"https:\/\/www.fredonoccitanie.com\/jevi\/wp-json\/wp\/v2\/comments?post=12683"}],"version-history":[{"count":3,"href":"https:\/\/www.fredonoccitanie.com\/jevi\/wp-json\/wp\/v2\/posts\/12683\/revisions"}],"predecessor-version":[{"id":12687,"href":"https:\/\/www.fredonoccitanie.com\/jevi\/wp-json\/wp\/v2\/posts\/12683\/revisions\/12687"}],"wp:featuredmedia":[{"embeddable":true,"href":"https:\/\/www.fredonoccitanie.com\/jevi\/wp-json\/wp\/v2\/media\/12685"}],"wp:attachment":[{"href":"https:\/\/www.fredonoccitanie.com\/jevi\/wp-json\/wp\/v2\/media?parent=12683"}],"wp:term":[{"taxonomy":"category","embeddable":true,"href":"https:\/\/www.fredonoccitanie.com\/jevi\/wp-json\/wp\/v2\/categories?post=12683"},{"taxonomy":"post_tag","embeddable":true,"href":"https:\/\/www.fredonoccitanie.com\/jevi\/wp-json\/wp\/v2\/tags?post=12683"}],"curies":[{"name":"wp","href":"https:\/\/api.w.org\/{rel}","templated":true}]}}