{"id":12463,"date":"2023-04-24T10:51:11","date_gmt":"2023-04-24T08:51:11","guid":{"rendered":"https:\/\/www.fredonoccitanie.com\/jevi\/?p=12463"},"modified":"2023-04-24T14:36:23","modified_gmt":"2023-04-24T12:36:23","slug":"retour-sur-la-journee-technique-du-zero-phyto-aux-alternatives-qualitatives-jusqua-la-desimpermeabilisation","status":"publish","type":"post","link":"https:\/\/www.fredonoccitanie.com\/jevi\/2023\/04\/24\/retour-sur-la-journee-technique-du-zero-phyto-aux-alternatives-qualitatives-jusqua-la-desimpermeabilisation\/","title":{"rendered":"Retour sur la journ\u00e9e technique : \u00ab\u00a0Du z\u00e9ro phyto aux alternatives qualitatives jusqu\u2019\u00e0 la d\u00e9simperm\u00e9abilisation\u00a0\u00bb"},"content":{"rendered":"<h2 style=\"text-align: center\">Journ\u00e9e technique organis\u00e9e par l&rsquo;EPAGE du bassin Viaur, avec la participation de la mission JEVI \/ FREDON Occitanie et du CAUE 81<\/h2>\n<h5 style=\"text-align: center\"><strong>Mardi 18 avril 2023 &#8211; <\/strong>Sali\u00e8s <strong>(81)<\/strong><\/h5>\n<p>Entr\u00e9e en vigueur au mois de juillet dernier, l&rsquo;extension de la loi Labb\u00e9 \u00e9tend l&rsquo;interdiction de l&rsquo;usage de produits phytosanitaires \u00e0 de nouveaux espaces. Pour r\u00e9pondre aux questionnements des gestionnaires engendr\u00e9s par ces nouvelles dispositions, l&rsquo;EPAGE Viaur a organis\u00e9 une journ\u00e9e d&rsquo;\u00e9changes sur la mise en \u0153uvre du z\u00e9ro phyto, avec un point r\u00e9alis\u00e9 par la FREDON Occitanie sur la gestion des stades, et le CAUE 81 a donn\u00e9 des \u00e9l\u00e9ments sur la d\u00e9simperm\u00e9abilisation.<\/p>\n<p>Depuis 2017, l&rsquo;EPAGE Viaur accompagne les communes du bassin versant au changement de pratiques.<\/p>\n<p>&nbsp;<\/p>\n<p><img loading=\"lazy\" decoding=\"async\" class=\"alignnone size-medium wp-image-12465 aligncenter\" src=\"https:\/\/www.fredonoccitanie.com\/jevi\/wp-content\/uploads\/sites\/2\/2023\/04\/20230418_114127-300x225.jpg\" alt=\"\" width=\"300\" height=\"225\" \/><\/p>\n<p style=\"text-align: center\">Intervention de la FREDON Occitanie \u00e0 Sali\u00e8s (81)<\/p>\n<h3 style=\"text-align: center\"><\/h3>\n<p>&nbsp;<\/p>\n<p><strong>L&rsquo;objectif \u00e9tait de sensibiliser les communes du bassin versant sur le \u00ab\u00a0Z\u00e9ro Phyto\u00a0\u00bb, de pr\u00e9senter la nouvelle charte r\u00e9gionale \u00ab\u00a0Engag\u00e9 pour le v\u00e9g\u00e9tal\u00a0\u00bb anim\u00e9e par la FREDON Occitanie et de pr\u00e9senter des exemples de renaturation d&rsquo;espaces.<\/strong><\/p>\n<p>&nbsp;<\/p>\n<p><img loading=\"lazy\" decoding=\"async\" class=\"alignnone size-medium wp-image-12466 aligncenter\" src=\"https:\/\/www.fredonoccitanie.com\/jevi\/wp-content\/uploads\/sites\/2\/2023\/04\/20230418_140413-300x225.jpg\" alt=\"\" width=\"300\" height=\"225\" srcset=\"https:\/\/www.fredonoccitanie.com\/jevi\/wp-content\/uploads\/sites\/2\/2023\/04\/20230418_140413-300x225.jpg 300w, https:\/\/www.fredonoccitanie.com\/jevi\/wp-content\/uploads\/sites\/2\/2023\/04\/20230418_140413-1030x773.jpg 1030w, https:\/\/www.fredonoccitanie.com\/jevi\/wp-content\/uploads\/sites\/2\/2023\/04\/20230418_140413-768x576.jpg 768w, https:\/\/www.fredonoccitanie.com\/jevi\/wp-content\/uploads\/sites\/2\/2023\/04\/20230418_140413-1536x1152.jpg 1536w, https:\/\/www.fredonoccitanie.com\/jevi\/wp-content\/uploads\/sites\/2\/2023\/04\/20230418_140413-2048x1536.jpg 2048w, https:\/\/www.fredonoccitanie.com\/jevi\/wp-content\/uploads\/sites\/2\/2023\/04\/20230418_140413-1500x1125.jpg 1500w, https:\/\/www.fredonoccitanie.com\/jevi\/wp-content\/uploads\/sites\/2\/2023\/04\/20230418_140413-705x529.jpg 705w\" sizes=\"auto, (max-width: 300px) 100vw, 300px\" \/><\/p>\n<p style=\"text-align: center\">Rencontre technique Sali\u00e8s (31)<\/p>\n<p>Des solutions techniques, op\u00e9rationnelles, concr\u00e8tes ont \u00e9t\u00e9 mises en avant, tout comme l&rsquo;importance de les accompagner d&rsquo;actions de communication et de sensibilisation des usagers.<\/p>\n<h5><strong>Avis aux structures qui accompagnent les collectivit\u00e9s et gestionnaires JEVI :<\/strong><\/h5>\n<p><strong>L&rsquo;\u00e9quipe de la Mission JEVI anim\u00e9e par FREDON Occitanie se mobilise pour accompagner le changement de pratiques des gestionnaires JEVI en Occitanie vers une gestion \u00e9cologique et durable des espaces verts. <\/strong><\/p>\n<p><strong>Si vous souhaitez organiser ce type de rencontre sur votre territoire, contactez-nous <\/strong><a href=\"https:\/\/www.fredonoccitanie.com\/jevi\/contact\/\">ici<\/a><\/p>\n<p>Sources : EPAGE Viaur et FREDON Occitanie<\/p>\n<p>Cr\u00e9dits images : (c) EPAGE du bassin Viaur<strong><br \/>\n<\/strong><\/p>\n","protected":false},"excerpt":{"rendered":"<p>Journ\u00e9e technique organis\u00e9e par l&rsquo;EPAGE du bassin Viaur, avec la participation de la mission JEVI \/ FREDON Occitanie et du CAUE 81 Mardi 18 avril 2023 &#8211; Sali\u00e8s (81) Entr\u00e9e en vigueur au mois de juillet dernier, l&rsquo;extension de la loi Labb\u00e9 \u00e9tend l&rsquo;interdiction de l&rsquo;usage de produits phytosanitaires \u00e0 de nouveaux espaces. Pour r\u00e9pondre [&hellip;]<\/p>\n","protected":false},"author":19,"featured_media":12492,"comment_status":"closed","ping_status":"closed","sticky":false,"template":"","format":"standard","meta":{"footnotes":""},"categories":[8],"tags":[],"class_list":["post-12463","post","type-post","status-publish","format-standard","has-post-thumbnail","hentry","category-jevi"],"_links":{"self":[{"href":"https:\/\/www.fredonoccitanie.com\/jevi\/wp-json\/wp\/v2\/posts\/12463","targetHints":{"allow":["GET"]}}],"collection":[{"href":"https:\/\/www.fredonoccitanie.com\/jevi\/wp-json\/wp\/v2\/posts"}],"about":[{"href":"https:\/\/www.fredonoccitanie.com\/jevi\/wp-json\/wp\/v2\/types\/post"}],"author":[{"embeddable":true,"href":"https:\/\/www.fredonoccitanie.com\/jevi\/wp-json\/wp\/v2\/users\/19"}],"replies":[{"embeddable":true,"href":"https:\/\/www.fredonoccitanie.com\/jevi\/wp-json\/wp\/v2\/comments?post=12463"}],"version-history":[{"count":5,"href":"https:\/\/www.fredonoccitanie.com\/jevi\/wp-json\/wp\/v2\/posts\/12463\/revisions"}],"predecessor-version":[{"id":12473,"href":"https:\/\/www.fredonoccitanie.com\/jevi\/wp-json\/wp\/v2\/posts\/12463\/revisions\/12473"}],"wp:featuredmedia":[{"embeddable":true,"href":"https:\/\/www.fredonoccitanie.com\/jevi\/wp-json\/wp\/v2\/media\/12492"}],"wp:attachment":[{"href":"https:\/\/www.fredonoccitanie.com\/jevi\/wp-json\/wp\/v2\/media?parent=12463"}],"wp:term":[{"taxonomy":"category","embeddable":true,"href":"https:\/\/www.fredonoccitanie.com\/jevi\/wp-json\/wp\/v2\/categories?post=12463"},{"taxonomy":"post_tag","embeddable":true,"href":"https:\/\/www.fredonoccitanie.com\/jevi\/wp-json\/wp\/v2\/tags?post=12463"}],"curies":[{"name":"wp","href":"https:\/\/api.w.org\/{rel}","templated":true}]}}