{"id":12443,"date":"2023-04-19T14:24:18","date_gmt":"2023-04-19T12:24:18","guid":{"rendered":"https:\/\/www.fredonoccitanie.com\/jevi\/?p=12443"},"modified":"2023-04-24T14:37:18","modified_gmt":"2023-04-24T12:37:18","slug":"1er-juin-2023-journee-technique-hortis-carcassonne","status":"publish","type":"post","link":"https:\/\/www.fredonoccitanie.com\/jevi\/2023\/04\/19\/1er-juin-2023-journee-technique-hortis-carcassonne\/","title":{"rendered":"1er juin 2023 : Journ\u00e9e technique Hortis &#8211; Carcassonne"},"content":{"rendered":"<h1 style=\"text-align: center\"><strong>La deuxi\u00e8me journ\u00e9e technique 2023 organis\u00e9e par Hortis, les responsables des espaces nature en ville, arrive !<br \/>\n<\/strong><\/h1>\n<p>&nbsp;<\/p>\n<p>&nbsp;<\/p>\n<p>Cette \u00e9dition aura lieu le jeudi 1er juin 2023 sur la th\u00e9matique <strong>\u201cS\u00e8cheresse et arrosage\u201d<\/strong>, \u00e0 Carcassonne. Plusieurs intervenants seront pr\u00e9sents\u00a0et aborderont les alternatives \u00e0 l&rsquo;utilisation d&rsquo;eau potable, les enjeux du changement climatique sur les paysages et l&rsquo;\u00e9volution de la palette v\u00e9g\u00e9tale arbor\u00e9e, l&rsquo;optimisation de l&rsquo;arrosage et la maintenance des r\u00e9seaux.<\/p>\n<p>&nbsp;<\/p>\n<p>&nbsp;<\/p>\n<h6>Au programme :<\/h6>\n<ul>\n<li><strong>9h00 :<\/strong> Stationnement et Accueil (Badge, caf\u00e9\/ viennoiserie) au stade DOMEC 3 AV Maurice-Paul Emmanuel du g\u00e9n\u00e9ral SARRAIL.<\/li>\n<\/ul>\n<p>&nbsp;<\/p>\n<ul>\n<li><strong>9h45 <\/strong>: Salle Odeum, 64 Rue Antoine MARTY. Discours de bienvenue : Ville de Carcassonne, Hortis, pr\u00e9sentation des partenaires.<\/li>\n<\/ul>\n<p>&nbsp;<\/p>\n<ul>\n<li><strong>10h00 \u00e0 10h30 <\/strong>: Etat des lieux de la s\u00e9cheresse au 1 juin, \u00e9volution \u00e0 court terme et pr\u00e9vision du GIEC. Jean-Michel CLERC. Charg\u00e9 de mission Eaux Agence de d\u00e9veloppement \u00e9conomique R\u00e9gion Occitanie.<\/li>\n<\/ul>\n<p>&nbsp;<\/p>\n<ul>\n<li><strong>10h30 \u00e0 11h00<\/strong> : Les solutions alternatives \u00e0 l\u2019emploi de l\u2019eau potable. CEREMA.<\/li>\n<\/ul>\n<p>&nbsp;<\/p>\n<ul>\n<li><strong>11h00 \u00e0 12h00<\/strong> : L\u2019\u00e9volution du paysage et des espaces verts et naturels Occitan par rapport \u00e0 la s\u00e8cheresse et aux changements climatiques. V\u00e9ronique MURE, botaniste, ing\u00e9nieur en agronomie tropicale.<\/li>\n<\/ul>\n<p>&nbsp;<\/p>\n<ul>\n<li><strong>11h45 \u00e0 12h30 <\/strong>: Table ronde, les paradoxes du bleu et du vert (s\u00e8cheresse et espaces verts).<\/li>\n<\/ul>\n<p>&nbsp;<\/p>\n<ul>\n<li><strong>12h30 \u00e0 14h30 :<\/strong> Repas \u00e0 20\u20ac \u00e0 la charge de chacun (inscription par formulaire)<\/li>\n<\/ul>\n<p>&nbsp;<\/p>\n<ul>\n<li><strong>14h30 \u00e0 15h00<\/strong> : Proposition de l\u2019\u00e9volution de la palette arbor\u00e9 en Occitanie. Nicolas THEBAULT, master 2 Arboriculture.<\/li>\n<\/ul>\n<p>&nbsp;<\/p>\n<ul>\n<li><strong>15h00 \u00e0 15h30 : <\/strong>Pr\u00e9sentation de la charte pour le jardin en M\u00e9diterran\u00e9e. Philipe DALMASSO, DR Hortis, charg\u00e9 de conception paysag\u00e8re \u00e0 la ville d\u2019Antibes.<\/li>\n<\/ul>\n<p>&nbsp;<\/p>\n<ul>\n<li><strong>15h30 \u00e0 16h00 <\/strong>: Arrosage optimis\u00e9 des espaces verts. Hortis \/ CEREMA \/ Plante et cit\u00e9.<\/li>\n<\/ul>\n<p>&nbsp;<\/p>\n<ul>\n<li><strong>16h00 \u00e0 16h30 :<\/strong> Base de la maintenance des r\u00e9seaux et les innovations techniques (RDWS pour les arbres et arrosage centralis\u00e9). David REYNARD, Rainbird.<\/li>\n<\/ul>\n<p>&nbsp;<\/p>\n<ul>\n<li><strong>16H30 \u00e0 16H45<\/strong> Conclusion de la journ\u00e9e.<\/li>\n<\/ul>\n<p>Pour participer \u00e0 cette journ\u00e9e, inscrivez-vous en renvoyant le <a href=\"https:\/\/fredonoccitanie189-my.sharepoint.com\/:b:\/g\/personal\/f_martel_fredon-occitanie_fr\/EbUmHGHKhRtFnhCfJcUKGAABvv83J764PxH6Q-Nbw1Fpbg?e=lndAEc\">formulaire<\/a> (inscription individuelle) par mail \u00e0 : <strong><a href=\"mailto:patrickjardindeville@gmail.com\">patrickjardindeville@gmail.com<\/a><\/strong><\/p>\n<p>Sources &amp; Cr\u00e9dits images\u202f: Hortis, Gardena (c)<\/p>\n","protected":false},"excerpt":{"rendered":"<p>La deuxi\u00e8me journ\u00e9e technique 2023 organis\u00e9e par Hortis, les responsables des espaces nature en ville, arrive ! &nbsp; &nbsp; Cette \u00e9dition aura lieu le jeudi 1er juin 2023 sur la th\u00e9matique \u201cS\u00e8cheresse et arrosage\u201d, \u00e0 Carcassonne. Plusieurs intervenants seront pr\u00e9sents\u00a0et aborderont les alternatives \u00e0 l&rsquo;utilisation d&rsquo;eau potable, les enjeux du changement climatique sur les paysages [&hellip;]<\/p>\n","protected":false},"author":19,"featured_media":12456,"comment_status":"closed","ping_status":"closed","sticky":false,"template":"","format":"standard","meta":{"footnotes":""},"categories":[11],"tags":[],"class_list":["post-12443","post","type-post","status-publish","format-standard","has-post-thumbnail","hentry","category-agenda-jevi"],"_links":{"self":[{"href":"https:\/\/www.fredonoccitanie.com\/jevi\/wp-json\/wp\/v2\/posts\/12443","targetHints":{"allow":["GET"]}}],"collection":[{"href":"https:\/\/www.fredonoccitanie.com\/jevi\/wp-json\/wp\/v2\/posts"}],"about":[{"href":"https:\/\/www.fredonoccitanie.com\/jevi\/wp-json\/wp\/v2\/types\/post"}],"author":[{"embeddable":true,"href":"https:\/\/www.fredonoccitanie.com\/jevi\/wp-json\/wp\/v2\/users\/19"}],"replies":[{"embeddable":true,"href":"https:\/\/www.fredonoccitanie.com\/jevi\/wp-json\/wp\/v2\/comments?post=12443"}],"version-history":[{"count":5,"href":"https:\/\/www.fredonoccitanie.com\/jevi\/wp-json\/wp\/v2\/posts\/12443\/revisions"}],"predecessor-version":[{"id":12918,"href":"https:\/\/www.fredonoccitanie.com\/jevi\/wp-json\/wp\/v2\/posts\/12443\/revisions\/12918"}],"wp:featuredmedia":[{"embeddable":true,"href":"https:\/\/www.fredonoccitanie.com\/jevi\/wp-json\/wp\/v2\/media\/12456"}],"wp:attachment":[{"href":"https:\/\/www.fredonoccitanie.com\/jevi\/wp-json\/wp\/v2\/media?parent=12443"}],"wp:term":[{"taxonomy":"category","embeddable":true,"href":"https:\/\/www.fredonoccitanie.com\/jevi\/wp-json\/wp\/v2\/categories?post=12443"},{"taxonomy":"post_tag","embeddable":true,"href":"https:\/\/www.fredonoccitanie.com\/jevi\/wp-json\/wp\/v2\/tags?post=12443"}],"curies":[{"name":"wp","href":"https:\/\/api.w.org\/{rel}","templated":true}]}}