{"id":12363,"date":"2023-04-12T15:35:23","date_gmt":"2023-04-12T13:35:23","guid":{"rendered":"https:\/\/www.fredonoccitanie.com\/jevi\/?p=12363"},"modified":"2023-04-12T16:31:51","modified_gmt":"2023-04-12T14:31:51","slug":"icu-la-participation-citoyenne-un-levier-cle-dans-la-lutte-contre-le-phenomene-dilots-de-chaleur-urbains-en-occitanie","status":"publish","type":"post","link":"https:\/\/www.fredonoccitanie.com\/jevi\/2023\/04\/12\/icu-la-participation-citoyenne-un-levier-cle-dans-la-lutte-contre-le-phenomene-dilots-de-chaleur-urbains-en-occitanie\/","title":{"rendered":"[ICU] La participation citoyenne, un levier cl\u00e9 dans la lutte contre le ph\u00e9nom\u00e8ne d&rsquo;\u00eelots de chaleur urbains en Occitanie !"},"content":{"rendered":"<h3 style=\"text-align: center\">Am\u00e9nager l\u2019espace public, c\u2019est am\u00e9nager un espace v\u00e9cu o\u00f9 une multitude d\u2019usages se c\u00f4toient. Associer les citoyens \u00e0 la r\u00e9flexion permet d\u2019adapter le futur projet \u00e0 leurs besoins et attentes, mais surtout de l\u2019ancrer dans la r\u00e9alit\u00e9 actuelle et \u00e0 venir, notamment au regard des impacts du changement climatique.<\/h3>\n<p>&nbsp;<\/p>\n<p style=\"text-align: center\"><strong>En 2023, FREDON Occitanie accompagne 5 communes de la r\u00e9gion dans l\u2019am\u00e9nagement paysager et la v\u00e9g\u00e9talisation de 5 sites pilotes.<\/strong><\/p>\n<p style=\"text-align: center\"><strong>Les objectifs ? Am\u00e9liorer le cadre de vie ainsi que le confort thermique des habitants, en luttant contre le ph\u00e9nom\u00e8ne d\u2019\u00eelots de chaleur urbains.<\/strong><\/p>\n<p>&nbsp;<\/p>\n<p>Dans cette d\u00e9marche, la volont\u00e9 est de donner la parole aux habitants et usagers des espaces publics concern\u00e9s, via la mise en place d\u2019ateliers participatifs.\u00a0Deux d\u2019entre eux ont pris la forme d\u2019un diagnostic en marchant et d\u2019une d\u00e9ambulation sur site.<\/p>\n<p>&nbsp;<\/p>\n<h6>\u2192 Focus sur les communes de <strong>Marguerittes<\/strong> et de <strong>Prats-de-Mollo-la-Preste<\/strong>.<\/h6>\n<p><img loading=\"lazy\" decoding=\"async\" class=\"aligncenter wp-image-12375\" src=\"https:\/\/www.fredonoccitanie.com\/jevi\/wp-content\/uploads\/sites\/2\/2023\/04\/toute-la-carte-300x225.jpg\" alt=\"Carte R\u00e9gionale des communes accompagn\u00e9es\" width=\"543\" height=\"407\" srcset=\"https:\/\/www.fredonoccitanie.com\/jevi\/wp-content\/uploads\/sites\/2\/2023\/04\/toute-la-carte-300x225.jpg 300w, https:\/\/www.fredonoccitanie.com\/jevi\/wp-content\/uploads\/sites\/2\/2023\/04\/toute-la-carte-1030x771.jpg 1030w, https:\/\/www.fredonoccitanie.com\/jevi\/wp-content\/uploads\/sites\/2\/2023\/04\/toute-la-carte-768x575.jpg 768w, https:\/\/www.fredonoccitanie.com\/jevi\/wp-content\/uploads\/sites\/2\/2023\/04\/toute-la-carte-1536x1150.jpg 1536w, https:\/\/www.fredonoccitanie.com\/jevi\/wp-content\/uploads\/sites\/2\/2023\/04\/toute-la-carte-2048x1533.jpg 2048w, https:\/\/www.fredonoccitanie.com\/jevi\/wp-content\/uploads\/sites\/2\/2023\/04\/toute-la-carte-1500x1123.jpg 1500w, https:\/\/www.fredonoccitanie.com\/jevi\/wp-content\/uploads\/sites\/2\/2023\/04\/toute-la-carte-705x528.jpg 705w\" sizes=\"auto, (max-width: 543px) 100vw, 543px\" \/><\/p>\n<p><img loading=\"lazy\" decoding=\"async\" class=\"aligncenter wp-image-12403\" src=\"https:\/\/www.fredonoccitanie.com\/jevi\/wp-content\/uploads\/sites\/2\/2023\/04\/legende-seule-gras-departement-2-300x151.jpg\" alt=\"\" width=\"491\" height=\"247\" srcset=\"https:\/\/www.fredonoccitanie.com\/jevi\/wp-content\/uploads\/sites\/2\/2023\/04\/legende-seule-gras-departement-2-300x151.jpg 300w, https:\/\/www.fredonoccitanie.com\/jevi\/wp-content\/uploads\/sites\/2\/2023\/04\/legende-seule-gras-departement-2-1030x519.jpg 1030w, https:\/\/www.fredonoccitanie.com\/jevi\/wp-content\/uploads\/sites\/2\/2023\/04\/legende-seule-gras-departement-2-768x387.jpg 768w, https:\/\/www.fredonoccitanie.com\/jevi\/wp-content\/uploads\/sites\/2\/2023\/04\/legende-seule-gras-departement-2-1536x774.jpg 1536w, https:\/\/www.fredonoccitanie.com\/jevi\/wp-content\/uploads\/sites\/2\/2023\/04\/legende-seule-gras-departement-2-2048x1032.jpg 2048w, https:\/\/www.fredonoccitanie.com\/jevi\/wp-content\/uploads\/sites\/2\/2023\/04\/legende-seule-gras-departement-2-1500x756.jpg 1500w, https:\/\/www.fredonoccitanie.com\/jevi\/wp-content\/uploads\/sites\/2\/2023\/04\/legende-seule-gras-departement-2-705x355.jpg 705w\" sizes=\"auto, (max-width: 491px) 100vw, 491px\" \/><\/p>\n<p>&nbsp;<\/p>\n<p>La <strong>mobilisation citoyenne<\/strong> permet aux usagers de s\u2019exprimer et d\u2019apporter une expertise sensible de leurs espaces du quotidien, au travers de leurs exp\u00e9riences de vie et leur connaissance pr\u00e9cise du site.<\/p>\n<p>Gr\u00e2ce \u00e0 la motivation et l\u2019engagement des<strong> \u00e9lus<\/strong>\u00a0ainsi que l\u2019appui du <strong>CAUE du Gard,<\/strong> les \u00e9changes on \u00e9t\u00e9 riches, permettant ainsi de se questionner autour de la v\u00e9g\u00e9talisation des rues du centre ancien de Marguerittes et du cimeti\u00e8re de la commune Prats-de-Mollo-la-Preste.<\/p>\n<p><img loading=\"lazy\" decoding=\"async\" class=\"aligncenter wp-image-12372\" src=\"https:\/\/www.fredonoccitanie.com\/jevi\/wp-content\/uploads\/sites\/2\/2023\/04\/prats-300x200.jpg\" alt=\"\" width=\"590\" height=\"393\" srcset=\"https:\/\/www.fredonoccitanie.com\/jevi\/wp-content\/uploads\/sites\/2\/2023\/04\/prats-300x200.jpg 300w, https:\/\/www.fredonoccitanie.com\/jevi\/wp-content\/uploads\/sites\/2\/2023\/04\/prats-1030x687.jpg 1030w, https:\/\/www.fredonoccitanie.com\/jevi\/wp-content\/uploads\/sites\/2\/2023\/04\/prats-768x512.jpg 768w, https:\/\/www.fredonoccitanie.com\/jevi\/wp-content\/uploads\/sites\/2\/2023\/04\/prats-1536x1024.jpg 1536w, https:\/\/www.fredonoccitanie.com\/jevi\/wp-content\/uploads\/sites\/2\/2023\/04\/prats-2048x1365.jpg 2048w, https:\/\/www.fredonoccitanie.com\/jevi\/wp-content\/uploads\/sites\/2\/2023\/04\/prats-1500x1000.jpg 1500w, https:\/\/www.fredonoccitanie.com\/jevi\/wp-content\/uploads\/sites\/2\/2023\/04\/prats-705x470.jpg 705w\" sizes=\"auto, (max-width: 590px) 100vw, 590px\" \/><\/p>\n<p style=\"text-align: center\">Comment vous sentez-vous dans ce lieu ? Qu\u2019appr\u00e9ciez-vous ? Qu\u2019est-ce que vous n\u2019appr\u00e9ciez pas ? Votre ressenti est-il le m\u00eame tout au long de l\u2019ann\u00e9e ? \u00a0Quelles sont vos pratiques de ce lieu aujourd\u2019hui? Et qu\u2019aimeriez-vous y faire demain? \u2026<\/p>\n<p>Ainsi, plusieurs questions ont \u00e9t\u00e9 abord\u00e9es lors des diff\u00e9rents points d\u2019arr\u00eats afin d\u2019engager une <strong>premi\u00e8re r\u00e9flexion<\/strong> et <strong>analyse<\/strong> avec les habitants, <strong>cr\u00e9er le d\u00e9bat <\/strong>en les laissant s\u2019exprimer autour des sites concern\u00e9s.<\/p>\n<p><img loading=\"lazy\" decoding=\"async\" class=\"aligncenter wp-image-12424\" src=\"https:\/\/www.fredonoccitanie.com\/jevi\/wp-content\/uploads\/sites\/2\/2023\/04\/Remplissage-des-supports-datelier-300x196.jpg\" alt=\"\" width=\"534\" height=\"349\" srcset=\"https:\/\/www.fredonoccitanie.com\/jevi\/wp-content\/uploads\/sites\/2\/2023\/04\/Remplissage-des-supports-datelier-300x196.jpg 300w, https:\/\/www.fredonoccitanie.com\/jevi\/wp-content\/uploads\/sites\/2\/2023\/04\/Remplissage-des-supports-datelier-1030x672.jpg 1030w, https:\/\/www.fredonoccitanie.com\/jevi\/wp-content\/uploads\/sites\/2\/2023\/04\/Remplissage-des-supports-datelier-768x501.jpg 768w, https:\/\/www.fredonoccitanie.com\/jevi\/wp-content\/uploads\/sites\/2\/2023\/04\/Remplissage-des-supports-datelier-1536x1002.jpg 1536w\" sizes=\"auto, (max-width: 534px) 100vw, 534px\" \/><\/p>\n<p>Les r\u00e9ponses ont \u00e9t\u00e9 recueillies dans des livrets compl\u00e9t\u00e9s par les participants, qui ont \u00e9t\u00e9 invit\u00e9s \u00e0 la fin des ateliers \u00e0 <strong>imaginer leur rue et cimeti\u00e8re id\u00e9als<\/strong>.<\/p>\n<p><img loading=\"lazy\" decoding=\"async\" class=\"aligncenter wp-image-12425\" src=\"https:\/\/www.fredonoccitanie.com\/jevi\/wp-content\/uploads\/sites\/2\/2023\/04\/Supports-datelier-300x196.jpg\" alt=\"\" width=\"541\" height=\"353\" srcset=\"https:\/\/www.fredonoccitanie.com\/jevi\/wp-content\/uploads\/sites\/2\/2023\/04\/Supports-datelier-300x196.jpg 300w, https:\/\/www.fredonoccitanie.com\/jevi\/wp-content\/uploads\/sites\/2\/2023\/04\/Supports-datelier-1030x672.jpg 1030w, https:\/\/www.fredonoccitanie.com\/jevi\/wp-content\/uploads\/sites\/2\/2023\/04\/Supports-datelier-768x501.jpg 768w, https:\/\/www.fredonoccitanie.com\/jevi\/wp-content\/uploads\/sites\/2\/2023\/04\/Supports-datelier-1536x1002.jpg 1536w\" sizes=\"auto, (max-width: 541px) 100vw, 541px\" \/><\/p>\n<p>Les r\u00e9sultats de ces ateliers seront analys\u00e9s en parall\u00e8le du <strong>diagnostic paysager<\/strong> r\u00e9alis\u00e9 par FREDON Occitanie. Ils serviront de point de d\u00e9part \u00e0 la <strong>formulation des principes et orientations d\u2019am\u00e9nagements paysagers<\/strong> pour lutter contre le ph\u00e9nom\u00e8ne d&rsquo;\u00eelots de chaleur urbains et fabriquer nos paysages de demain.<\/p>\n<p><img loading=\"lazy\" decoding=\"async\" class=\"aligncenter wp-image-12419\" src=\"https:\/\/www.fredonoccitanie.com\/jevi\/wp-content\/uploads\/sites\/2\/2023\/04\/scan-ateliuer-fusion22-1-230x300.jpg\" alt=\"\" width=\"454\" height=\"592\" srcset=\"https:\/\/www.fredonoccitanie.com\/jevi\/wp-content\/uploads\/sites\/2\/2023\/04\/scan-ateliuer-fusion22-1-230x300.jpg 230w, https:\/\/www.fredonoccitanie.com\/jevi\/wp-content\/uploads\/sites\/2\/2023\/04\/scan-ateliuer-fusion22-1-789x1030.jpg 789w, https:\/\/www.fredonoccitanie.com\/jevi\/wp-content\/uploads\/sites\/2\/2023\/04\/scan-ateliuer-fusion22-1-768x1003.jpg 768w, https:\/\/www.fredonoccitanie.com\/jevi\/wp-content\/uploads\/sites\/2\/2023\/04\/scan-ateliuer-fusion22-1-1176x1536.jpg 1176w, https:\/\/www.fredonoccitanie.com\/jevi\/wp-content\/uploads\/sites\/2\/2023\/04\/scan-ateliuer-fusion22-1-1568x2048.jpg 1568w, https:\/\/www.fredonoccitanie.com\/jevi\/wp-content\/uploads\/sites\/2\/2023\/04\/scan-ateliuer-fusion22-1-1148x1500.jpg 1148w, https:\/\/www.fredonoccitanie.com\/jevi\/wp-content\/uploads\/sites\/2\/2023\/04\/scan-ateliuer-fusion22-1-540x705.jpg 540w, https:\/\/www.fredonoccitanie.com\/jevi\/wp-content\/uploads\/sites\/2\/2023\/04\/scan-ateliuer-fusion22-1-scaled.jpg 1960w\" sizes=\"auto, (max-width: 454px) 100vw, 454px\" \/><\/p>\n<p>&nbsp;<\/p>\n<p>Cette mission de conseil et d&rsquo;appui technique, financ\u00e9e par la <strong>R\u00e9gion Occitanie<\/strong>, s\u2019inscrit dans le cadre du budget participatif citoyen <a href=\"https:\/\/www.laregion.fr\/MaSolutionClimat\"><strong>\u00ab<\/strong>\u00a0<strong>Ma solution pour le climat\u00a0\u00bb<\/strong><\/a> et s\u2019accompagnera d\u2019un <strong>guide de mise en place d\u2019\u00eelots de fra\u00eecheur v\u00e9g\u00e9talis\u00e9s<\/strong> \u00e0 destination des <strong>collectivit\u00e9s<\/strong>. Ce guide, adapt\u00e9 aux diff\u00e9rents contextes de la r\u00e9gion, s\u2019appuiera notamment sur des initiatives et projets d\u00e9j\u00e0 existants en Occitanie ainsi que sur les 5 sites pilotes qui seront accompagn\u00e9s cette ann\u00e9e.<\/p>\n<p>&nbsp;<\/p>\n<p><img loading=\"lazy\" decoding=\"async\" class=\"aligncenter wp-image-11327\" src=\"https:\/\/www.fredonoccitanie.com\/jevi\/wp-content\/uploads\/sites\/2\/2023\/01\/visuel_site_web_2_900x500px-2-300x167.png\" alt=\"\" width=\"469\" height=\"261\" srcset=\"https:\/\/www.fredonoccitanie.com\/jevi\/wp-content\/uploads\/sites\/2\/2023\/01\/visuel_site_web_2_900x500px-2-300x167.png 300w, https:\/\/www.fredonoccitanie.com\/jevi\/wp-content\/uploads\/sites\/2\/2023\/01\/visuel_site_web_2_900x500px-2-768x427.png 768w, https:\/\/www.fredonoccitanie.com\/jevi\/wp-content\/uploads\/sites\/2\/2023\/01\/visuel_site_web_2_900x500px-2-705x392.png 705w, https:\/\/www.fredonoccitanie.com\/jevi\/wp-content\/uploads\/sites\/2\/2023\/01\/visuel_site_web_2_900x500px-2.png 900w\" sizes=\"auto, (max-width: 469px) 100vw, 469px\" \/><\/p>\n<p>&nbsp;<\/p>\n<p>Contact : <a href=\"https:\/\/www.fredonoccitanie.com\/jevi\/contact\/\">Julie Chouvel<\/a><\/p>\n<p>Credit : FREDON Occitanie, CAUE Gard<\/p>\n","protected":false},"excerpt":{"rendered":"<p>Am\u00e9nager l\u2019espace public, c\u2019est am\u00e9nager un espace v\u00e9cu o\u00f9 une multitude d\u2019usages se c\u00f4toient. Associer les citoyens \u00e0 la r\u00e9flexion permet d\u2019adapter le futur projet \u00e0 leurs besoins et attentes, mais surtout de l\u2019ancrer dans la r\u00e9alit\u00e9 actuelle et \u00e0 venir, notamment au regard des impacts du changement climatique. &nbsp; En 2023, FREDON Occitanie accompagne [&hellip;]<\/p>\n","protected":false},"author":17,"featured_media":0,"comment_status":"closed","ping_status":"closed","sticky":false,"template":"","format":"standard","meta":{"footnotes":""},"categories":[8,2],"tags":[],"class_list":["post-12363","post","type-post","status-publish","format-standard","hentry","category-jevi","category-actualites-fredon"],"_links":{"self":[{"href":"https:\/\/www.fredonoccitanie.com\/jevi\/wp-json\/wp\/v2\/posts\/12363","targetHints":{"allow":["GET"]}}],"collection":[{"href":"https:\/\/www.fredonoccitanie.com\/jevi\/wp-json\/wp\/v2\/posts"}],"about":[{"href":"https:\/\/www.fredonoccitanie.com\/jevi\/wp-json\/wp\/v2\/types\/post"}],"author":[{"embeddable":true,"href":"https:\/\/www.fredonoccitanie.com\/jevi\/wp-json\/wp\/v2\/users\/17"}],"replies":[{"embeddable":true,"href":"https:\/\/www.fredonoccitanie.com\/jevi\/wp-json\/wp\/v2\/comments?post=12363"}],"version-history":[{"count":5,"href":"https:\/\/www.fredonoccitanie.com\/jevi\/wp-json\/wp\/v2\/posts\/12363\/revisions"}],"predecessor-version":[{"id":12479,"href":"https:\/\/www.fredonoccitanie.com\/jevi\/wp-json\/wp\/v2\/posts\/12363\/revisions\/12479"}],"wp:attachment":[{"href":"https:\/\/www.fredonoccitanie.com\/jevi\/wp-json\/wp\/v2\/media?parent=12363"}],"wp:term":[{"taxonomy":"category","embeddable":true,"href":"https:\/\/www.fredonoccitanie.com\/jevi\/wp-json\/wp\/v2\/categories?post=12363"},{"taxonomy":"post_tag","embeddable":true,"href":"https:\/\/www.fredonoccitanie.com\/jevi\/wp-json\/wp\/v2\/tags?post=12363"}],"curies":[{"name":"wp","href":"https:\/\/api.w.org\/{rel}","templated":true}]}}