{"id":12322,"date":"2023-04-07T10:57:06","date_gmt":"2023-04-07T08:57:06","guid":{"rendered":"https:\/\/www.fredonoccitanie.com\/jevi\/?p=12322"},"modified":"2023-04-07T11:48:54","modified_gmt":"2023-04-07T09:48:54","slug":"alerte-les-chenilles-processionnaires-sont-de-retour","status":"publish","type":"post","link":"https:\/\/www.fredonoccitanie.com\/jevi\/2023\/04\/07\/alerte-les-chenilles-processionnaires-sont-de-retour\/","title":{"rendered":"ALERTE : les chenilles processionnaires sont de retour !"},"content":{"rendered":"<h2 style=\"text-align: center\"><strong>Avec leurs poils urticants, les chenilles processionnaires posent un vrai probl\u00e8me de sant\u00e9 publique<\/strong><\/h2>\n<p>&nbsp;<\/p>\n<p>En France, il existe deux esp\u00e8ces de chenilles processionnaires ayant un impact sur la sant\u00e9 humaine : la chenille processionnaire du pin (Thaumetopoea pytiocampa) et la processionnaire du ch\u00eane (T. processionea). On les surnomme <em>processionnaires<\/em> car elles se d\u00e9placent en file indienne.<\/p>\n<ul>\n<li>La chenille processionnaire du pin est pr\u00e9sente sur une tr\u00e8s large partie du territoire, essentiellement dans le sud, le centre et l\u2019ouest de la France. On la croise majoritairement entre <strong>janvier et mai.<\/strong> Elle est brun orang\u00e9. Plus d&rsquo;informations ici<\/li>\n<\/ul>\n<p><a href=\"https:\/\/www.fredonoccitanie.com\/surveillance\/foret\/la-processionnaire-du-pin\/\"><img loading=\"lazy\" decoding=\"async\" class=\"alignnone size-medium wp-image-12327 aligncenter\" src=\"https:\/\/www.fredonoccitanie.com\/jevi\/wp-content\/uploads\/sites\/2\/2023\/04\/processionnaire_pin_ext-1-300x225.jpg\" alt=\"\" width=\"300\" height=\"225\" srcset=\"https:\/\/www.fredonoccitanie.com\/jevi\/wp-content\/uploads\/sites\/2\/2023\/04\/processionnaire_pin_ext-1-300x225.jpg 300w, https:\/\/www.fredonoccitanie.com\/jevi\/wp-content\/uploads\/sites\/2\/2023\/04\/processionnaire_pin_ext-1-705x529.jpg 705w, https:\/\/www.fredonoccitanie.com\/jevi\/wp-content\/uploads\/sites\/2\/2023\/04\/processionnaire_pin_ext-1.jpg 768w\" sizes=\"auto, (max-width: 300px) 100vw, 300px\" \/><\/a><\/p>\n<p>&nbsp;<\/p>\n<ul>\n<li>La chenille processionnaire du ch\u00eane est essentiellement pr\u00e9sente dans le nord-est, la r\u00e9gion parisienne et le nord-ouest de la France, et peut \u00eatre pr\u00e9sente dans des r\u00e9gions du sud. On la croise majoritairement entre <strong>avril et juillet.<\/strong> Elle est plut\u00f4t grise argent\u00e9e. Plus d&rsquo;informations ici<\/li>\n<\/ul>\n<p style=\"text-align: center\"><a href=\"https:\/\/www.fredonoccitanie.com\/surveillance\/foret\/la-processionnaire-du-chene\/\"><img loading=\"lazy\" decoding=\"async\" class=\"alignnone size-full wp-image-12326\" src=\"https:\/\/www.fredonoccitanie.com\/jevi\/wp-content\/uploads\/sites\/2\/2023\/04\/2168078-PPT-300x226-1.jpg\" alt=\"\" width=\"300\" height=\"226\" \/><\/a><\/p>\n<h3><strong>Un risque pour la sant\u00e9<br \/>\n<\/strong><\/h3>\n<p>Dangereuse \u00e0 cause de ces poils urticants, dites aussi soies, qui se d\u00e9tachent tr\u00e8s facilement du corps de la chenille lorsqu\u2019elle se sent menac\u00e9e. Transport\u00e9s par le vent, ils peuvent atteindre leur cible \u00e0 plusieurs dizaines de m\u00e8tres.<\/p>\n<p>Les poils urticants contiennent une prot\u00e9ine toxique tr\u00e8s irritante et inflammatoire : la thaum\u00e9topo\u00e9ine. Le poil se casse et la toxine lib\u00e9r\u00e9e peut provoquer des r\u00e9actions inflammatoires notamment sur <strong>la peau<\/strong> (rougeurs, d\u00e9mangeaisons, douleur cutan\u00e9e, \u0153d\u00e8me localis\u00e9, urticaire et parfois petites cloques), <strong>les yeux<\/strong> (conjonctivite, larmoiement, douleur oculaire) ou <strong>les voies respiratoires<\/strong> (toux, g\u00eane respiratoire), parfois graves chez les personnes ou les animaux qui y sont expos\u00e9s.<\/p>\n<p>Si un animal est touch\u00e9, il faut consulter sans tarder un v\u00e9t\u00e9rinaire, ou appeler un <a href=\"https:\/\/www.veterinaire.fr\/je-suis-proprietaire-danimaux\/les-contacts-durgence\/centres-anti-poison\">centre antipoison v\u00e9t\u00e9rinaire<\/a>. Parmi les signes \u00e0 prendre en compte, il y a une salivation importante du chien.<\/p>\n<h3><strong>Les bonnes actions \u00e0 adopter face aux chenilles <\/strong><\/h3>\n<p><img loading=\"lazy\" decoding=\"async\" class=\"wp-image-12325 aligncenter\" src=\"https:\/\/www.fredonoccitanie.com\/jevi\/wp-content\/uploads\/sites\/2\/2023\/04\/reco-chenilles-300x152.jpg\" alt=\"\" width=\"827\" height=\"419\" srcset=\"https:\/\/www.fredonoccitanie.com\/jevi\/wp-content\/uploads\/sites\/2\/2023\/04\/reco-chenilles-300x152.jpg 300w, https:\/\/www.fredonoccitanie.com\/jevi\/wp-content\/uploads\/sites\/2\/2023\/04\/reco-chenilles-768x390.jpg 768w, https:\/\/www.fredonoccitanie.com\/jevi\/wp-content\/uploads\/sites\/2\/2023\/04\/reco-chenilles-705x358.jpg 705w, https:\/\/www.fredonoccitanie.com\/jevi\/wp-content\/uploads\/sites\/2\/2023\/04\/reco-chenilles.jpg 1000w\" sizes=\"auto, (max-width: 827px) 100vw, 827px\" \/><\/p>\n<p>Source : ANSES<\/p>\n<h3><strong>Comment luttons nous ?<\/strong><\/h3>\n<p>Les chenilles processionnaires, class\u00e9es en esp\u00e8ces nuisibles pour la sant\u00e9 depuis avril 2022 (<a href=\"https:\/\/www.legifrance.gouv.fr\/jorf\/id\/JORFTEXT000045668409\">D\u00e9cret n\u00b02022-686<\/a>), obligent les autorit\u00e9s \u00e0 mettre en place des strat\u00e9gies pour lutter contre leur prolif\u00e9ration. Il existe plusieurs approches, variables selon les r\u00e9gions et l\u2019ampleur du probl\u00e8me. M\u00eame s&rsquo;il n\u2019existe pas \u00e0 ce jour de m\u00e9thode permettant une \u00e9radication compl\u00e8te, la gestion des populations se fait par diff\u00e9rents moyens :<\/p>\n<h6>Mesures pr\u00e9ventives<\/h6>\n<ul>\n<li>Am\u00e9liorer la biodiversit\u00e9 des peuplements (inclure des feuillus).<\/li>\n<li>\u00c9viter les plantations de pins dans les secteurs favorables au ravageur.<\/li>\n<li>Favoriser l\u2019implantation de pr\u00e9dateurs (nichoirs \u00e0 m\u00e9sanges).<\/li>\n<\/ul>\n<h6>Pi\u00e9geage<\/h6>\n<ul>\n<li>Utiliser des pi\u00e8ges pour capturer les chenilles lors de leur descente des arbres.<\/li>\n<li>Utiliser une ph\u00e9romone de synth\u00e8se pour capturer les papillons m\u00e2les.<\/li>\n<\/ul>\n<h6>Lutte m\u00e9canique<\/h6>\n<ul>\n<li>Couper et br\u00fbler les branches porteuses de nids (\u00e9chenillage)<\/li>\n<\/ul>\n<h6>Lutte biologique<\/h6>\n<ul>\n<li>Traitement sp\u00e9cifique des stades larvaires de l\u00e9pidopt\u00e8res par un insecticide \u00e0 base de Bacillus thuringiensis.<\/li>\n<\/ul>\n<p>&nbsp;<\/p>\n<p>On lutte aussi gr\u00e2ce \u00e0 la sensibilisation du grand public au travers des fiches d\u2019information, de publication de guides informatifs et autres supports de communication. Gr\u00e2ce aux signalements r\u00e9alis\u00e9s par les observateurs publics comme priv\u00e9s on peut mettre en place des strat\u00e9gies de luttes. <a href=\"https:\/\/www.fredonoccitanie.com\/surveillance\/espace-non-agricole\/bsv-jevi\/\"><strong>&gt;&gt; N&rsquo;h\u00e9sitez pas \u00e0 partager vos observations pour le BSV JEVI Occitanie ! &lt;&lt;<\/strong><\/a><\/p>\n<p>&nbsp;<\/p>\n<p>&nbsp;<\/p>\n<p>Pour plus d&rsquo;informations, <a href=\"https:\/\/www.anses.fr\/fr\/content\/les-chenilles-processionnaires-des-chenilles-urticantes-a-ne-pas-toucher-ni-approcher\">&gt;&gt; lire l&rsquo;article de l&rsquo;ANSES &lt;&lt;.<\/a><\/p>\n<p>Sources :\u00a0 ANSES, FREDON Occitanie<\/p>\n","protected":false},"excerpt":{"rendered":"<p>Avec leurs poils urticants, les chenilles processionnaires posent un vrai probl\u00e8me de sant\u00e9 publique &nbsp; En France, il existe deux esp\u00e8ces de chenilles processionnaires ayant un impact sur la sant\u00e9 humaine : la chenille processionnaire du pin (Thaumetopoea pytiocampa) et la processionnaire du ch\u00eane (T. processionea). On les surnomme processionnaires car elles se d\u00e9placent en [&hellip;]<\/p>\n","protected":false},"author":19,"featured_media":12328,"comment_status":"closed","ping_status":"closed","sticky":false,"template":"","format":"standard","meta":{"footnotes":""},"categories":[2],"tags":[],"class_list":["post-12322","post","type-post","status-publish","format-standard","has-post-thumbnail","hentry","category-actualites-fredon"],"_links":{"self":[{"href":"https:\/\/www.fredonoccitanie.com\/jevi\/wp-json\/wp\/v2\/posts\/12322","targetHints":{"allow":["GET"]}}],"collection":[{"href":"https:\/\/www.fredonoccitanie.com\/jevi\/wp-json\/wp\/v2\/posts"}],"about":[{"href":"https:\/\/www.fredonoccitanie.com\/jevi\/wp-json\/wp\/v2\/types\/post"}],"author":[{"embeddable":true,"href":"https:\/\/www.fredonoccitanie.com\/jevi\/wp-json\/wp\/v2\/users\/19"}],"replies":[{"embeddable":true,"href":"https:\/\/www.fredonoccitanie.com\/jevi\/wp-json\/wp\/v2\/comments?post=12322"}],"version-history":[{"count":4,"href":"https:\/\/www.fredonoccitanie.com\/jevi\/wp-json\/wp\/v2\/posts\/12322\/revisions"}],"predecessor-version":[{"id":12341,"href":"https:\/\/www.fredonoccitanie.com\/jevi\/wp-json\/wp\/v2\/posts\/12322\/revisions\/12341"}],"wp:featuredmedia":[{"embeddable":true,"href":"https:\/\/www.fredonoccitanie.com\/jevi\/wp-json\/wp\/v2\/media\/12328"}],"wp:attachment":[{"href":"https:\/\/www.fredonoccitanie.com\/jevi\/wp-json\/wp\/v2\/media?parent=12322"}],"wp:term":[{"taxonomy":"category","embeddable":true,"href":"https:\/\/www.fredonoccitanie.com\/jevi\/wp-json\/wp\/v2\/categories?post=12322"},{"taxonomy":"post_tag","embeddable":true,"href":"https:\/\/www.fredonoccitanie.com\/jevi\/wp-json\/wp\/v2\/tags?post=12322"}],"curies":[{"name":"wp","href":"https:\/\/api.w.org\/{rel}","templated":true}]}}