{"id":12235,"date":"2023-03-08T10:28:55","date_gmt":"2023-03-08T09:28:55","guid":{"rendered":"https:\/\/www.fredonoccitanie.com\/jevi\/?p=12235"},"modified":"2023-04-07T11:13:10","modified_gmt":"2023-04-07T09:13:10","slug":"video-la-pause-biodiv-pour-agir-en-faveur-des-pollinisateurs","status":"publish","type":"post","link":"https:\/\/www.fredonoccitanie.com\/jevi\/2023\/03\/08\/video-la-pause-biodiv-pour-agir-en-faveur-des-pollinisateurs\/","title":{"rendered":"[VIDEO] &#8211; \u00ab\u00a0La pause Biodiv'\u00a0\u00bb pour agir en faveur des pollinisateurs"},"content":{"rendered":"\r\n<h1 style=\"text-align: center\">Profitez de cette webs\u00e9rie, tout en humour, et d\u00e9couvrez les pratiques essentielles pour les pollinisateurs<\/h1>\r\n<p style=\"text-align: center\"><img loading=\"lazy\" decoding=\"async\" class=\"alignnone size-full wp-image-12237\" src=\"https:\/\/www.fredonoccitanie.com\/jevi\/wp-content\/uploads\/sites\/2\/2023\/04\/Pause_Biodiv.jpg\" alt=\"\" width=\"300\" height=\"168\" \/><\/p>\r\n<div class=\"modular--presentation__sub modular--presentation__right col-2\">\r\n<p>La population de l\u2019ensemble des insectes subit un effondrement sans pr\u00e9c\u00e9dent. Les pollinisateurs ne sont pas \u00e9pargn\u00e9s par cette menace !<\/p>\r\n<p>Mais rien n\u2019est perdu d\u2019avance ! <strong>Avec Jacques Chambon et Franck Pitiot<\/strong> (respectivement Merlin et Perceval dans Kaamelott), <strong>ARTHROPOLOGIA vous invite \u00e0 travers la webs\u00e9rie La pause Biodiv\u2019 \u00e0 mieux comprendre le monde des pollinisateurs<\/strong> et ce qu\u2019il faut faire \u2013 ou ne pas faire \u2013 au jardin pour les aider.<\/p>\r\n<p>Retrouvez aussi sur cette page des outils et conseils pour chaque th\u00e9matique abord\u00e9e ! Vous aurez toutes les cl\u00e9s en main pour agir au jardin et permettre aux pollinisateurs et \u00e0 la biodiversit\u00e9 de b\u00e9n\u00e9ficier des meilleures conditions de vie possibles \u00e0 vos c\u00f4t\u00e9s !<\/p>\r\n<\/div>\r\n<p><span class=\"break-words\"><span dir=\"ltr\"> <img loading=\"lazy\" decoding=\"async\" class=\"wp-image-12239 aligncenter\" src=\"https:\/\/www.fredonoccitanie.com\/jevi\/wp-content\/uploads\/sites\/2\/2023\/04\/Arthropologia.png\" alt=\"\" width=\"118\" height=\"113\" \/><\/span><\/span><\/p>\r\n<h5 style=\"text-align: center\"><a href=\"https:\/\/pollinisactions.arthropologia.org\/webserie-la-pause-biodiv\"><strong>&gt;&gt; Visionner les vid\u00e9os &lt;&lt;<\/strong><\/a><\/h5>\r\n<p style=\"text-align: center\"><strong><a href=\"https:\/\/pollinisactions.arthropologia.org\/webserie-la-pause-biodiv\/_diagnostic\/diagnostic-pollinisActions.pdf\">&gt;&gt; Acc\u00e9der au guide pratique Pollinisaction &lt;&lt;<\/a><\/strong><\/p>\r\n<p>Pour aller plus loin :<\/p>\r\n<h5 style=\"text-align: center\"><a href=\"https:\/\/www.fredonoccitanie.com\/jevi\/2023\/01\/04\/formation-en-ligne-inscrivez-vous-au-mooc-pollinisateurs\/\">&gt;&gt; S&rsquo;inscrire au MOOC Pollinisateurs &lt;&lt;<\/a><\/h5>\r\n<h5 style=\"text-align: center\"><a href=\"https:\/\/driaaf.ile-de-france.agriculture.gouv.fr\/IMG\/pdf\/abeilles_sauvages_-_note_nationale_biodiversite_-_bsv2_0.pdf\">Consulter la note nationale sur les <span dir=\"ltr\" role=\"presentation\">Abeilles sauvages <\/span><span dir=\"ltr\" role=\"presentation\">&amp; la sant\u00e9 des agro-\u00e9cosyst\u00e8mes (Bulletin de Sant\u00e9 du V\u00e9g\u00e9tal Ecophyto)&lt;&lt;<\/span><\/a><\/h5>\r\n<p>Source : Arthropologia &#8211; Office Fran\u00e7ais de la Biodiversit\u00e9<\/p>\r\n\r\n\r\n\r\n\r\n","protected":false},"excerpt":{"rendered":"<p>Profitez de cette webs\u00e9rie, tout en humour, et d\u00e9couvrez les pratiques essentielles pour les pollinisateurs La population de l\u2019ensemble des insectes subit un effondrement sans pr\u00e9c\u00e9dent. Les pollinisateurs ne sont pas \u00e9pargn\u00e9s par cette menace ! Mais rien n\u2019est perdu d\u2019avance ! Avec Jacques Chambon et Franck Pitiot (respectivement Merlin et Perceval dans Kaamelott), ARTHROPOLOGIA [&hellip;]<\/p>\n","protected":false},"author":14,"featured_media":12246,"comment_status":"open","ping_status":"open","sticky":false,"template":"","format":"standard","meta":{"footnotes":""},"categories":[8],"tags":[7],"class_list":["post-12235","post","type-post","status-publish","format-standard","has-post-thumbnail","hentry","category-jevi","tag-actualites-jevi"],"_links":{"self":[{"href":"https:\/\/www.fredonoccitanie.com\/jevi\/wp-json\/wp\/v2\/posts\/12235","targetHints":{"allow":["GET"]}}],"collection":[{"href":"https:\/\/www.fredonoccitanie.com\/jevi\/wp-json\/wp\/v2\/posts"}],"about":[{"href":"https:\/\/www.fredonoccitanie.com\/jevi\/wp-json\/wp\/v2\/types\/post"}],"author":[{"embeddable":true,"href":"https:\/\/www.fredonoccitanie.com\/jevi\/wp-json\/wp\/v2\/users\/14"}],"replies":[{"embeddable":true,"href":"https:\/\/www.fredonoccitanie.com\/jevi\/wp-json\/wp\/v2\/comments?post=12235"}],"version-history":[{"count":5,"href":"https:\/\/www.fredonoccitanie.com\/jevi\/wp-json\/wp\/v2\/posts\/12235\/revisions"}],"predecessor-version":[{"id":12450,"href":"https:\/\/www.fredonoccitanie.com\/jevi\/wp-json\/wp\/v2\/posts\/12235\/revisions\/12450"}],"wp:featuredmedia":[{"embeddable":true,"href":"https:\/\/www.fredonoccitanie.com\/jevi\/wp-json\/wp\/v2\/media\/12246"}],"wp:attachment":[{"href":"https:\/\/www.fredonoccitanie.com\/jevi\/wp-json\/wp\/v2\/media?parent=12235"}],"wp:term":[{"taxonomy":"category","embeddable":true,"href":"https:\/\/www.fredonoccitanie.com\/jevi\/wp-json\/wp\/v2\/categories?post=12235"},{"taxonomy":"post_tag","embeddable":true,"href":"https:\/\/www.fredonoccitanie.com\/jevi\/wp-json\/wp\/v2\/tags?post=12235"}],"curies":[{"name":"wp","href":"https:\/\/api.w.org\/{rel}","templated":true}]}}