{"id":11949,"date":"2023-03-04T14:00:20","date_gmt":"2023-03-04T13:00:20","guid":{"rendered":"https:\/\/www.fredonoccitanie.com\/jevi\/?p=11949"},"modified":"2023-04-05T16:48:58","modified_gmt":"2023-04-05T14:48:58","slug":"webinaire-fonds-vert-17-mars-14h-financer-des-solutions-dadaptation-au-changement-climatique-fondees-sur-la-renaturation-des-villes-et-des-villages","status":"publish","type":"post","link":"https:\/\/www.fredonoccitanie.com\/jevi\/2023\/03\/04\/webinaire-fonds-vert-17-mars-14h-financer-des-solutions-dadaptation-au-changement-climatique-fondees-sur-la-renaturation-des-villes-et-des-villages\/","title":{"rendered":"[Webinaire Fonds vert] &#8211; 17 mars 14h &#8211; Financer des solutions d&rsquo;adaptation au changement climatique fond\u00e9es sur la renaturation des villes et des villages"},"content":{"rendered":"<h1 style=\"text-align: center\">Tout savoir sur les modalit\u00e9s de financement des projets de renaturation des villes et villages gr\u00e2ce au Fonds vert<\/h1>\n<p>&nbsp;<\/p>\n<p><span class=\"break-words\"><span dir=\"ltr\">\ud83d\udcc6 Date : Le vendredi 17 mars \u00e0 14h (heure de Paris)<br \/>\n\ud83c\udf9f Inscription :\u00a0<a href=\"https:\/\/lnkd.in\/emBFWQ7H\" data-attribute-index=\"8\">https:\/\/lnkd.in\/emBFWQ7H<\/a><\/span><\/span><\/p>\n<p><span class=\"break-words\"><span dir=\"ltr\">92% des Fran\u00e7ais estiment qu\u2019il n\u2019y a pas assez de nature en ville, 63% qu\u2019il est prioritaire d\u2019accorder plus de place aux espaces verts et \u00e0 la v\u00e9g\u00e9talisation dans le quartier dans lequel ils vivent, chiffre qui atteint 79% des habitants des quartiers prioritaires de la politique de la ville, dont la b\u00e9tonisation issue de l\u2019urbanisme de dalle est caract\u00e9ristique<\/span><\/span><\/p>\n<p>\ud83c\udfd8 En effet, la forte artificialisation de certains environnements urbains les rend particuli\u00e8rement vuln\u00e9rables aux effets du d\u00e9r\u00e9glement climatique<br \/>\n\ud83d\udc49 vagues de chaleur et cr\u00e9ation d&rsquo;\u00eelots de chaleur urbains<br \/>\n\ud83d\udc49 s\u00e9cheresse<br \/>\n\ud83d\udc49 inondations (en grande partie dues \u00e0 l&rsquo;imperm\u00e9abilisation des sols)<\/p>\n<p>\ud83c\udf33 Dans l\u2019objectif d\u2019adaptation au changement climatique, la renaturation doit participer \u00e0 la r\u00e9duction des vuln\u00e9rabilit\u00e9s en ciblant sur des solutions fond\u00e9es sur la nature, en contribuant \u00e0 :<\/p>\n<p>\ud83c\udf31 la renaturation des sols et espaces urbains :\u00a0cr\u00e9ation, restauration, gestion \u00e9cologique de parcs et jardins ; v\u00e9g\u00e9talisation des espaces publics (alignement et v\u00e9g\u00e9talisation des pieds d\u2019arbres) ; projets d\u2019agriculture urbaine favorables \u00e0 la biodiversit\u00e9, restauration \u00e9cologique (stabilisation et renaturation des sols, etc.)<\/p>\n<p>\ud83d\udca7 la pr\u00e9sence de l\u2019eau et des milieux aquatiques en ville :\u00a0\u200drestauration du r\u00e9seau hydrographique (r\u00e9ouverture ou renaturation de cours d\u2019eau, rem\u00e9andrage, stabilisation et reprofilage de berges), des zones humides, des zones d\u2019expansion des crues, cr\u00e9ation de noues et de zones d\u2019infiltration des eaux pluviales (et de d\u00e9simperm\u00e9abilisation des sols) ;<\/p>\n<p>\ud83c\udf40 la v\u00e9g\u00e9talisation des b\u00e2timents et \u00e9quipements publics\u00a0: (toitures et fa\u00e7ades v\u00e9g\u00e9talis\u00e9es).<\/p>\n<p>\ud83d\udc68\u200d\ud83d\udc69\u200d\ud83d\udc67 La renaturation permet d&rsquo;obtenir, au del\u00e0 d&rsquo;un ensemble de services \u00e9cosyst\u00e9mique, plusieurs co-b\u00e9n\u00e9fices sociaux et environnementaux aux populations urbaines : am\u00e9lioration du cadre de vie des habitants, d\u00e9pollution des sols, de l&rsquo;eau et de l&rsquo;air&#8230;<\/p>\n<p>Cette mesure, compl\u00e9mentaire de la mesure d&rsquo;Accompagnement de la <a href=\"https:\/\/www.linkedin.com\/feed\/hashtag\/?keywords=snb2030&amp;highlightedUpdateUrns=urn%3Ali%3Aactivity%3A7037338315888447488\" data-attribute-index=\"0\">#SNB2030<\/a> vous sera pr\u00e9sent\u00e9e par <a href=\"https:\/\/www.linkedin.com\/company\/aides-territoires\/\" data-attribute-index=\"1\" data-entity-type=\"MINI_COMPANY\">Aides-territoires<\/a> et les r\u00e9f\u00e9rents m\u00e9tiers du <a href=\"https:\/\/www.linkedin.com\/company\/ministere-de-la-transition-ecologique\/\" data-attribute-index=\"3\" data-entity-type=\"MINI_COMPANY\">Minist\u00e8res \u00c9cologie \u00c9nergie Territoires<\/a>.<\/p>\n<p>Ordre du jour :<br \/>\n\ud83d\udc49Pr\u00e9sentation de la page Fonds vert et de toute la documentation li\u00e9e au programme sur\u00a0Aides-territoires<br \/>\n\ud83d\udc49Pr\u00e9sentation de la mesure par la DGALN<br \/>\n\ud83d\udc49 Questions\/r\u00e9ponses<\/p>\n<p>&nbsp;<\/p>\n<p>Sources &amp; Cr\u00e9dits images\u202f: (c) Aides-territoires<\/p>\n<p>&nbsp;<\/p>\n<p>&nbsp;<\/p>\n","protected":false},"excerpt":{"rendered":"<p>Tout savoir sur les modalit\u00e9s de financement des projets de renaturation des villes et villages gr\u00e2ce au Fonds vert &nbsp; \ud83d\udcc6 Date : Le vendredi 17 mars \u00e0 14h (heure de Paris) \ud83c\udf9f Inscription :\u00a0https:\/\/lnkd.in\/emBFWQ7H 92% des Fran\u00e7ais estiment qu\u2019il n\u2019y a pas assez de nature en ville, 63% qu\u2019il est prioritaire d\u2019accorder plus de [&hellip;]<\/p>\n","protected":false},"author":14,"featured_media":11952,"comment_status":"closed","ping_status":"closed","sticky":false,"template":"","format":"standard","meta":{"footnotes":""},"categories":[8,11],"tags":[],"class_list":["post-11949","post","type-post","status-publish","format-standard","has-post-thumbnail","hentry","category-jevi","category-agenda-jevi"],"_links":{"self":[{"href":"https:\/\/www.fredonoccitanie.com\/jevi\/wp-json\/wp\/v2\/posts\/11949","targetHints":{"allow":["GET"]}}],"collection":[{"href":"https:\/\/www.fredonoccitanie.com\/jevi\/wp-json\/wp\/v2\/posts"}],"about":[{"href":"https:\/\/www.fredonoccitanie.com\/jevi\/wp-json\/wp\/v2\/types\/post"}],"author":[{"embeddable":true,"href":"https:\/\/www.fredonoccitanie.com\/jevi\/wp-json\/wp\/v2\/users\/14"}],"replies":[{"embeddable":true,"href":"https:\/\/www.fredonoccitanie.com\/jevi\/wp-json\/wp\/v2\/comments?post=11949"}],"version-history":[{"count":4,"href":"https:\/\/www.fredonoccitanie.com\/jevi\/wp-json\/wp\/v2\/posts\/11949\/revisions"}],"predecessor-version":[{"id":11954,"href":"https:\/\/www.fredonoccitanie.com\/jevi\/wp-json\/wp\/v2\/posts\/11949\/revisions\/11954"}],"wp:featuredmedia":[{"embeddable":true,"href":"https:\/\/www.fredonoccitanie.com\/jevi\/wp-json\/wp\/v2\/media\/11952"}],"wp:attachment":[{"href":"https:\/\/www.fredonoccitanie.com\/jevi\/wp-json\/wp\/v2\/media?parent=11949"}],"wp:term":[{"taxonomy":"category","embeddable":true,"href":"https:\/\/www.fredonoccitanie.com\/jevi\/wp-json\/wp\/v2\/categories?post=11949"},{"taxonomy":"post_tag","embeddable":true,"href":"https:\/\/www.fredonoccitanie.com\/jevi\/wp-json\/wp\/v2\/tags?post=11949"}],"curies":[{"name":"wp","href":"https:\/\/api.w.org\/{rel}","templated":true}]}}