{"id":11800,"date":"2023-03-07T12:22:07","date_gmt":"2023-03-07T11:22:07","guid":{"rendered":"https:\/\/www.fredonoccitanie.com\/jevi\/?p=11800"},"modified":"2023-04-05T15:49:02","modified_gmt":"2023-04-05T13:49:02","slug":"icu-des-ateliers-participatifs-pour-vegetaliser-les-communes-doccitanie","status":"publish","type":"post","link":"https:\/\/www.fredonoccitanie.com\/jevi\/2023\/03\/07\/icu-des-ateliers-participatifs-pour-vegetaliser-les-communes-doccitanie\/","title":{"rendered":"[ICU] Des ateliers participatifs pour v\u00e9g\u00e9taliser les communes d&rsquo;Occitanie !"},"content":{"rendered":"<h3><\/h3>\n<h3 style=\"text-align: center\">Dans le cadre de sa mission d&rsquo;accompagnement aupr\u00e8s de 5 communes de la R\u00e9gion, FREDON Occitanie organise des ateliers participatifs au mois de mars et avril 2023.<\/h3>\n<p>&nbsp;<\/p>\n<p><strong>Au programme : des diagnostics en marchant qui prendront la forme de d\u00e9ambulations pi\u00e9tonnes sur site avec les usagers.<\/strong><\/p>\n<p>&nbsp;<\/p>\n<p><img loading=\"lazy\" decoding=\"async\" class=\"aligncenter wp-image-11850\" src=\"https:\/\/www.fredonoccitanie.com\/jevi\/wp-content\/uploads\/sites\/2\/2023\/03\/dessin-1-300x222.jpg\" alt=\"\" width=\"687\" height=\"508\" srcset=\"https:\/\/www.fredonoccitanie.com\/jevi\/wp-content\/uploads\/sites\/2\/2023\/03\/dessin-1-300x222.jpg 300w, https:\/\/www.fredonoccitanie.com\/jevi\/wp-content\/uploads\/sites\/2\/2023\/03\/dessin-1-1030x763.jpg 1030w, https:\/\/www.fredonoccitanie.com\/jevi\/wp-content\/uploads\/sites\/2\/2023\/03\/dessin-1-768x569.jpg 768w, https:\/\/www.fredonoccitanie.com\/jevi\/wp-content\/uploads\/sites\/2\/2023\/03\/dessin-1-1536x1138.jpg 1536w, https:\/\/www.fredonoccitanie.com\/jevi\/wp-content\/uploads\/sites\/2\/2023\/03\/dessin-1-2048x1518.jpg 2048w, https:\/\/www.fredonoccitanie.com\/jevi\/wp-content\/uploads\/sites\/2\/2023\/03\/dessin-1-1500x1112.jpg 1500w, https:\/\/www.fredonoccitanie.com\/jevi\/wp-content\/uploads\/sites\/2\/2023\/03\/dessin-1-705x522.jpg 705w\" sizes=\"auto, (max-width: 687px) 100vw, 687px\" \/><\/p>\n<p>&nbsp;<\/p>\n<p>L&rsquo;objectif est de<strong> comprendre le fonctionnement<\/strong> actuel des lieux identifi\u00e9s en vue de leur r\u00e9am\u00e9nagement et de leur <strong>v\u00e9g\u00e9talisation<\/strong>. Ces discussions avec les habitants et usagers sur leurs <strong>ressentis<\/strong>, <strong>besoins<\/strong> et <strong>envies<\/strong> serviront de point de d\u00e9part \u00e0 la formulation des principes et orientations d\u2019am\u00e9nagements paysagers pour lutter contre le ph\u00e9nom\u00e8ne d&rsquo;<strong>\u00eelots de chaleur urbains<\/strong>.<\/p>\n<p>Le CAUE du Gard pour Marguerittes et le CAUE de la Loz\u00e8re pour Bourgs-sur-Colagne participeront notamment \u00e0 la mise en place de ces ateliers, qui s&rsquo;inscrivent dans une volont\u00e9 d&rsquo;aboutir \u00e0 un projet coh\u00e9rent, en ad\u00e9quation avec les lieux et leurs usages.<\/p>\n<h5><\/h5>\n<p>&nbsp;<\/p>\n<h5>Les 5 sites pilotes retenus dans ce projet au sein du territoire r\u00e9gional\u00a0:\u00ad\u00ad<\/h5>\n<p><img loading=\"lazy\" decoding=\"async\" class=\"aligncenter wp-image-11413\" src=\"https:\/\/www.fredonoccitanie.com\/jevi\/wp-content\/uploads\/sites\/2\/2023\/01\/legende-seule-gras-departement-300x150.jpg\" alt=\"\" width=\"534\" height=\"267\" srcset=\"https:\/\/www.fredonoccitanie.com\/jevi\/wp-content\/uploads\/sites\/2\/2023\/01\/legende-seule-gras-departement-300x150.jpg 300w, https:\/\/www.fredonoccitanie.com\/jevi\/wp-content\/uploads\/sites\/2\/2023\/01\/legende-seule-gras-departement-1030x514.jpg 1030w, https:\/\/www.fredonoccitanie.com\/jevi\/wp-content\/uploads\/sites\/2\/2023\/01\/legende-seule-gras-departement-768x384.jpg 768w, https:\/\/www.fredonoccitanie.com\/jevi\/wp-content\/uploads\/sites\/2\/2023\/01\/legende-seule-gras-departement-1536x767.jpg 1536w, https:\/\/www.fredonoccitanie.com\/jevi\/wp-content\/uploads\/sites\/2\/2023\/01\/legende-seule-gras-departement-2048x1023.jpg 2048w, https:\/\/www.fredonoccitanie.com\/jevi\/wp-content\/uploads\/sites\/2\/2023\/01\/legende-seule-gras-departement-1500x749.jpg 1500w, https:\/\/www.fredonoccitanie.com\/jevi\/wp-content\/uploads\/sites\/2\/2023\/01\/legende-seule-gras-departement-705x352.jpg 705w\" sizes=\"auto, (max-width: 534px) 100vw, 534px\" \/><\/p>\n<p><img loading=\"lazy\" decoding=\"async\" class=\"aligncenter wp-image-11349\" src=\"https:\/\/www.fredonoccitanie.com\/jevi\/wp-content\/uploads\/sites\/2\/2023\/01\/toute-la-carte-300x225.jpg\" alt=\"\" width=\"579\" height=\"434\" srcset=\"https:\/\/www.fredonoccitanie.com\/jevi\/wp-content\/uploads\/sites\/2\/2023\/01\/toute-la-carte-300x225.jpg 300w, https:\/\/www.fredonoccitanie.com\/jevi\/wp-content\/uploads\/sites\/2\/2023\/01\/toute-la-carte-1030x771.jpg 1030w, https:\/\/www.fredonoccitanie.com\/jevi\/wp-content\/uploads\/sites\/2\/2023\/01\/toute-la-carte-768x575.jpg 768w, https:\/\/www.fredonoccitanie.com\/jevi\/wp-content\/uploads\/sites\/2\/2023\/01\/toute-la-carte-1536x1150.jpg 1536w, https:\/\/www.fredonoccitanie.com\/jevi\/wp-content\/uploads\/sites\/2\/2023\/01\/toute-la-carte-2048x1533.jpg 2048w, https:\/\/www.fredonoccitanie.com\/jevi\/wp-content\/uploads\/sites\/2\/2023\/01\/toute-la-carte-1500x1123.jpg 1500w, https:\/\/www.fredonoccitanie.com\/jevi\/wp-content\/uploads\/sites\/2\/2023\/01\/toute-la-carte-705x528.jpg 705w\" sizes=\"auto, (max-width: 579px) 100vw, 579px\" \/><\/p>\n<p>&nbsp;<\/p>\n<p>&nbsp;<\/p>\n<p>Cette mission de conseil et d&rsquo;appui technique, financ\u00e9e par la <strong>R\u00e9gion Occitanie<\/strong>, s\u2019inscrit dans le cadre du budget participatif citoyen <a href=\"https:\/\/www.laregion.fr\/MaSolutionClimat\"><strong>\u00ab<\/strong>\u00a0<strong>Ma solution pour le climat\u00a0\u00bb<\/strong><\/a> et s\u2019accompagnera d\u2019un <strong>guide de mise en place d\u2019\u00eelots de fra\u00eecheur v\u00e9g\u00e9talis\u00e9s<\/strong> \u00e0 destination des <strong>collectivit\u00e9s<\/strong>. Ce guide, adapt\u00e9 aux diff\u00e9rents contextes de la r\u00e9gion, s\u2019appuiera notamment sur des initiatives et projets d\u00e9j\u00e0 existants en Occitanie ainsi que sur les 5 sites pilotes qui seront accompagn\u00e9s cette ann\u00e9e.<\/p>\n<p>&nbsp;<\/p>\n<p><img loading=\"lazy\" decoding=\"async\" class=\"aligncenter wp-image-11327\" src=\"https:\/\/www.fredonoccitanie.com\/jevi\/wp-content\/uploads\/sites\/2\/2023\/01\/visuel_site_web_2_900x500px-2-300x167.png\" alt=\"\" width=\"469\" height=\"261\" srcset=\"https:\/\/www.fredonoccitanie.com\/jevi\/wp-content\/uploads\/sites\/2\/2023\/01\/visuel_site_web_2_900x500px-2-300x167.png 300w, https:\/\/www.fredonoccitanie.com\/jevi\/wp-content\/uploads\/sites\/2\/2023\/01\/visuel_site_web_2_900x500px-2-768x427.png 768w, https:\/\/www.fredonoccitanie.com\/jevi\/wp-content\/uploads\/sites\/2\/2023\/01\/visuel_site_web_2_900x500px-2-705x392.png 705w, https:\/\/www.fredonoccitanie.com\/jevi\/wp-content\/uploads\/sites\/2\/2023\/01\/visuel_site_web_2_900x500px-2.png 900w\" sizes=\"auto, (max-width: 469px) 100vw, 469px\" \/><\/p>\n<p>&nbsp;<\/p>\n<p>Contact : <a href=\"https:\/\/www.fredonoccitanie.com\/jevi\/contact\/\">Julie Chouvel<\/a><\/p>\n","protected":false},"excerpt":{"rendered":"<p>Dans le cadre de sa mission d&rsquo;accompagnement aupr\u00e8s de 5 communes de la R\u00e9gion, FREDON Occitanie organise des ateliers participatifs au mois de mars et avril 2023. &nbsp; Au programme : des diagnostics en marchant qui prendront la forme de d\u00e9ambulations pi\u00e9tonnes sur site avec les usagers. &nbsp; &nbsp; L&rsquo;objectif est de comprendre le fonctionnement [&hellip;]<\/p>\n","protected":false},"author":17,"featured_media":11848,"comment_status":"closed","ping_status":"closed","sticky":false,"template":"","format":"standard","meta":{"footnotes":""},"categories":[8,2],"tags":[],"class_list":["post-11800","post","type-post","status-publish","format-standard","has-post-thumbnail","hentry","category-jevi","category-actualites-fredon"],"_links":{"self":[{"href":"https:\/\/www.fredonoccitanie.com\/jevi\/wp-json\/wp\/v2\/posts\/11800","targetHints":{"allow":["GET"]}}],"collection":[{"href":"https:\/\/www.fredonoccitanie.com\/jevi\/wp-json\/wp\/v2\/posts"}],"about":[{"href":"https:\/\/www.fredonoccitanie.com\/jevi\/wp-json\/wp\/v2\/types\/post"}],"author":[{"embeddable":true,"href":"https:\/\/www.fredonoccitanie.com\/jevi\/wp-json\/wp\/v2\/users\/17"}],"replies":[{"embeddable":true,"href":"https:\/\/www.fredonoccitanie.com\/jevi\/wp-json\/wp\/v2\/comments?post=11800"}],"version-history":[{"count":5,"href":"https:\/\/www.fredonoccitanie.com\/jevi\/wp-json\/wp\/v2\/posts\/11800\/revisions"}],"predecessor-version":[{"id":11854,"href":"https:\/\/www.fredonoccitanie.com\/jevi\/wp-json\/wp\/v2\/posts\/11800\/revisions\/11854"}],"wp:featuredmedia":[{"embeddable":true,"href":"https:\/\/www.fredonoccitanie.com\/jevi\/wp-json\/wp\/v2\/media\/11848"}],"wp:attachment":[{"href":"https:\/\/www.fredonoccitanie.com\/jevi\/wp-json\/wp\/v2\/media?parent=11800"}],"wp:term":[{"taxonomy":"category","embeddable":true,"href":"https:\/\/www.fredonoccitanie.com\/jevi\/wp-json\/wp\/v2\/categories?post=11800"},{"taxonomy":"post_tag","embeddable":true,"href":"https:\/\/www.fredonoccitanie.com\/jevi\/wp-json\/wp\/v2\/tags?post=11800"}],"curies":[{"name":"wp","href":"https:\/\/api.w.org\/{rel}","templated":true}]}}