{"id":11324,"date":"2023-01-30T16:38:38","date_gmt":"2023-01-30T15:38:38","guid":{"rendered":"https:\/\/www.fredonoccitanie.com\/jevi\/?p=11324"},"modified":"2023-01-31T14:03:10","modified_gmt":"2023-01-31T13:03:10","slug":"icu-vegetaliser-pour-lutter-contre-les-ilots-de-chaleur-urbains","status":"publish","type":"post","link":"https:\/\/www.fredonoccitanie.com\/jevi\/2023\/01\/30\/icu-vegetaliser-pour-lutter-contre-les-ilots-de-chaleur-urbains\/","title":{"rendered":"[ICU] V\u00e9g\u00e9taliser pour lutter contre les \u00eelots de chaleur urbains !"},"content":{"rendered":"<h3><\/h3>\n<h3 style=\"text-align: center\">En 2023, FREDON Occitanie accompagne 5 communes du territoire dans leurs projets d\u2019am\u00e9nagement paysager pour la mise en place d\u2019\u00eelots de fra\u00eecheur v\u00e9g\u00e9talis\u00e9s.<\/h3>\n<p>&nbsp;<\/p>\n<p style=\"text-align: left\"><strong>En Occitanie, les centres urbains, centres-bourgs anciens et les espaces denses et tr\u00e8s min\u00e9ralis\u00e9s sont fortement soumis au ph\u00e9nom\u00e8ne d\u2019\u00eelot de chaleur urbain, qui s\u2019amplifie avec les changements climatiques en cours. Pour am\u00e9liorer le confort thermique des populations, plusieurs champs d\u2019action sont possibles et la v\u00e9g\u00e9talisation appara\u00eet comme un levier accessible mais surtout n\u00e9cessaire.<\/strong><\/p>\n<p>&nbsp;<\/p>\n<h5>Les 5 sites pilotes retenus dans ce projet au sein du territoire r\u00e9gional\u00a0:\u00ad\u00ad<\/h5>\n<p><img loading=\"lazy\" decoding=\"async\" class=\"aligncenter wp-image-11413\" src=\"https:\/\/www.fredonoccitanie.com\/jevi\/wp-content\/uploads\/sites\/2\/2023\/01\/legende-seule-gras-departement-300x150.jpg\" alt=\"\" width=\"534\" height=\"267\" srcset=\"https:\/\/www.fredonoccitanie.com\/jevi\/wp-content\/uploads\/sites\/2\/2023\/01\/legende-seule-gras-departement-300x150.jpg 300w, https:\/\/www.fredonoccitanie.com\/jevi\/wp-content\/uploads\/sites\/2\/2023\/01\/legende-seule-gras-departement-1030x514.jpg 1030w, https:\/\/www.fredonoccitanie.com\/jevi\/wp-content\/uploads\/sites\/2\/2023\/01\/legende-seule-gras-departement-768x384.jpg 768w, https:\/\/www.fredonoccitanie.com\/jevi\/wp-content\/uploads\/sites\/2\/2023\/01\/legende-seule-gras-departement-1536x767.jpg 1536w, https:\/\/www.fredonoccitanie.com\/jevi\/wp-content\/uploads\/sites\/2\/2023\/01\/legende-seule-gras-departement-2048x1023.jpg 2048w, https:\/\/www.fredonoccitanie.com\/jevi\/wp-content\/uploads\/sites\/2\/2023\/01\/legende-seule-gras-departement-1500x749.jpg 1500w, https:\/\/www.fredonoccitanie.com\/jevi\/wp-content\/uploads\/sites\/2\/2023\/01\/legende-seule-gras-departement-705x352.jpg 705w\" sizes=\"auto, (max-width: 534px) 100vw, 534px\" \/><\/p>\n<p><img loading=\"lazy\" decoding=\"async\" class=\"aligncenter wp-image-11349\" src=\"https:\/\/www.fredonoccitanie.com\/jevi\/wp-content\/uploads\/sites\/2\/2023\/01\/toute-la-carte-300x225.jpg\" alt=\"\" width=\"579\" height=\"434\" srcset=\"https:\/\/www.fredonoccitanie.com\/jevi\/wp-content\/uploads\/sites\/2\/2023\/01\/toute-la-carte-300x225.jpg 300w, https:\/\/www.fredonoccitanie.com\/jevi\/wp-content\/uploads\/sites\/2\/2023\/01\/toute-la-carte-1030x771.jpg 1030w, https:\/\/www.fredonoccitanie.com\/jevi\/wp-content\/uploads\/sites\/2\/2023\/01\/toute-la-carte-768x575.jpg 768w, https:\/\/www.fredonoccitanie.com\/jevi\/wp-content\/uploads\/sites\/2\/2023\/01\/toute-la-carte-1536x1150.jpg 1536w, https:\/\/www.fredonoccitanie.com\/jevi\/wp-content\/uploads\/sites\/2\/2023\/01\/toute-la-carte-2048x1533.jpg 2048w, https:\/\/www.fredonoccitanie.com\/jevi\/wp-content\/uploads\/sites\/2\/2023\/01\/toute-la-carte-1500x1123.jpg 1500w, https:\/\/www.fredonoccitanie.com\/jevi\/wp-content\/uploads\/sites\/2\/2023\/01\/toute-la-carte-705x528.jpg 705w\" sizes=\"auto, (max-width: 579px) 100vw, 579px\" \/><\/p>\n<p>&nbsp;<\/p>\n<p>Cette mission de conseil et d\u2019assistance \u00e0 ma\u00eetrise d\u2019ouvrage, financ\u00e9e par la <strong>R\u00e9gion Occitanie<\/strong>, s\u2019inscrit dans le cadre du budget participatif citoyen <a href=\"https:\/\/www.laregion.fr\/MaSolutionClimat\"><strong>\u00ab<\/strong>\u00a0<strong>Ma solution pour le climat\u00a0\u00bb<\/strong><\/a> et s\u2019accompagnera d\u2019un <strong>guide de mise en place d\u2019\u00eelots de fra\u00eecheur v\u00e9g\u00e9talis\u00e9s<\/strong> \u00e0 destination des <strong>collectivit\u00e9s<\/strong>. Ce guide, adapt\u00e9 aux diff\u00e9rents contextes de la r\u00e9gion, s\u2019appuiera notamment sur des initiatives et projets d\u00e9j\u00e0 existants en Occitanie ainsi que sur les 5 sites pilotes qui seront accompagn\u00e9s cette ann\u00e9e.<\/p>\n<p>&nbsp;<\/p>\n<p><img loading=\"lazy\" decoding=\"async\" class=\"aligncenter wp-image-11327\" src=\"https:\/\/www.fredonoccitanie.com\/jevi\/wp-content\/uploads\/sites\/2\/2023\/01\/visuel_site_web_2_900x500px-2-300x167.png\" alt=\"\" width=\"469\" height=\"261\" srcset=\"https:\/\/www.fredonoccitanie.com\/jevi\/wp-content\/uploads\/sites\/2\/2023\/01\/visuel_site_web_2_900x500px-2-300x167.png 300w, https:\/\/www.fredonoccitanie.com\/jevi\/wp-content\/uploads\/sites\/2\/2023\/01\/visuel_site_web_2_900x500px-2-768x427.png 768w, https:\/\/www.fredonoccitanie.com\/jevi\/wp-content\/uploads\/sites\/2\/2023\/01\/visuel_site_web_2_900x500px-2-705x392.png 705w, https:\/\/www.fredonoccitanie.com\/jevi\/wp-content\/uploads\/sites\/2\/2023\/01\/visuel_site_web_2_900x500px-2.png 900w\" sizes=\"auto, (max-width: 469px) 100vw, 469px\" \/><\/p>\n<p>&nbsp;<\/p>\n<p>Cr\u00e9dit image : (c) FREDON Occitanie \u2013 Rue v\u00e9g\u00e9talis\u00e9e et arbor\u00e9e, Ordan-Larroque (32)<\/p>\n<p>Contact : <a href=\"https:\/\/www.fredonoccitanie.com\/jevi\/contact\/\">Julie Chouvel<\/a><\/p>\n<p>&nbsp;<\/p>\n","protected":false},"excerpt":{"rendered":"<p>En 2023, FREDON Occitanie accompagne 5 communes du territoire dans leurs projets d\u2019am\u00e9nagement paysager pour la mise en place d\u2019\u00eelots de fra\u00eecheur v\u00e9g\u00e9talis\u00e9s. &nbsp; En Occitanie, les centres urbains, centres-bourgs anciens et les espaces denses et tr\u00e8s min\u00e9ralis\u00e9s sont fortement soumis au ph\u00e9nom\u00e8ne d\u2019\u00eelot de chaleur urbain, qui s\u2019amplifie avec les changements climatiques en cours. [&hellip;]<\/p>\n","protected":false},"author":17,"featured_media":11379,"comment_status":"closed","ping_status":"closed","sticky":false,"template":"","format":"standard","meta":{"footnotes":""},"categories":[8,2],"tags":[],"class_list":["post-11324","post","type-post","status-publish","format-standard","has-post-thumbnail","hentry","category-jevi","category-actualites-fredon"],"_links":{"self":[{"href":"https:\/\/www.fredonoccitanie.com\/jevi\/wp-json\/wp\/v2\/posts\/11324","targetHints":{"allow":["GET"]}}],"collection":[{"href":"https:\/\/www.fredonoccitanie.com\/jevi\/wp-json\/wp\/v2\/posts"}],"about":[{"href":"https:\/\/www.fredonoccitanie.com\/jevi\/wp-json\/wp\/v2\/types\/post"}],"author":[{"embeddable":true,"href":"https:\/\/www.fredonoccitanie.com\/jevi\/wp-json\/wp\/v2\/users\/17"}],"replies":[{"embeddable":true,"href":"https:\/\/www.fredonoccitanie.com\/jevi\/wp-json\/wp\/v2\/comments?post=11324"}],"version-history":[{"count":5,"href":"https:\/\/www.fredonoccitanie.com\/jevi\/wp-json\/wp\/v2\/posts\/11324\/revisions"}],"predecessor-version":[{"id":11846,"href":"https:\/\/www.fredonoccitanie.com\/jevi\/wp-json\/wp\/v2\/posts\/11324\/revisions\/11846"}],"wp:featuredmedia":[{"embeddable":true,"href":"https:\/\/www.fredonoccitanie.com\/jevi\/wp-json\/wp\/v2\/media\/11379"}],"wp:attachment":[{"href":"https:\/\/www.fredonoccitanie.com\/jevi\/wp-json\/wp\/v2\/media?parent=11324"}],"wp:term":[{"taxonomy":"category","embeddable":true,"href":"https:\/\/www.fredonoccitanie.com\/jevi\/wp-json\/wp\/v2\/categories?post=11324"},{"taxonomy":"post_tag","embeddable":true,"href":"https:\/\/www.fredonoccitanie.com\/jevi\/wp-json\/wp\/v2\/tags?post=11324"}],"curies":[{"name":"wp","href":"https:\/\/api.w.org\/{rel}","templated":true}]}}