{"id":11080,"date":"2023-01-04T12:00:26","date_gmt":"2023-01-04T11:00:26","guid":{"rendered":"https:\/\/www.fredonoccitanie.com\/jevi\/?p=11080"},"modified":"2023-01-16T15:24:29","modified_gmt":"2023-01-16T14:24:29","slug":"formation-en-ligne-inscrivez-vous-au-mooc-pollinisateurs","status":"publish","type":"post","link":"https:\/\/www.fredonoccitanie.com\/jevi\/2023\/01\/04\/formation-en-ligne-inscrivez-vous-au-mooc-pollinisateurs\/","title":{"rendered":"[Formation en ligne] Inscrivez-vous au MOOC \u00ab\u00a0Pollinisateurs\u00a0\u00bb"},"content":{"rendered":"\r\n<h3 class=\"wp-block-heading\" style=\"text-align: center\">A partir du 20 mars 2023, l&rsquo;Office fran\u00e7ais de la biodiversit\u00e9 propose une formation en ligne sur les pollinisateurs, gratuite et accessible \u00e0 tous.<\/h3>\r\n<p>&nbsp;<\/p>\r\n<!--{cke_protected}{C}%3C!%2D%2D%20%2Fwp%3Aheading%20%2D%2D%3E--><!--{cke_protected}{C}%3C!%2D%2D%20wp%3Aparagraph%20%2D%2D%3E-->\r\n<p><img loading=\"lazy\" decoding=\"async\" class=\" wp-image-11082 aligncenter\" src=\"https:\/\/www.fredonoccitanie.com\/jevi\/wp-content\/uploads\/sites\/2\/2023\/01\/MOOC_2400X1260_03-700x368-1-300x158.jpg\" alt=\"\" width=\"412\" height=\"217\" srcset=\"https:\/\/www.fredonoccitanie.com\/jevi\/wp-content\/uploads\/sites\/2\/2023\/01\/MOOC_2400X1260_03-700x368-1-300x158.jpg 300w, https:\/\/www.fredonoccitanie.com\/jevi\/wp-content\/uploads\/sites\/2\/2023\/01\/MOOC_2400X1260_03-700x368-1.jpg 700w\" sizes=\"auto, (max-width: 412px) 100vw, 412px\" \/><\/p>\r\n<h2>\u00a0<\/h2>\r\n<h2>Pourquoi mieux conna\u00eetre les pollinisateurs ?<\/h2>\r\n<div class=\"component component-text\">\r\n<p>Papillons, abeilles, gu\u00eapes, mouches : nous comptons plusieurs milliers d\u2019esp\u00e8ces en France qui participent \u00e0 la pollinisation. Elles jouent un r\u00f4le crucial dans le fonctionnement des \u00e9cosyst\u00e8mes et pour la production alimentaire. Cependant, on observe aujourd\u2019hui une forte diminution du nombre de ces esp\u00e8ces en raison de pressions des activit\u00e9s humaines telles que la destruction et la fragmentation des milieux naturels, des pollutions, dont les pesticides, ou encore des changements climatiques. Un d\u00e9clin qui fait craindre des cons\u00e9quences n\u00e9fastes pour l\u2019avenir des soci\u00e9t\u00e9s humaines.<\/p>\r\n<p>C\u2019est pourquoi, afin de sensibiliser et former tous les publics aux enjeux li\u00e9s \u00e0 la pollinisation, l\u2019Office fran\u00e7ais de la biodiversit\u00e9, en partenariat avec R\u00e9serves naturelles de France et en collaboration avec les associations ARTHROPOLOGIA, Tela Botanica et On passe \u00e0 l\u2019acte Production, propose le nouveau MOOC Pollinisateurs qui invite \u00e0 explorer ce monde proche de nous, peu connu et pourtant vital.<\/p>\r\n<p>Qui sont les principaux pollinisateurs ? Comment interagissent-ils avec les plantes \u00e0 fleurs ? Quelles pressions s\u2019exercent sur eux ? Comment les accueillir et les pr\u00e9server ? D\u00e8s le mois de mars 2023, passionn\u00e9s de nature, \u00e9lus, professionnels, \u00e9tudiants ou citoyens int\u00e9ress\u00e9s par le sujet pourront s\u2019informer et se former \u00e0 l\u2019aide d\u2019une formation en ligne sur les pollinisateurs, gratuite et accessible \u00e0 tous.<\/p>\r\n<\/div>\r\n<div class=\"component component-text\">\r\n<h6 style=\"text-align: center\"><a href=\"https:\/\/www.tela-botanica.org\/2023\/01\/le-mooc-pollinisateurs-est-ouvert-aux-inscriptions\/\">&gt;&gt; S&rsquo;inscrire au MOOC \u00ab\u00a0Pollinisateurs\u00a0\u00bb &lt;&lt;<\/a><\/h6>\r\n<p>&nbsp;<\/p>\r\n<p><div class='avia-iframe-wrap'><iframe loading=\"lazy\" title=\"MOOC Pollinisateurs (teaser)\" width=\"1500\" height=\"844\" src=\"https:\/\/www.youtube.com\/embed\/HVqJLbhIWC8?feature=oembed\" frameborder=\"0\" allow=\"accelerometer; autoplay; clipboard-write; encrypted-media; gyroscope; picture-in-picture; web-share\" allowfullscreen><\/iframe><\/div><\/p>\r\n<div class=\"component component-title level-2\">\r\n<p>&nbsp;<\/p>\r\n<h2>Pour qui et quand ?<\/h2>\r\n<\/div>\r\n<div class=\"component component-text\">\r\n<p>Ce cours en ligne est <strong>gratuit<\/strong> et <strong>ouvert \u00e0 tous<\/strong>, que vous soyez citoyen, \u00e9lu ou professionnel. Il se pratique en communaut\u00e9 sur Internet pendant 7 semaines.<\/p>\r\n<ul>\r\n<li><strong>D\u00e9but des inscriptions<\/strong> : 9 janvier 2023<\/li>\r\n<li><strong>D\u00e9but du cours<\/strong> : 20 mars 2023 \u00e0 11h<\/li>\r\n<li><strong>Dur\u00e9e du cours<\/strong> : 7 semaines<\/li>\r\n<li><strong>Fin des inscriptions<\/strong> : 7 mai 2023<\/li>\r\n<\/ul>\r\n<p>Effort estim\u00e9 : 1h \u00e0 2h\/semaine environ pour le parcours \u00ab\u00a0Initiation\u00a0\u00bb + ~2h\/semaine suppl\u00e9mentaires pour le niveau \u00ab\u00a0Perfectionnement\u00a0\u00bb<\/p>\r\n<\/div>\r\n<br \/>\r\n<h6><a href=\"https:\/\/www.tela-botanica.org\/2023\/01\/le-mooc-pollinisateurs-est-ouvert-aux-inscriptions\/\">&gt;&gt; S&rsquo;inscrire au MOOC \u00ab\u00a0Pollinisateurs\u00a0\u00bb &lt;&lt;<\/a><\/h6>\r\n<p>Source : OFB et Telabotanica<\/p>\r\n<\/div>\r\n<p style=\"text-align: center\"><strong>\u00a0<\/strong><\/p>\r\n","protected":false},"excerpt":{"rendered":"<p>A partir du 20 mars 2023, l&rsquo;Office fran\u00e7ais de la biodiversit\u00e9 propose une formation en ligne sur les pollinisateurs, gratuite et accessible \u00e0 tous. &nbsp; \u00a0 Pourquoi mieux conna\u00eetre les pollinisateurs ? Papillons, abeilles, gu\u00eapes, mouches : nous comptons plusieurs milliers d\u2019esp\u00e8ces en France qui participent \u00e0 la pollinisation. Elles jouent un r\u00f4le crucial dans [&hellip;]<\/p>\n","protected":false},"author":14,"featured_media":11100,"comment_status":"closed","ping_status":"closed","sticky":false,"template":"","format":"standard","meta":{"footnotes":""},"categories":[8,2],"tags":[],"class_list":["post-11080","post","type-post","status-publish","format-standard","has-post-thumbnail","hentry","category-jevi","category-actualites-fredon"],"_links":{"self":[{"href":"https:\/\/www.fredonoccitanie.com\/jevi\/wp-json\/wp\/v2\/posts\/11080","targetHints":{"allow":["GET"]}}],"collection":[{"href":"https:\/\/www.fredonoccitanie.com\/jevi\/wp-json\/wp\/v2\/posts"}],"about":[{"href":"https:\/\/www.fredonoccitanie.com\/jevi\/wp-json\/wp\/v2\/types\/post"}],"author":[{"embeddable":true,"href":"https:\/\/www.fredonoccitanie.com\/jevi\/wp-json\/wp\/v2\/users\/14"}],"replies":[{"embeddable":true,"href":"https:\/\/www.fredonoccitanie.com\/jevi\/wp-json\/wp\/v2\/comments?post=11080"}],"version-history":[{"count":5,"href":"https:\/\/www.fredonoccitanie.com\/jevi\/wp-json\/wp\/v2\/posts\/11080\/revisions"}],"predecessor-version":[{"id":11089,"href":"https:\/\/www.fredonoccitanie.com\/jevi\/wp-json\/wp\/v2\/posts\/11080\/revisions\/11089"}],"wp:featuredmedia":[{"embeddable":true,"href":"https:\/\/www.fredonoccitanie.com\/jevi\/wp-json\/wp\/v2\/media\/11100"}],"wp:attachment":[{"href":"https:\/\/www.fredonoccitanie.com\/jevi\/wp-json\/wp\/v2\/media?parent=11080"}],"wp:term":[{"taxonomy":"category","embeddable":true,"href":"https:\/\/www.fredonoccitanie.com\/jevi\/wp-json\/wp\/v2\/categories?post=11080"},{"taxonomy":"post_tag","embeddable":true,"href":"https:\/\/www.fredonoccitanie.com\/jevi\/wp-json\/wp\/v2\/tags?post=11080"}],"curies":[{"name":"wp","href":"https:\/\/api.w.org\/{rel}","templated":true}]}}