{"id":11078,"date":"2023-01-11T10:19:29","date_gmt":"2023-01-11T09:19:29","guid":{"rendered":"https:\/\/www.fredonoccitanie.com\/jevi\/?p=11078"},"modified":"2023-01-17T10:20:03","modified_gmt":"2023-01-17T09:20:03","slug":"ofb-atlas-de-la-biodiversite-communale-ouverture-des-candidatures-du-nouvel-appel-a-projets-2023","status":"publish","type":"post","link":"https:\/\/www.fredonoccitanie.com\/jevi\/2023\/01\/11\/ofb-atlas-de-la-biodiversite-communale-ouverture-des-candidatures-du-nouvel-appel-a-projets-2023\/","title":{"rendered":"[OFB] Atlas de la Biodiversit\u00e9 Communale : ouverture des candidatures du nouvel Appel \u00e0 Projets 2023 !"},"content":{"rendered":"<h2 style=\"text-align: center\">Candidatez pour le nouvel Appel \u00e0 Projets Atlas de la Biodiversit\u00e9 Communale 2023 !<\/h2>\n<p>&nbsp;<\/p>\n<p style=\"text-align: center\"><strong>Chaque ann\u00e9e, l\u2019Office fran\u00e7ais de la biodiversit\u00e9 (OFB) propose aux collectivit\u00e9s de leur apporter un soutien afin de r\u00e9aliser un Atlas de la biodiversit\u00e9 communale (ABC). Cet atlas leur permet d\u2019identifier les enjeux de biodiversit\u00e9 sur leur territoire et de pr\u00e9parer un plan d\u2019action pour mieux pr\u00e9server ce patrimoine !<br \/>\n<\/strong><\/p>\n<p>&nbsp;<\/p>\n<h4>Qu\u2019est ce qu&rsquo;un Atlas de la Biodiversit\u00e9 ?<\/h4>\n<p>&nbsp;<\/p>\n<p>Un Atlas de la biodiversit\u00e9 communale est un <strong>dispositif d\u2019action collective en faveur de la pr\u00e9servation du vivant<\/strong>. Il permet aux collectivit\u00e9s de mieux conna\u00eetre, pr\u00e9server puis valoriser le patrimoine naturel sur leur territoire tout en mobilisant une diversit\u00e9 d\u2019acteurs locaux : \u00e9lus, \u00e9coles, citoyens, associations, entreprises, etc.<\/p>\n<p>Un ABC est donc un <strong>outil de connaissance, de mobilisation et d\u2019aide \u00e0 la d\u00e9cision<\/strong> pour les collectivit\u00e9s dans leurs d\u00e9marches d&rsquo;am\u00e9nagement et de gestion.<\/p>\n<p>Depuis 2017, <a href=\"https:\/\/abc.naturefrance.fr\/\" target=\"_blank\" rel=\"noopener\">391 projets d\u2019ABC impliquant pr\u00e8s de 3 000 communes<\/a> ont pu voir le jour gr\u00e2ce \u00e0 ce dispositif.<\/p>\n<p>Pour cette nouvelle \u00e9dition de l\u2019appel \u00e0 projets d\u2019ABC, les communes et intercommunalit\u00e9s, ainsi que leurs partenaires associatifs, sont appel\u00e9s \u00e0 d\u00e9poser leurs candidatures <strong>entre le 16 janvier et le 22 mars 2023 via <a href=\"https:\/\/www.demarches-simplifiees.fr\/commencer\/appel-a-projets-atlas-de-la-biodiversite-communale-2023\" target=\"_blank\" rel=\"noopener\">la plateforme de d\u00e9p\u00f4t D\u00e9marches simplifi\u00e9es<\/a><\/strong>.<\/p>\n<p>Cette ann\u00e9e, l\u2019OFB r\u00e9affirme son soutien aux ABC en lan\u00e7ant le<strong> 8<sup>e<\/sup> appel \u00e0 projets<\/strong>, mobilisant une enveloppe de <strong>3 millions d\u2019euros<\/strong>. Les collectivit\u00e9s et leurs partenaires ont jusqu\u2019au <strong>22 mars pour d\u00e9poser leurs candidatures.<\/strong><\/p>\n<p>Le programme ABC se d\u00e9veloppe gr\u00e2ce \u00e0 ce nouvel appel \u00e0 projet et gr\u00e2ce au d\u00e9veloppement de la capitalisation autour du programme, permise notamment gr\u00e2ce au soutien de la fondation ENGIE<\/p>\n<p>&nbsp;<\/p>\n<h6><a href=\"https:\/\/www.ofb.gouv.fr\/actualites\/appel-projets-atlas-de-la-biodiversite-communale-2023\">&gt;&gt; Cliquez ici pour acc\u00e9der \u00e0 toutes les informations sur l&rsquo;Appel \u00e0 Projet ABC 2023<\/a><a href=\"https:\/\/www.ofb.gouv.fr\/actualites\/appel-projets-atlas-de-la-biodiversite-communale-2023\">\u00a0 &lt;&lt;<\/a><\/h6>\n<p>&nbsp;<\/p>\n<h3>Caract\u00e9ristiques de l\u2019appel \u00e0 projets \u00ab\u00a0Atlas de la biodiversit\u00e9 communale\u00a0\u00bb 2023<\/h3>\n<table class=\"text-align-center\" width=\"100%\">\n<tbody>\n<tr>\n<td valign=\"top\">&nbsp;<\/p>\n<p align=\"center\">\n<\/td>\n<td valign=\"top\">\n<p align=\"center\">\n<\/td>\n<td><b>AAP Atlas de la Biodiversit\u00e9 Communale (ABC) 2023<\/b><\/td>\n<\/tr>\n<tr>\n<td>\n<p align=\"center\"><b>Montant de l\u2019appel \u00e0 projet<\/b><\/p>\n<\/td>\n<td valign=\"top\">\n<p align=\"center\">\n<\/td>\n<td>\n<p align=\"center\">3 millions d\u2019euros<\/p>\n<\/td>\n<\/tr>\n<tr>\n<td>\n<p align=\"center\"><b>Porteurs de projets<\/b><\/p>\n<\/td>\n<td valign=\"top\">\n<p align=\"center\">\n<\/td>\n<td>\n<p align=\"center\"><b>Communes et structures intercommunales en priorit\u00e9<\/b>, \u00e9tablissements publics et acteurs associatifs dans certains cas*<\/p>\n<\/td>\n<\/tr>\n<tr>\n<td>\n<p align=\"center\"><b>Eligibilit\u00e9 g\u00e9ographique<\/b><\/p>\n<\/td>\n<td valign=\"top\">\n<p align=\"center\">\n<\/td>\n<td>\n<p align=\"center\">France m\u00e9tropolitaine et Outre-Mer (DROM et COM)*<\/p>\n<\/td>\n<\/tr>\n<tr>\n<td>\n<p align=\"center\"><b>Montant maximal de l\u2019aide<\/b><\/p>\n<\/td>\n<td valign=\"top\">\n<p align=\"center\">\n<\/td>\n<td>\n<p align=\"center\">250\u00a0000 euros nets de taxe<\/p>\n<\/td>\n<\/tr>\n<tr>\n<td>\n<p align=\"center\"><b>Taux maximal de l\u2019aide<\/b><\/p>\n<\/td>\n<td valign=\"top\">\n<p align=\"center\">\n<\/td>\n<td>\n<p align=\"center\">80% des d\u00e9penses \u00e9ligibles*<\/p>\n<\/td>\n<\/tr>\n<tr>\n<td>\n<p align=\"center\"><b>Dur\u00e9e maximale des projets<\/b><\/p>\n<\/td>\n<td valign=\"top\">\n<p align=\"center\">\n<\/td>\n<td>\n<p align=\"center\">36 mois \u00e0 compter de la contractualisation<\/p>\n<\/td>\n<\/tr>\n<\/tbody>\n<\/table>\n<p>&nbsp;<\/p>\n<h6 style=\"text-align: center\"><a href=\"https:\/\/www.ofb.gouv.fr\/actualites\/appel-projets-atlas-de-la-biodiversite-communale-2023\">&gt;&gt; Cliquez ici pour acc\u00e9der \u00e0 toutes les informations sur l&rsquo;Appel \u00e0 Projet ABC 2023<\/a><a href=\"https:\/\/www.ofb.gouv.fr\/actualites\/appel-projets-atlas-de-la-biodiversite-communale-2023\">\u00a0 &lt;&lt;<\/a><\/h6>\n<p>&nbsp;<\/p>\n<p>Sources : <a href=\"https:\/\/www.ofb.gouv.fr\/actualites\/appel-projets-atlas-de-la-biodiversite-communale-2023\">OFB<\/a><\/p>\n<p>Cr\u00e9dit Photo : L\u00e6titia Huart<\/p>\n","protected":false},"excerpt":{"rendered":"<p>Candidatez pour le nouvel Appel \u00e0 Projets Atlas de la Biodiversit\u00e9 Communale 2023 ! &nbsp; Chaque ann\u00e9e, l\u2019Office fran\u00e7ais de la biodiversit\u00e9 (OFB) propose aux collectivit\u00e9s de leur apporter un soutien afin de r\u00e9aliser un Atlas de la biodiversit\u00e9 communale (ABC). Cet atlas leur permet d\u2019identifier les enjeux de biodiversit\u00e9 sur leur territoire et de [&hellip;]<\/p>\n","protected":false},"author":14,"featured_media":11151,"comment_status":"closed","ping_status":"closed","sticky":false,"template":"","format":"standard","meta":{"footnotes":""},"categories":[8,2],"tags":[],"class_list":["post-11078","post","type-post","status-publish","format-standard","has-post-thumbnail","hentry","category-jevi","category-actualites-fredon"],"_links":{"self":[{"href":"https:\/\/www.fredonoccitanie.com\/jevi\/wp-json\/wp\/v2\/posts\/11078","targetHints":{"allow":["GET"]}}],"collection":[{"href":"https:\/\/www.fredonoccitanie.com\/jevi\/wp-json\/wp\/v2\/posts"}],"about":[{"href":"https:\/\/www.fredonoccitanie.com\/jevi\/wp-json\/wp\/v2\/types\/post"}],"author":[{"embeddable":true,"href":"https:\/\/www.fredonoccitanie.com\/jevi\/wp-json\/wp\/v2\/users\/14"}],"replies":[{"embeddable":true,"href":"https:\/\/www.fredonoccitanie.com\/jevi\/wp-json\/wp\/v2\/comments?post=11078"}],"version-history":[{"count":5,"href":"https:\/\/www.fredonoccitanie.com\/jevi\/wp-json\/wp\/v2\/posts\/11078\/revisions"}],"predecessor-version":[{"id":11158,"href":"https:\/\/www.fredonoccitanie.com\/jevi\/wp-json\/wp\/v2\/posts\/11078\/revisions\/11158"}],"wp:featuredmedia":[{"embeddable":true,"href":"https:\/\/www.fredonoccitanie.com\/jevi\/wp-json\/wp\/v2\/media\/11151"}],"wp:attachment":[{"href":"https:\/\/www.fredonoccitanie.com\/jevi\/wp-json\/wp\/v2\/media?parent=11078"}],"wp:term":[{"taxonomy":"category","embeddable":true,"href":"https:\/\/www.fredonoccitanie.com\/jevi\/wp-json\/wp\/v2\/categories?post=11078"},{"taxonomy":"post_tag","embeddable":true,"href":"https:\/\/www.fredonoccitanie.com\/jevi\/wp-json\/wp\/v2\/tags?post=11078"}],"curies":[{"name":"wp","href":"https:\/\/api.w.org\/{rel}","templated":true}]}}