{"id":10975,"date":"2023-01-17T10:30:33","date_gmt":"2023-01-17T09:30:33","guid":{"rendered":"https:\/\/www.fredonoccitanie.com\/jevi\/?p=10975"},"modified":"2023-01-17T10:38:02","modified_gmt":"2023-01-17T09:38:02","slug":"la-lettre-jevi-2023-1","status":"publish","type":"post","link":"https:\/\/www.fredonoccitanie.com\/jevi\/2023\/01\/17\/la-lettre-jevi-2023-1\/","title":{"rendered":"La Lettre JEVI 2023 #1"},"content":{"rendered":"\r\n<h3 class=\"wp-block-heading\" style=\"text-align: center\"><strong>Bonne ann\u00e9e, Bona annada*, Bon any nou** !<\/strong><\/h3>\r\n<!--{cke_protected}{C}%3C!%2D%2D%20%2Fwp%3Aheading%20%2D%2D%3E--><!--{cke_protected}{C}%3C!%2D%2D%20wp%3Aparagraph%20%2D%2D%3E-->\r\n<p>&nbsp;<\/p>\r\n<div style=\"text-align: center\">\r\n<p style=\"text-align: center\"><span data-contrast=\"auto\"><strong>FREDON Occitanie vous adresse ses meilleurs v\u0153ux pour 2023<\/strong>\u202f<\/span><\/p>\r\n<\/div>\r\n<p>&nbsp;<\/p>\r\n<p style=\"text-align: center\">En ce d\u00e9but d&rsquo;ann\u00e9e, nous vous souhaitons une ann\u00e9e fleurissante, une ann\u00e9e pour s\u2019ouvrir \u00e0 de nouveaux horizons et s\u2019engager pour le v\u00e9g\u00e9tal !<\/p>\r\n<p style=\"text-align: center\">2023 s&rsquo;annonce avec le lancement prochain de la nouvelle mouture de la charte r\u00e9gionale que nous vous concoctons. Elle \u0153uvrera \u00e0 vous accompagner concr\u00e8tement vers des pratiques toujours plus \u00e9cologiques et respectueuses de la sant\u00e9, de l&rsquo;environnement et de nos territoires en Occitanie.<\/p>\r\n<p style=\"text-align: center\">Pour s&rsquo;y pr\u00e9parer, cette lettre vous propose des outils pour se former et s&rsquo;informer : podcast, nouvelle page d&rsquo;outils de sensibilisation, formations en ligne et bien d&rsquo;autres.<\/p>\r\n<p style=\"text-align: center\">C&rsquo;est aussi le temps de pr\u00e9parer les actions de sensibilisation de l&rsquo;ann\u00e9e : les grands \u00e9v\u00e8nements invitent d\u00e9j\u00e0 \u00e0 prendre date !<\/p>\r\n<p style=\"text-align: center\"><strong>Le d\u00e9but d&rsquo;ann\u00e9e c&rsquo;est \u00e9galement le temps des r\u00e9solutions : en 2023 nous nous engageons un peu plus encore pour le v\u00e9g\u00e9tal, et vous ?<\/strong><\/p>\r\n<h3 style=\"text-align: center\">\u00a0<\/h3>\r\n<p>&nbsp;<\/p>\r\n\r\n\r\n\r\n<p style=\"text-align: center\"><a href=\"https:\/\/mailchi.mp\/bc3fdea3cd02\/lettre-jevi4-dcembre-9280841\"><em><strong>Voir la Lettre JEVI 2023 #1<\/strong><\/em><\/a><\/p>\r\n<p style=\"text-align: center\"><a href=\"https:\/\/www.fredonoccitanie.com\/jevi\/ressources\/newsletters\/\"><strong><em>S&rsquo;inscrire \u00e0 la lettre du r\u00e9seau JEVI<\/em><\/strong><\/a><\/p>\r\n<p>&nbsp;<\/p>\r\n<p><img loading=\"lazy\" decoding=\"async\" class=\"alignnone size-medium wp-image-10851 aligncenter\" src=\"https:\/\/www.fredonoccitanie.com\/jevi\/wp-content\/uploads\/sites\/2\/2023\/01\/voeux2023-300x300.png\" alt=\"\" width=\"300\" height=\"300\" \/><\/p>\r\n<p>&nbsp;<\/p>\r\n<p>Cr\u00e9dit image : Le camping Les 3 cantons \u00e0 Saint-Antonin-Noble-Val (82), Engag\u00e9 Z\u00e9ro Phyto, fait la part belle au v\u00e9g\u00e9tal ! (C) FREDON Occitanie_FR<\/p>\r\n<p>Voeux : *occitan **catalan<\/p>\r\n","protected":false},"excerpt":{"rendered":"<p>Bonne ann\u00e9e, Bona annada*, Bon any nou** ! &nbsp; FREDON Occitanie vous adresse ses meilleurs v\u0153ux pour 2023\u202f &nbsp; En ce d\u00e9but d&rsquo;ann\u00e9e, nous vous souhaitons une ann\u00e9e fleurissante, une ann\u00e9e pour s\u2019ouvrir \u00e0 de nouveaux horizons et s\u2019engager pour le v\u00e9g\u00e9tal ! 2023 s&rsquo;annonce avec le lancement prochain de la nouvelle mouture de la [&hellip;]<\/p>\n","protected":false},"author":10,"featured_media":10979,"comment_status":"closed","ping_status":"closed","sticky":false,"template":"","format":"standard","meta":{"footnotes":""},"categories":[8,2,13],"tags":[10],"class_list":["post-10975","post","type-post","status-publish","format-standard","has-post-thumbnail","hentry","category-jevi","category-actualites-fredon","category-lettres-jevi","tag-newsletters-jevi"],"_links":{"self":[{"href":"https:\/\/www.fredonoccitanie.com\/jevi\/wp-json\/wp\/v2\/posts\/10975","targetHints":{"allow":["GET"]}}],"collection":[{"href":"https:\/\/www.fredonoccitanie.com\/jevi\/wp-json\/wp\/v2\/posts"}],"about":[{"href":"https:\/\/www.fredonoccitanie.com\/jevi\/wp-json\/wp\/v2\/types\/post"}],"author":[{"embeddable":true,"href":"https:\/\/www.fredonoccitanie.com\/jevi\/wp-json\/wp\/v2\/users\/10"}],"replies":[{"embeddable":true,"href":"https:\/\/www.fredonoccitanie.com\/jevi\/wp-json\/wp\/v2\/comments?post=10975"}],"version-history":[{"count":5,"href":"https:\/\/www.fredonoccitanie.com\/jevi\/wp-json\/wp\/v2\/posts\/10975\/revisions"}],"predecessor-version":[{"id":16968,"href":"https:\/\/www.fredonoccitanie.com\/jevi\/wp-json\/wp\/v2\/posts\/10975\/revisions\/16968"}],"wp:featuredmedia":[{"embeddable":true,"href":"https:\/\/www.fredonoccitanie.com\/jevi\/wp-json\/wp\/v2\/media\/10979"}],"wp:attachment":[{"href":"https:\/\/www.fredonoccitanie.com\/jevi\/wp-json\/wp\/v2\/media?parent=10975"}],"wp:term":[{"taxonomy":"category","embeddable":true,"href":"https:\/\/www.fredonoccitanie.com\/jevi\/wp-json\/wp\/v2\/categories?post=10975"},{"taxonomy":"post_tag","embeddable":true,"href":"https:\/\/www.fredonoccitanie.com\/jevi\/wp-json\/wp\/v2\/tags?post=10975"}],"curies":[{"name":"wp","href":"https:\/\/api.w.org\/{rel}","templated":true}]}}