{"id":10949,"date":"2023-01-03T12:51:24","date_gmt":"2023-01-03T11:51:24","guid":{"rendered":"https:\/\/www.fredonoccitanie.com\/jevi\/?p=10949"},"modified":"2023-01-16T09:23:34","modified_gmt":"2023-01-16T08:23:34","slug":"aides-appel-a-manifestation-dinteret-eau-et-climat-agence-de-leau-rmc","status":"publish","type":"post","link":"https:\/\/www.fredonoccitanie.com\/jevi\/2023\/01\/03\/aides-appel-a-manifestation-dinteret-eau-et-climat-agence-de-leau-rmc\/","title":{"rendered":"[Aides] Appel \u00e0 manifestation d&rsquo;int\u00e9r\u00eat &#8211; EAU ET CLIMAT &#8211; Agence de l&rsquo;eau RMC"},"content":{"rendered":"<h3 style=\"text-align: center\">L&rsquo;agence de l&rsquo;eau Rh\u00f4ne M\u00e9diterran\u00e9e Corse lance un AMI \u00ab\u00a0Eau et climat : agir plus vite, plus fort sur les territoires\u00a0\u00bb<\/h3>\n<h3 style=\"text-align: center\"><strong>Son enveloppe sera dot\u00e9e de <em>10 M\u20ac \/ jusqu&rsquo;\u00e0 70% d&rsquo;aides aux projet<\/em><\/strong><\/h3>\n<p>&nbsp;<\/p>\n<h3 style=\"text-align: center\">Date limite de d\u00e9p\u00f4t des notes d&rsquo;intention : 30\/04\/23<\/h3>\n<p>&nbsp;<\/p>\n<h3>Quels sont les objectifs de cette aide ?<\/h3>\n<div class=\"weaurmc-publication-header\">\n<div class=\"weaurmc-publication-chapeau\">\n<p>Cet appel \u00e0 manifestation d\u2019int\u00e9r\u00eat a pour objectif d\u2019accompagner des projets d\u2019adaptation au changement climatique destin\u00e9s \u00e0 r\u00e9duire la vuln\u00e9rabilit\u00e9 des territoires ou des milieux naturels face aux risques r\u00e9currents d\u2019\u00e9v\u00e8nements extr\u00eames (crues et s\u00e9cheresses) et d\u2019augmentation de la temp\u00e9rature dans un contexte de changement climatique. Il doit s\u2018agir de projets qui contribuent directement aux plans de bassin d\u2019adaptation au changement climatique.<\/p>\n<\/div>\n<\/div>\n<div class=\"classic\">\n<div class=\"row BLOC-INFO\">\n<div class=\"editorial-content col-xs-12 col-sm-12 col-md-12 col-lg-12\">\n<div class=\"wysiwyg editorial\">\n<p>Les projets sont \u00e0 conduire sur les territoires des deux bassins Rh\u00f4ne-M\u00e9diterran\u00e9e et de Corse. L\u2019agence de l\u2019eau engage 10 millions d\u2019euros pour faciliter l\u2019\u00e9mergence de nouveaux projets afin de mieux s\u2019adapter aux effets du changement climatique pour l\u2019eau et les milieux aquatiques.<\/p>\n<\/div>\n<\/div>\n<\/div>\n<\/div>\n<h3>Quels sont les porteurs de projet \u00e9ligibles ?<\/h3>\n<ul>\n<li>Les projets devront imp\u00e9rativement \u00eatre port\u00e9s par une collectivit\u00e9, mais leurs op\u00e9rateurs (bailleurs, \u00e9tablissements publics fonciers, soci\u00e9t\u00e9s d&rsquo;\u00e9conomie locale, etc.) pourront \u00e9galement y candidater.<\/li>\n<li>Tous les territoires et tous les projets (\u00e0 petits comme \u00e0 gros montants) seront concern\u00e9s par le fonds vert.<\/li>\n<li>Les \u00e9tudes (de d\u00e9pollution par exemple dans le cadre d&rsquo;un projet de r\u00e9habilitation d&rsquo;une friche, diagnostics, \u00e9tudes pr\u00e9alables&#8230;) seront \u00e9ligibles aux financements.<\/li>\n<li>Le cumul des aides du fonds avec les dotations locales (DETR \/ DSIL) sera possible<\/li>\n<\/ul>\n<h3>Quels projets sont soutenus ?<\/h3>\n<p>Les projets ambitieux d\u2019adaptation au changement\u00a0climatique li\u00e9s \u00e0 l\u2019eau et aux milieux aquatiques int\u00e9grant\u00a0au minimum :<\/p>\n<ul>\n<li><strong>une approche globale<\/strong> prenant en compte les\u00a0interactions entre diff\u00e9rents acteurs ou champs de travail\u00a0li\u00e9s \u00e0 l\u2019eau dans une exploitation, une entreprise ou une\u00a0collectivit\u00e9 ;<\/li>\n<li><strong>une d\u00e9marche exemplaire ou innovante<\/strong> ;<\/li>\n<li>une d\u00e9marche incitant <strong>la prise de conscience et le\u00a0changement de posture<\/strong> d\u2019individus ou de collectifs vers\u00a0des actions d\u2019adaptation ou d\u2019att\u00e9nuation ;<\/li>\n<li><strong>une solution d\u2019adaptation fond\u00e9e sur la nature<\/strong> (SaFN) ;<\/li>\n<li><strong>une d\u00e9marche territoriale et collective<\/strong> d\u2019adaptation au\u00a0changement climatique.<\/li>\n<\/ul>\n<h3>Quelles sont les aides de l&rsquo;agence de l&rsquo;eau ?<\/h3>\n<p>Cet appel \u00e0 manifestation d\u2019int\u00e9r\u00eat vise \u00e0 aider les projets\u00a0propos\u00e9s :<\/p>\n<ul>\n<li>sur l\u2019ensemble des deux bassins Rh\u00f4ne-M\u00e9diterran\u00e9e et\u00a0de Corse (pas de zonage d\u2019\u00e9ligibilit\u00e9),<\/li>\n<li>\u00e0 un <strong>taux maximal du programme de 70%<\/strong>, sauf\u00a0encadrement europ\u00e9en.<\/li>\n<\/ul>\n<p>Elle consacre une enveloppe financi\u00e8re de <strong>10 millions\u00a0d\u2019euros<\/strong> pour cet appel \u00e0 manifestation d\u2019int\u00e9r\u00eat.<\/p>\n<p>&nbsp;<\/p>\n<h3 style=\"text-align: center\">Date limite de d\u00e9p\u00f4t des note d&rsquo;intention : 30\/04\/23<\/h3>\n<p>&nbsp;<\/p>\n<h6 style=\"text-align: center\"><a href=\"https:\/\/www.eaurmc.fr\/jcms\/pro_117549\/fr\/appel-a-manifestation-d-interet-eau-et-climat-agir-plus-vite-plus-fort-sur-les-territoires\">&gt;&gt; Cliquez ici pour en savoir plus et pour candidater &lt;&lt;<\/a><\/h6>\n<p>&nbsp;<\/p>\n<p>Source : AERMC<\/p>\n","protected":false},"excerpt":{"rendered":"<p>L&rsquo;agence de l&rsquo;eau Rh\u00f4ne M\u00e9diterran\u00e9e Corse lance un AMI \u00ab\u00a0Eau et climat : agir plus vite, plus fort sur les territoires\u00a0\u00bb Son enveloppe sera dot\u00e9e de 10 M\u20ac \/ jusqu&rsquo;\u00e0 70% d&rsquo;aides aux projet &nbsp; Date limite de d\u00e9p\u00f4t des notes d&rsquo;intention : 30\/04\/23 &nbsp; Quels sont les objectifs de cette aide ? Cet appel [&hellip;]<\/p>\n","protected":false},"author":14,"featured_media":10954,"comment_status":"closed","ping_status":"closed","sticky":false,"template":"","format":"standard","meta":{"footnotes":""},"categories":[8],"tags":[],"class_list":["post-10949","post","type-post","status-publish","format-standard","has-post-thumbnail","hentry","category-jevi"],"_links":{"self":[{"href":"https:\/\/www.fredonoccitanie.com\/jevi\/wp-json\/wp\/v2\/posts\/10949","targetHints":{"allow":["GET"]}}],"collection":[{"href":"https:\/\/www.fredonoccitanie.com\/jevi\/wp-json\/wp\/v2\/posts"}],"about":[{"href":"https:\/\/www.fredonoccitanie.com\/jevi\/wp-json\/wp\/v2\/types\/post"}],"author":[{"embeddable":true,"href":"https:\/\/www.fredonoccitanie.com\/jevi\/wp-json\/wp\/v2\/users\/14"}],"replies":[{"embeddable":true,"href":"https:\/\/www.fredonoccitanie.com\/jevi\/wp-json\/wp\/v2\/comments?post=10949"}],"version-history":[{"count":5,"href":"https:\/\/www.fredonoccitanie.com\/jevi\/wp-json\/wp\/v2\/posts\/10949\/revisions"}],"predecessor-version":[{"id":10986,"href":"https:\/\/www.fredonoccitanie.com\/jevi\/wp-json\/wp\/v2\/posts\/10949\/revisions\/10986"}],"wp:featuredmedia":[{"embeddable":true,"href":"https:\/\/www.fredonoccitanie.com\/jevi\/wp-json\/wp\/v2\/media\/10954"}],"wp:attachment":[{"href":"https:\/\/www.fredonoccitanie.com\/jevi\/wp-json\/wp\/v2\/media?parent=10949"}],"wp:term":[{"taxonomy":"category","embeddable":true,"href":"https:\/\/www.fredonoccitanie.com\/jevi\/wp-json\/wp\/v2\/categories?post=10949"},{"taxonomy":"post_tag","embeddable":true,"href":"https:\/\/www.fredonoccitanie.com\/jevi\/wp-json\/wp\/v2\/tags?post=10949"}],"curies":[{"name":"wp","href":"https:\/\/api.w.org\/{rel}","templated":true}]}}