{"id":10858,"date":"2023-01-11T13:20:55","date_gmt":"2023-01-11T12:20:55","guid":{"rendered":"https:\/\/www.fredonoccitanie.com\/jevi\/?p=10858"},"modified":"2023-01-16T15:07:19","modified_gmt":"2023-01-16T14:07:19","slug":"podcast-fredonnons-la-nature","status":"publish","type":"post","link":"https:\/\/www.fredonoccitanie.com\/jevi\/2023\/01\/11\/podcast-fredonnons-la-nature\/","title":{"rendered":"Podcast \u00ab\u00a0Fredonnons la Nature !\u00a0\u00bb : un nouvel outil \u00e0 \u00e9couter pour s&rsquo;informer&#8230;"},"content":{"rendered":"<h2 style=\"text-align: center\">Des \u00e9missions de radio \u00e0 \u00e9couter en ligne et sans limite<\/h2>\n<p>&nbsp;<\/p>\n<p style=\"text-align: center\"><strong>Le r\u00e9seau FREDON France vient de lancer son podcast de vulgarisation scientifique : \u00ab\u00a0Fredonnons la Nature !\u00a0\u00bb. Ce \u00ab\u00a0podcast\u00a0\u00bb propose plusieurs \u00e9missions de radio \u00e0 \u00e9couter depuis une plateforme en ligne. Des \u00e9missions pour se cultiver, s&rsquo;informer et gagner en technicit\u00e9 autour de la sant\u00e9, de l&rsquo;environnement et du v\u00e9g\u00e9tal !\u00a0<\/strong><\/p>\n<p>&nbsp;<\/p>\n<p>Au programme, chaque mois un expert du r\u00e9seau FREDON France \u00e9claire sur un organisme qui impacte notre sant\u00e9, celle de l\u2019environnement ou celle des v\u00e9g\u00e9taux.<\/p>\n<p>\u00ab\u00a0Flavescence dor\u00e9e, Berce du Caucase, carpocapse des pommes, autant de noms qui doivent vous para\u00eetre bien myst\u00e9rieux mais qui pourtant feraient fr\u00e9mir n\u2019importe quel expert du monde v\u00e9g\u00e9tal. Bienvenue dans le podcast qui traite de notre Ch\u00e8re Nature et de ces improbables bestioles qui nous pourrissent la vie\u00a0\u00bb.<\/p>\n<p>&nbsp;<\/p>\n<h5 style=\"text-align: center\"><a href=\"https:\/\/linktr.ee\/fredonfrance\">Vous pouvez d\u00e8s \u00e0 pr\u00e9sent \u00e9couter l&rsquo;\u00e9pisode de pr\u00e9sentation du podcast sur toutes les plateformes de podcast ici !<\/a><\/h5>\n<p style=\"text-align: center\">Pour suivre toute l\u2019actualit\u00e9 du podcast, suivez le Twitter du podcast : <a href=\"https:\/\/twitter.com\/podcast_FREDON\">@podcast_FREDON<\/a>.<\/p>\n<p>&nbsp;<\/p>\n<p>Source : FREDON France<\/p>\n","protected":false},"excerpt":{"rendered":"<p>Des \u00e9missions de radio \u00e0 \u00e9couter en ligne et sans limite &nbsp; Le r\u00e9seau FREDON France vient de lancer son podcast de vulgarisation scientifique : \u00ab\u00a0Fredonnons la Nature !\u00a0\u00bb. Ce \u00ab\u00a0podcast\u00a0\u00bb propose plusieurs \u00e9missions de radio \u00e0 \u00e9couter depuis une plateforme en ligne. Des \u00e9missions pour se cultiver, s&rsquo;informer et gagner en technicit\u00e9 autour de [&hellip;]<\/p>\n","protected":false},"author":5,"featured_media":10859,"comment_status":"closed","ping_status":"closed","sticky":false,"template":"","format":"standard","meta":{"footnotes":""},"categories":[8],"tags":[],"class_list":["post-10858","post","type-post","status-publish","format-standard","has-post-thumbnail","hentry","category-jevi"],"_links":{"self":[{"href":"https:\/\/www.fredonoccitanie.com\/jevi\/wp-json\/wp\/v2\/posts\/10858","targetHints":{"allow":["GET"]}}],"collection":[{"href":"https:\/\/www.fredonoccitanie.com\/jevi\/wp-json\/wp\/v2\/posts"}],"about":[{"href":"https:\/\/www.fredonoccitanie.com\/jevi\/wp-json\/wp\/v2\/types\/post"}],"author":[{"embeddable":true,"href":"https:\/\/www.fredonoccitanie.com\/jevi\/wp-json\/wp\/v2\/users\/5"}],"replies":[{"embeddable":true,"href":"https:\/\/www.fredonoccitanie.com\/jevi\/wp-json\/wp\/v2\/comments?post=10858"}],"version-history":[{"count":5,"href":"https:\/\/www.fredonoccitanie.com\/jevi\/wp-json\/wp\/v2\/posts\/10858\/revisions"}],"predecessor-version":[{"id":10864,"href":"https:\/\/www.fredonoccitanie.com\/jevi\/wp-json\/wp\/v2\/posts\/10858\/revisions\/10864"}],"wp:featuredmedia":[{"embeddable":true,"href":"https:\/\/www.fredonoccitanie.com\/jevi\/wp-json\/wp\/v2\/media\/10859"}],"wp:attachment":[{"href":"https:\/\/www.fredonoccitanie.com\/jevi\/wp-json\/wp\/v2\/media?parent=10858"}],"wp:term":[{"taxonomy":"category","embeddable":true,"href":"https:\/\/www.fredonoccitanie.com\/jevi\/wp-json\/wp\/v2\/categories?post=10858"},{"taxonomy":"post_tag","embeddable":true,"href":"https:\/\/www.fredonoccitanie.com\/jevi\/wp-json\/wp\/v2\/tags?post=10858"}],"curies":[{"name":"wp","href":"https:\/\/api.w.org\/{rel}","templated":true}]}}