{"id":10813,"date":"2023-01-14T09:31:28","date_gmt":"2023-01-14T08:31:28","guid":{"rendered":"https:\/\/www.fredonoccitanie.com\/jevi\/?p=10813"},"modified":"2023-01-17T10:34:55","modified_gmt":"2023-01-17T09:34:55","slug":"2023-nouvelle-annee-nouveaux-projets","status":"publish","type":"post","link":"https:\/\/www.fredonoccitanie.com\/jevi\/2023\/01\/14\/2023-nouvelle-annee-nouveaux-projets\/","title":{"rendered":"2023 : nouvelle ann\u00e9e, nouveaux projets !"},"content":{"rendered":"<h3 style=\"text-align: center\"><\/h3>\n<h3 style=\"text-align: center\"><span data-contrast=\"auto\"><strong>Bonne ann\u00e9e, Bona annada, Bon any nou, <\/strong><\/span><\/h3>\n<h3 style=\"text-align: center\"><span data-contrast=\"auto\"><strong>FREDON Occitanie vous adresse ses meilleurs v\u0153ux pour 2023<\/strong>\u202f<\/span><\/h3>\n<h3 style=\"text-align: center\"><\/h3>\n<p>&nbsp;<\/p>\n<h4><span data-contrast=\"auto\">Nos meilleurs v\u0153ux pour 2023<\/span><\/h4>\n<p>&nbsp;<\/p>\n<p><strong>Nous vous souhaitons une ann\u00e9e fleurissante, une ann\u00e9e pour s&rsquo;ouvrir \u00e0 de nouveaux horizons et s&rsquo;engager pour le v\u00e9g\u00e9tal !<\/strong><\/p>\n<p>&nbsp;<\/p>\n<p><em>Ensemble, en 2023, semons des graines pour renaturer notre cadre de vie,<\/em><\/p>\n<p><em>laissons pousser des brins de nature,<\/em><\/p>\n<p><em>plantons pour ne pas laisser plus de place au b\u00e9ton,<\/em><\/p>\n<p><em>choyons et prot\u00e9geons nos plantes en adoptant les bonnes pratiques,<\/em><\/p>\n<p><em>valorisons les d\u00e9chets verts plut\u00f4t que d&rsquo;alimenter les poubelles,\u00a0<\/em><\/p>\n<p><em>accueillons et prot\u00e9geons la biodiversit\u00e9 qui nous entoure,<\/em><\/p>\n<p><em>\u00e9conomisons l&rsquo;eau qui nous fait vivre,<\/em><\/p>\n<p><em>valorisons les paysages qui nous entourent,<\/em><\/p>\n<p><em>respectons notre sant\u00e9, notre environnement et nos territoires d&rsquo;Occitanie,<\/em><\/p>\n<p><em>et engageons-nous pour le v\u00e9g\u00e9tal !<\/em><\/p>\n<p>&nbsp;<\/p>\n<p>&nbsp;<\/p>\n<h5 style=\"text-align: center\"><strong>Bonne ann\u00e9e et meilleurs voeux<\/strong><\/h5>\n<h5 style=\"text-align: center\"><strong>Bona annada, plan granada e acompanhada<\/strong><\/h5>\n<h5 style=\"text-align: center\"><strong>Bon any nou i millors desitjos<\/strong><\/h5>\n<p>&nbsp;<\/p>\n<p><img loading=\"lazy\" decoding=\"async\" class=\"alignnone size-medium wp-image-10851 aligncenter\" src=\"https:\/\/www.fredonoccitanie.com\/jevi\/wp-content\/uploads\/sites\/2\/2023\/01\/voeux2023-300x300.png\" alt=\"\" width=\"300\" height=\"300\" \/><\/p>\n<p>&nbsp;<\/p>\n<h4><strong>Nouvelle ann\u00e9e, nouveaux projets&#8230;\u00a0<\/strong><\/h4>\n<h5><\/h5>\n<h5>Une nouvelle charte en perspective&#8230;<\/h5>\n<p>Il y a un an nous annoncions 2022 comme une ann\u00e9e de transition pour travailler ensemble sur un cadre renouvel\u00e9 et explorer de nouveaux horizons autour du \u00ab Z\u00e9ro Phyto \u00bb,&#8230; et au-del\u00e0.<\/p>\n<p>Tout au long de l&rsquo;ann\u00e9e \u00e9coul\u00e9e, nous avons \u0153uvr\u00e9 \u00e0 ce projet, construit une r\u00e9flexion, \u00e9labor\u00e9 un nouveau cahier des charges de charte, confront\u00e9 le projet au regard de nos partenaires institutionnels et techniques, test\u00e9 \u00e0 vos c\u00f4t\u00e9s plusieurs versions, amorc\u00e9 une r\u00e9flexion sur l&rsquo;identit\u00e9 visuelle associ\u00e9e&#8230;<\/p>\n<p>D\u00e9but 2023 sera le moment de voir germer les fruits de ce travail et de s&rsquo;engager pour le v\u00e9g\u00e9tal !<\/p>\n<p><strong>Au premier trimestre, la nouvelle mouture de la charte sera officiellement lanc\u00e9e.\u00a0Encore un peu de patience, nous vous en dirons plus tr\u00e8s vite&#8230;<\/strong><\/p>\n<p>&nbsp;<\/p>\n<h5>Vers une mission renforc\u00e9e !<\/h5>\n<p>L&rsquo;ann\u00e9e 2023 marque un tournant pour l&rsquo;animation de la mission, renforc\u00e9e par les partenaires qui l&rsquo;accompagnent, avec en particulier davantage de pr\u00e9sence au c\u00f4t\u00e9 des gestionnaires sur le secteur Ouest !<\/p>\n<p>Pour comprendre cette \u00e9volution, rembobinons un peu l&rsquo;histoire de la mission.<\/p>\n<p>Depuis 2012, FREDON Occitanie anime la mission Ecophyto JEVI, n\u00e9e en ex-r\u00e9gion Languedoc-Roussillon. Fort de cette exp\u00e9rience, elle s&rsquo;est vue confi\u00e9e par ses partenaires l&rsquo;extension de la mission \u00e0 l&rsquo;ensemble de la r\u00e9gion Occitanie en 2019.<\/p>\n<p>Aujourd&rsquo;hui, avec le soutien des partenaires de la mission, celle-ci est renforc\u00e9e, avec davantage de temps d\u00e9di\u00e9 en 2023. L\u00e0 aussi, nous vous en dirons plus prochainement.<\/p>\n<p><strong>Le travail d&rsquo;animation \u0153uvrera \u00e0 toujours plus de synergie dans toute l&rsquo;Occitanie, au profit de l&rsquo;accompagnement des gestionnaires JEVI sur le terrain et en lien avec les partenaires locaux, r\u00e9gionaux ou encore nationaux !<\/strong><\/p>\n<p>&nbsp;<\/p>\n<h5>Une \u00e9quipe JEVI qui s&rsquo;agrandit !<\/h5>\n<p>L&rsquo;\u00e9quipe JEVI s&rsquo;\u00e9toffe avec l&rsquo;arriv\u00e9e fin d\u00e9cembre 2022 de Julie Chouvel, en tant que charg\u00e9e de projet \u00ab <strong>mise en place d\u2019\u00eelots de fra\u00eecheur v\u00e9g\u00e9talis\u00e9s<\/strong>\u00a0\u00bb.<\/p>\n<p>Elle se d\u00e9diera \u00e0 ce projet bien pr\u00e9cis dont vous pouvez <a href=\"https:\/\/www.fredonoccitanie.com\/jevi\/2022\/12\/19\/fredon-occitanie-accompgane-la-mise-en-place-dilots-de-fraicheur-vegetalises\/\">retrouver tous les d\u00e9tails ici<\/a>.<\/p>\n<p>Son travail viendra bien s\u00fbr renforcer l&rsquo;accompagnement propos\u00e9 par les deux animateurs, Florie Richard et Florian Martel !<\/p>\n<p><strong>S&rsquo;engager pour le v\u00e9g\u00e9tal c&rsquo;est aussi s&rsquo;engager pour lutter contre les \u00eelots de chaleur !<\/strong><\/p>\n<p>&nbsp;<\/p>\n<p>Nous restons \u00e0 votre \u00e9coute pour vous accompagner dans vos projets (<span data-contrast=\"auto\"><a href=\"https:\/\/www.fredonoccitanie.com\/nous-contacter\/\">contactez-nous ici<\/a><\/span>).<\/p>\n<p>&nbsp;<\/p>\n<p>Cr\u00e9dits images :\u00a0\u00a9 FREDON Occitanie<\/p>\n<p>&nbsp;<\/p>\n<p>&nbsp;<\/p>\n<p>&nbsp;<\/p>\n","protected":false},"excerpt":{"rendered":"<p>Bonne ann\u00e9e, Bona annada, Bon any nou, FREDON Occitanie vous adresse ses meilleurs v\u0153ux pour 2023\u202f &nbsp; Nos meilleurs v\u0153ux pour 2023 &nbsp; Nous vous souhaitons une ann\u00e9e fleurissante, une ann\u00e9e pour s&rsquo;ouvrir \u00e0 de nouveaux horizons et s&rsquo;engager pour le v\u00e9g\u00e9tal ! &nbsp; Ensemble, en 2023, semons des graines pour renaturer notre cadre de [&hellip;]<\/p>\n","protected":false},"author":10,"featured_media":10851,"comment_status":"closed","ping_status":"closed","sticky":false,"template":"","format":"standard","meta":{"footnotes":""},"categories":[8,2],"tags":[],"class_list":["post-10813","post","type-post","status-publish","format-standard","has-post-thumbnail","hentry","category-jevi","category-actualites-fredon"],"_links":{"self":[{"href":"https:\/\/www.fredonoccitanie.com\/jevi\/wp-json\/wp\/v2\/posts\/10813","targetHints":{"allow":["GET"]}}],"collection":[{"href":"https:\/\/www.fredonoccitanie.com\/jevi\/wp-json\/wp\/v2\/posts"}],"about":[{"href":"https:\/\/www.fredonoccitanie.com\/jevi\/wp-json\/wp\/v2\/types\/post"}],"author":[{"embeddable":true,"href":"https:\/\/www.fredonoccitanie.com\/jevi\/wp-json\/wp\/v2\/users\/10"}],"replies":[{"embeddable":true,"href":"https:\/\/www.fredonoccitanie.com\/jevi\/wp-json\/wp\/v2\/comments?post=10813"}],"version-history":[{"count":5,"href":"https:\/\/www.fredonoccitanie.com\/jevi\/wp-json\/wp\/v2\/posts\/10813\/revisions"}],"predecessor-version":[{"id":16967,"href":"https:\/\/www.fredonoccitanie.com\/jevi\/wp-json\/wp\/v2\/posts\/10813\/revisions\/16967"}],"wp:featuredmedia":[{"embeddable":true,"href":"https:\/\/www.fredonoccitanie.com\/jevi\/wp-json\/wp\/v2\/media\/10851"}],"wp:attachment":[{"href":"https:\/\/www.fredonoccitanie.com\/jevi\/wp-json\/wp\/v2\/media?parent=10813"}],"wp:term":[{"taxonomy":"category","embeddable":true,"href":"https:\/\/www.fredonoccitanie.com\/jevi\/wp-json\/wp\/v2\/categories?post=10813"},{"taxonomy":"post_tag","embeddable":true,"href":"https:\/\/www.fredonoccitanie.com\/jevi\/wp-json\/wp\/v2\/tags?post=10813"}],"curies":[{"name":"wp","href":"https:\/\/api.w.org\/{rel}","templated":true}]}}