{"id":10811,"date":"2023-01-09T17:53:11","date_gmt":"2023-01-09T16:53:11","guid":{"rendered":"https:\/\/www.fredonoccitanie.com\/jevi\/?p=10811"},"modified":"2023-01-09T18:11:29","modified_gmt":"2023-01-09T17:11:29","slug":"arb-biodivact-que-nous-dit-cette-grande-enquete-aupres-des-communes-doccitanie","status":"publish","type":"post","link":"https:\/\/www.fredonoccitanie.com\/jevi\/2023\/01\/09\/arb-biodivact-que-nous-dit-cette-grande-enquete-aupres-des-communes-doccitanie\/","title":{"rendered":"[ARB] BIODIV&rsquo;ACT : que nous dit cette grande enqu\u00eate aupr\u00e8s des communes d&rsquo;Occitanie ?"},"content":{"rendered":"<h2 style=\"text-align: center\">Les r\u00e9sultats du barom\u00e8tre 2022 des communes qui s&rsquo;engagent pour la biodiversit\u00e9 sont parus !<\/h2>\n<p>&nbsp;<\/p>\n<p style=\"text-align: center\"><strong>L\u2019\u00e9t\u00e9 dernier l&rsquo;ARB Occitanie lan\u00e7ait l\u2019enqu\u00eate Biodiv\u2019act, adress\u00e9e \u00e0 l\u2019ensemble des communes occitanes dans le but d\u2019analyser leurs engagements sur 8 actions favorables \u00e0 la biodiversit\u00e9. 337 communes y ont r\u00e9pondu. Les r\u00e9sultats sont d\u00e9sormais en ligne : c&rsquo;est l&rsquo;occasion d&rsquo;un tour d&rsquo;horizon des pratiques en Occitanie !<\/strong><\/p>\n<p>&nbsp;<\/p>\n<h4>La biodiversit\u00e9 en Occitanie : pourquoi agir ?<\/h4>\n<p>&nbsp;<\/p>\n<p>En France, 23 % des esp\u00e8ces animales et v\u00e9g\u00e9tales sont menac\u00e9es de disparition et 78 % des habitats naturels sont dans un \u00e9tat de conservation d\u00e9favorable.\u00a0Les scientifiques, face \u00e0 un constat similaire au niveau mondial, parlent d\u00e9sormais d\u2019une <strong>sixi\u00e8me extinction de masse<\/strong>.<\/p>\n<p>La r\u00e9gion Occitanie dispose d\u2019un r\u00e9servoir de biodiversit\u00e9 unique et d\u2019int\u00e9r\u00eat patrimonial \u00e0 l\u2019\u00e9chelle fran\u00e7aise voire mondiale, notamment par sa situation g\u00e9ographique <strong>au carrefour de 4 domaines bioclimatiques<\/strong>.<\/p>\n<p>Or les secteurs les plus riches en biodiversit\u00e9 sont souvent les plus vuln\u00e9rables aux diff\u00e9rentes pressions. Ces biens pr\u00e9cieux sont donc <strong>particuli\u00e8rement menac\u00e9s par l\u2019augmentation des pressions humaines notamment l\u2019artificialisation des sols<\/strong>.<\/p>\n<p><strong>Les communes ont un r\u00f4le important \u00e0 jouer<\/strong> dans la reconqu\u00eate de la biodiversit\u00e9 qui constitue \u00e0 la fois notre \u00ab\u00a0assurance vie\u00a0\u00bb et le socle de la qualit\u00e9 de notre environnement dans nos territoires.<\/p>\n<p>&nbsp;<\/p>\n<h4>Les r\u00e9sultats de l&rsquo;enqu\u00eate Biodiv&rsquo;act&#8230;<\/h4>\n<p>&nbsp;<\/p>\n<p><strong class=\"spip\">337 communes d\u2019Occitanie<\/strong> ont r\u00e9pondu \u00e0 cette premi\u00e8re \u00e9dition de l&rsquo;enqu\u00eate qui enregistre donc une belle mobilisation, avec un taux de r\u00e9ponse de plus de 7,5% !<\/p>\n<p>L\u2019objectif est de reconduire cette enqu\u00eate tous les deux ans. Cela permettra de suivre l&rsquo;\u00e9volution de la mobilisation dans le temps.<\/p>\n<p>Pour l&rsquo;heure, ces premiers r\u00e9sultats permettent de mettre en lumi\u00e8re la mobilisation des communes participantes pour chaque type d&rsquo;action et de les localiser.<\/p>\n<p>&nbsp;<\/p>\n<p style=\"text-align: center\"><strong><a href=\"https:\/\/www.arb-occitanie.fr\/Les-territoires-s-engagent#Biodiv-act.\">Les r\u00e9sultats sont consultables ici<\/a><\/strong><\/p>\n<p><a href=\"https:\/\/www.arb-occitanie.fr\/Les-territoires-s-engagent#Biodiv-act.\"><img loading=\"lazy\" decoding=\"async\" class=\"alignnone wp-image-9628 aligncenter\" src=\"https:\/\/www.fredonoccitanie.com\/jevi\/wp-content\/uploads\/sites\/2\/2022\/06\/biodivact-1-300x263.jpg\" alt=\"\" width=\"351\" height=\"308\" \/><\/a><\/p>\n<p>&nbsp;<\/p>\n<h4>Des fiches techniques th\u00e9matiques pour outiller les collectivit\u00e9s<\/h4>\n<p>&nbsp;<\/p>\n<p style=\"text-align: left\">8 fiches accompagnent cette enqu\u00eate, dont l&rsquo;une d\u00e9di\u00e9e au \u00ab\u00a0Z\u00e9ro Phyto\u00a0\u00bb, pour outiller les gestionnaires sur diverses th\u00e9matiques :<\/p>\n<ul>\n<li style=\"list-style-type: none\">\n<ul>\n<li style=\"list-style-type: none\">\n<ul>\n<li style=\"list-style-type: none\">\n<ul>\n<li style=\"list-style-type: none\">\n<ul>\n<li><strong><a class=\"spip_in\" title=\"Atlas de la biodiversit\u00e9 communale - Nouvelle fen\u00eatre\" href=\"https:\/\/www.arb-occitanie.fr\/IMG\/pdf\/orb_fiche-abc.pdf\" target=\"_blank\" rel=\"noreferrer noopener\">Atlas de la biodiversit\u00e9 communale<\/a><\/strong><\/li>\n<li><strong><a class=\"spip_in\" title=\"Territoires engag\u00e9s pour la nature - Nouvelle fen\u00eatre\" href=\"https:\/\/www.arb-occitanie.fr\/IMG\/pdf\/orb_fiche-ten.pdf\" target=\"_blank\" rel=\"noreferrer noopener\">Territoires engag\u00e9s pour la nature<\/a><\/strong><\/li>\n<li><strong><a class=\"spip_in\" title=\"Conseil local de la biodiversit\u00e9 - Nouvelle fen\u00eatre\" href=\"https:\/\/www.arb-occitanie.fr\/IMG\/pdf\/orb_fiche-conseil-local-biodiversite.pdf\" target=\"_blank\" rel=\"noreferrer noopener\">Conseil local de la biodiversit\u00e9<\/a><\/strong><\/li>\n<li><strong><a class=\"spip_in\" title=\"Gestion diff\u00e9renci\u00e9e de l\u2019\u00e9clairage public - Nouvelle fen\u00eatre\" href=\"https:\/\/www.arb-occitanie.fr\/IMG\/pdf\/orb_fiche-gestion-eclairage.pdf\" target=\"_blank\" rel=\"noreferrer noopener\">Gestion diff\u00e9renci\u00e9e de l\u2019\u00e9clairage public<\/a><\/strong><\/li>\n<li><strong><a class=\"spip_in\" title=\"Permis de v\u00e9g\u00e9taliser - Nouvelle fen\u00eatre\" href=\"https:\/\/www.arb-occitanie.fr\/IMG\/pdf\/orb_fiche-permis-vegetaliser.pdf\" target=\"_blank\" rel=\"noreferrer noopener\">Permis de v\u00e9g\u00e9taliser<\/a><\/strong><\/li>\n<li><strong><a class=\"spip_in\" title=\"V\u00e9g\u00e9talisation des cours d\u2019\u00e9cole - Nouvelle fen\u00eatre\" href=\"https:\/\/www.arb-occitanie.fr\/IMG\/pdf\/orb_fiche-vegetalisation-cours-ecole.pdf\" target=\"_blank\" rel=\"noreferrer noopener\">V\u00e9g\u00e9talisation des cours d\u2019\u00e9cole<\/a><\/strong><\/li>\n<li><strong><a class=\"spip_in\" title=\"V\u00e9g\u00e9talisation de l\u2019espace public - Nouvelle fen\u00eatre\" href=\"https:\/\/www.arb-occitanie.fr\/IMG\/pdf\/orb_fiche-vegetalisation-espaces-public.pdf\" target=\"_blank\" rel=\"noreferrer noopener\">V\u00e9g\u00e9talisation de l\u2019espace public<\/a><\/strong><\/li>\n<li><strong><a class=\"spip_in\" title=\"Z\u00e9ro phyto - Nouvelle fen\u00eatre\" href=\"https:\/\/www.arb-occitanie.fr\/IMG\/pdf\/orb_fiche-zero-phyto.pdf\" target=\"_blank\" rel=\"noreferrer noopener\">Z\u00e9ro Phyto<\/a><\/strong><\/li>\n<\/ul>\n<\/li>\n<\/ul>\n<\/li>\n<\/ul>\n<\/li>\n<\/ul>\n<\/li>\n<\/ul>\n<p>Durant l\u2019ann\u00e9e 2023, des <strong><em>\u00ab webinaires de l\u2019ARB \u00bb, <\/em><\/strong>gratuits et ouverts \u00e0 tous, seront r\u00e9alis\u00e9s pour que les communes apprennent davantage sur ces diff\u00e9rentes actions. Pour \u00eatre inform\u00e9, inscrivez-vous \u00e0 la lettre d\u2019info de l\u2019ARB Occitanie, <a href=\"https:\/\/www.arb-occitanie.fr\/\">en bas de la page d\u2019accueil de son site web ici.<\/a><\/p>\n<p>De plus, de nombreuses communes ont \u00e9mis le souhait d\u2019avoir des informations compl\u00e9mentaires sur une ou plusieurs actions. Dans le cadre d\u2019un groupe de travail d\u00e9di\u00e9, l\u2019ARB Occitanie et ses partenaires reviendront tr\u00e8s rapidement vers les communes pour leur proposer des contenus plus d\u00e9taill\u00e9s.<\/p>\n<p>&nbsp;<\/p>\n<h5 style=\"text-align: center\">Informez-vous pour agir \u00e0 votre \u00e9chelle de gestionnaire en faveur de la sauvegarde de la biodiversit\u00e9 !<\/h5>\n<p>&nbsp;<\/p>\n<p>Sources : <a href=\"https:\/\/www.arb-occitanie.fr\/-ARB-\">ARB Occitanie<\/a><\/p>\n","protected":false},"excerpt":{"rendered":"<p>Les r\u00e9sultats du barom\u00e8tre 2022 des communes qui s&rsquo;engagent pour la biodiversit\u00e9 sont parus ! &nbsp; L\u2019\u00e9t\u00e9 dernier l&rsquo;ARB Occitanie lan\u00e7ait l\u2019enqu\u00eate Biodiv\u2019act, adress\u00e9e \u00e0 l\u2019ensemble des communes occitanes dans le but d\u2019analyser leurs engagements sur 8 actions favorables \u00e0 la biodiversit\u00e9. 337 communes y ont r\u00e9pondu. Les r\u00e9sultats sont d\u00e9sormais en ligne : c&rsquo;est [&hellip;]<\/p>\n","protected":false},"author":10,"featured_media":9628,"comment_status":"closed","ping_status":"closed","sticky":false,"template":"","format":"standard","meta":{"footnotes":""},"categories":[8,2],"tags":[],"class_list":["post-10811","post","type-post","status-publish","format-standard","has-post-thumbnail","hentry","category-jevi","category-actualites-fredon"],"_links":{"self":[{"href":"https:\/\/www.fredonoccitanie.com\/jevi\/wp-json\/wp\/v2\/posts\/10811","targetHints":{"allow":["GET"]}}],"collection":[{"href":"https:\/\/www.fredonoccitanie.com\/jevi\/wp-json\/wp\/v2\/posts"}],"about":[{"href":"https:\/\/www.fredonoccitanie.com\/jevi\/wp-json\/wp\/v2\/types\/post"}],"author":[{"embeddable":true,"href":"https:\/\/www.fredonoccitanie.com\/jevi\/wp-json\/wp\/v2\/users\/10"}],"replies":[{"embeddable":true,"href":"https:\/\/www.fredonoccitanie.com\/jevi\/wp-json\/wp\/v2\/comments?post=10811"}],"version-history":[{"count":5,"href":"https:\/\/www.fredonoccitanie.com\/jevi\/wp-json\/wp\/v2\/posts\/10811\/revisions"}],"predecessor-version":[{"id":10941,"href":"https:\/\/www.fredonoccitanie.com\/jevi\/wp-json\/wp\/v2\/posts\/10811\/revisions\/10941"}],"wp:featuredmedia":[{"embeddable":true,"href":"https:\/\/www.fredonoccitanie.com\/jevi\/wp-json\/wp\/v2\/media\/9628"}],"wp:attachment":[{"href":"https:\/\/www.fredonoccitanie.com\/jevi\/wp-json\/wp\/v2\/media?parent=10811"}],"wp:term":[{"taxonomy":"category","embeddable":true,"href":"https:\/\/www.fredonoccitanie.com\/jevi\/wp-json\/wp\/v2\/categories?post=10811"},{"taxonomy":"post_tag","embeddable":true,"href":"https:\/\/www.fredonoccitanie.com\/jevi\/wp-json\/wp\/v2\/tags?post=10811"}],"curies":[{"name":"wp","href":"https:\/\/api.w.org\/{rel}","templated":true}]}}