{"id":10810,"date":"2023-01-15T17:07:28","date_gmt":"2023-01-15T16:07:28","guid":{"rendered":"https:\/\/www.fredonoccitanie.com\/jevi\/?p=10810"},"modified":"2023-01-16T17:38:19","modified_gmt":"2023-01-16T16:38:19","slug":"30-mars-2023-zero-pesticide-dans-les-terrains-de-sport-vers-une-approche-ecologique-globale","status":"publish","type":"post","link":"https:\/\/www.fredonoccitanie.com\/jevi\/2023\/01\/15\/30-mars-2023-zero-pesticide-dans-les-terrains-de-sport-vers-une-approche-ecologique-globale\/","title":{"rendered":"30 mars 2023 :  une journ\u00e9e d\u00e9di\u00e9e au z\u00e9ro pesticide dans les terrains de sport, vers une approche \u00e9cologique globale"},"content":{"rendered":"<div class=\"row no-gutters\">\n<div class=\"col\">\n<h5 style=\"text-align: center\"><strong>Organis\u00e9 par\u00a0<\/strong>Plante &amp; Cit\u00e9 et la ville de Lyon<\/h5>\n<h3 class=\"freeText\" style=\"text-align: center\">Journ\u00e9e \u00ab\u00a0Z\u00e9ro pesticide dans les terrains de sport, vers une approche \u00e9cologique globale\u00a0\u00bb<\/h3>\n<h3 style=\"text-align: center\">30 mars 2023 &#8211; Lyon (69), <strong>Complexe sportif de Gerland<\/strong><\/h3>\n<h3><\/h3>\n<h3 class=\"color-actu\" style=\"text-align: center\"><\/h3>\n<div id=\"attachment_10927\" style=\"width: 220px\" class=\"wp-caption aligncenter\"><img loading=\"lazy\" decoding=\"async\" aria-describedby=\"caption-attachment-10927\" class=\"wp-image-10927 size-full\" src=\"https:\/\/www.fredonoccitanie.com\/jevi\/wp-content\/uploads\/sites\/2\/2023\/01\/20221026_1135501_1.jpg\" alt=\"\" width=\"210\" height=\"158\" \/><p id=\"caption-attachment-10927\" class=\"wp-caption-text\">(c) Plante &amp; Cit\u00e9<\/p><\/div>\n<p class=\"color-actu\" style=\"text-align: center\"><strong>Plante &amp; Cit\u00e9 et la ville de Lyon organisent une journ\u00e9e pour accompagner les gestionnaires de terrains de sport dans la transition \u00ab\u00a0Z\u00e9ro Phyto\u00a0\u00bb<\/strong><\/p>\n<p>&nbsp;<\/p>\n<p style=\"text-align: left\">Depuis le 1er juillet 2022, l&rsquo;interdiction d&rsquo;utiliser des produits phytosanitaires de synth\u00e8se a \u00e9t\u00e9 \u00e9tendue aux diff\u00e9rents espaces ouverts au public et lieux \u00e0 usage collectif. La plupart des terrains de sport sont d\u00e9sormais concern\u00e9s.\u00a0<a href=\"https:\/\/www.ecophyto-pro.fr\/fiches\/fiche\/5\/le_point_sur_la_loi_labbe_et_l_arrete_lieux_a_usage_collectif?q=&amp;tr_thematique%5B0%5D=&amp;tr_thematique%5B1%5D=&amp;tr_thematique%5B2%5D=&amp;tr_thematique%5B3%5D=&amp;tr_thematique%5B4%5D=&amp;tr_thematique%5B5%5D=&amp;tr_sous_type%5B0%5D=&amp;tr_sous_type%5B1%5D=&amp;tr_sous_type%5B2%5D=2&amp;tr_sous_type%5B3%5D=&amp;tr_sous_type%5B4%5D=&amp;tr_sous_type%5B5%5D=&amp;tr_sous_type%5B6%5D=&amp;tr_sous_type%5B7%5D=&amp;tr_sous_type%5B8%5D=&amp;tr_sous_type%5B9%5D=&amp;tr_sous_type%5B10%5D=&amp;tr_sous_type%5B11%5D=&amp;tr_sous_type%5B12%5D=&amp;tr_sous_type%5B13%5D=&amp;tr_sous_type%5B14%5D=&amp;tr_sous_type%5B15%5D=&amp;date%5B0%5D=&amp;date%5B1%5D=\" target=\"_blank\" rel=\"noopener\">En savoir plus sur la loi Labb\u00e9<\/a><\/p>\n<p style=\"text-align: left\">Apr\u00e8s la publication du guide \u00ab\u00a0Vers le z\u00e9ro phyto dans les terrain de sport en pelouse naturelle\u00a0\u00bb (<a href=\"https:\/\/www.plante-et-cite.fr\/Ressource\/fiche\/640\" target=\"_blank\" rel=\"noopener\">voir le guide<\/a>) et une premi\u00e8re journ\u00e9e technique \u00e0 Rennes en 2021 (<a href=\"https:\/\/www.plante-et-cite.fr\/Ressource\/fiche\/660\/\" target=\"_blank\" rel=\"noopener\">voir les actes<\/a>), Plante &amp; Cit\u00e9 et la ville de Lyon organisent une journ\u00e9e pour accompagner les gestionnaires de terrains de sport dans cette transition. Cette journ\u00e9e se tiendra au complexe sportif de Gerland, en partenariat avec Echos Paysage, et avec le concours de Semae et de la SFG, association fran\u00e7aise des professionnels du gazon.<\/p>\n<p style=\"text-align: left\">Au programme : des interventions d&rsquo;experts et t\u00e9moignages de collectivit\u00e9s le matin, ainsi que des visites et d\u00e9monstrations de terrain l&rsquo;apr\u00e8s-midi. Les contenus permettront d&rsquo;aborder les 10 points cl\u00e9s de la gestion \u00ab\u00a0z\u00e9ro phyto\u00a0\u00bb des terrains de sport et la prise en compte des enjeux de pr\u00e9servation de la biodiversit\u00e9 \u00e0 l&rsquo;\u00e9chelle des \u00e9quipements sportifs (sols et abords des terrains).<\/p>\n<p style=\"text-align: left\">Cette journ\u00e9e s&rsquo;adresse \u00e0 tous les professionnels et formateurs qui interviennent dans la gestion des terrains de sport en pelouse naturelle.<\/p>\n<h6><a href=\"http:\/\/www.lyon.inscription.plante-et-cite.fr\/\" target=\"_blank\" rel=\"noopener\"><strong>&gt;&gt; Inscriptions &lt;&lt;<\/strong><\/a><\/h6>\n<h3 style=\"text-align: center\">Horaires : 9h00 &#8211; 17h00<\/h3>\n<p>&nbsp;<\/p>\n<h3 style=\"text-align: center\">Pr\u00e9-programme<\/h3>\n<p>&nbsp;<\/p>\n<h4>MATINEE-CONFERENCE<\/h4>\n<p><strong>&gt; Mots d\u2019accueil<\/strong><\/p>\n<p><strong>&gt; Evolution de la r\u00e9glementation phytosanitaire<br \/>\n<\/strong><\/p>\n<p><strong>&gt; Impacts des pratiques sur les probl\u00e9matiques phytosanitaires<br \/>\n<\/strong><\/p>\n<p><strong>&gt; Table-ronde #1 : Quels leviers d\u2019action pour mettre en \u0153uvre un entretien \u00ab z\u00e9ro phyto \u00bb des pelouses sportives ?<br \/>\n<\/strong><\/p>\n<p><strong>&gt; Table-ronde #2 : Pelouses sportives et biodiversit\u00e9<br \/>\n<\/strong><\/p>\n<p><strong>\u00a0<\/strong><\/p>\n<h4>ATELIERS DE TERRAIN L&rsquo;APRES-MIDI<\/h4>\n<p>Plusieurs ateliers permettront d&rsquo;aborder les op\u00e9rations m\u00e9caniques, le choix vari\u00e9tal des semences, le profil agronomique des sols et l&rsquo;optimisation de l\u2019arrosage.<\/p>\n<p>&nbsp;<\/p>\n<h6 style=\"text-align: center\"><a href=\"http:\/\/www.lyon.inscription.plante-et-cite.fr\/\" target=\"_blank\" rel=\"noopener\"><strong>&gt;&gt; Inscriptions &lt;&lt;<\/strong><\/a><\/h6>\n<\/div>\n<\/div>\n<p>Cr\u00e9dit : FREDON Occitanie &#8211; Stade de Ramonville-Saint-Agne (31)<\/p>\n","protected":false},"excerpt":{"rendered":"<p>Organis\u00e9 par\u00a0Plante &amp; Cit\u00e9 et la ville de Lyon Journ\u00e9e \u00ab\u00a0Z\u00e9ro pesticide dans les terrains de sport, vers une approche \u00e9cologique globale\u00a0\u00bb 30 mars 2023 &#8211; Lyon (69), Complexe sportif de Gerland Plante &amp; Cit\u00e9 et la ville de Lyon organisent une journ\u00e9e pour accompagner les gestionnaires de terrains de sport dans la transition \u00ab\u00a0Z\u00e9ro [&hellip;]<\/p>\n","protected":false},"author":14,"featured_media":10933,"comment_status":"closed","ping_status":"closed","sticky":false,"template":"","format":"standard","meta":{"footnotes":""},"categories":[11],"tags":[],"class_list":["post-10810","post","type-post","status-publish","format-standard","has-post-thumbnail","hentry","category-agenda-jevi"],"_links":{"self":[{"href":"https:\/\/www.fredonoccitanie.com\/jevi\/wp-json\/wp\/v2\/posts\/10810","targetHints":{"allow":["GET"]}}],"collection":[{"href":"https:\/\/www.fredonoccitanie.com\/jevi\/wp-json\/wp\/v2\/posts"}],"about":[{"href":"https:\/\/www.fredonoccitanie.com\/jevi\/wp-json\/wp\/v2\/types\/post"}],"author":[{"embeddable":true,"href":"https:\/\/www.fredonoccitanie.com\/jevi\/wp-json\/wp\/v2\/users\/14"}],"replies":[{"embeddable":true,"href":"https:\/\/www.fredonoccitanie.com\/jevi\/wp-json\/wp\/v2\/comments?post=10810"}],"version-history":[{"count":5,"href":"https:\/\/www.fredonoccitanie.com\/jevi\/wp-json\/wp\/v2\/posts\/10810\/revisions"}],"predecessor-version":[{"id":11142,"href":"https:\/\/www.fredonoccitanie.com\/jevi\/wp-json\/wp\/v2\/posts\/10810\/revisions\/11142"}],"wp:featuredmedia":[{"embeddable":true,"href":"https:\/\/www.fredonoccitanie.com\/jevi\/wp-json\/wp\/v2\/media\/10933"}],"wp:attachment":[{"href":"https:\/\/www.fredonoccitanie.com\/jevi\/wp-json\/wp\/v2\/media?parent=10810"}],"wp:term":[{"taxonomy":"category","embeddable":true,"href":"https:\/\/www.fredonoccitanie.com\/jevi\/wp-json\/wp\/v2\/categories?post=10810"},{"taxonomy":"post_tag","embeddable":true,"href":"https:\/\/www.fredonoccitanie.com\/jevi\/wp-json\/wp\/v2\/tags?post=10810"}],"curies":[{"name":"wp","href":"https:\/\/api.w.org\/{rel}","templated":true}]}}