{"id":10800,"date":"2023-01-09T08:30:43","date_gmt":"2023-01-09T07:30:43","guid":{"rendered":"https:\/\/www.fredonoccitanie.com\/jevi\/?p=10800"},"modified":"2023-01-16T17:32:22","modified_gmt":"2023-01-16T16:32:22","slug":"co-proprietes-des-outils-pour-parler-zero-phyto-dans-les-coproprietes","status":"publish","type":"post","link":"https:\/\/www.fredonoccitanie.com\/jevi\/2023\/01\/09\/co-proprietes-des-outils-pour-parler-zero-phyto-dans-les-coproprietes\/","title":{"rendered":"[Co-propri\u00e9t\u00e9s] Des outils pour parler \u00ab\u00a0Z\u00e9ro Phyto\u00a0\u00bb dans les copropri\u00e9t\u00e9s"},"content":{"rendered":"\r\n<h2 class=\"color-success wp-block-heading\" style=\"text-align: center\">Plante &amp; Cit\u00e9 outille les entrepreneurs du paysage pour communiquer sur le \u00ab\u00a0Z\u00e9ro Phyto\u00a0\u00bb en copropri\u00e9t\u00e9<\/h2>\r\n<p>&nbsp;<\/p>\r\n<p><img loading=\"lazy\" decoding=\"async\" class=\"aligncenter\" src=\"https:\/\/www.lesentreprisesdupaysage.fr\/content\/uploads\/2022\/11\/kit-com-copro-affiche-s14-def-1024x724.jpg\" alt=\"Exemple d'affiche\" width=\"349\" height=\"247\" \/><\/p>\r\n<p>&nbsp;<\/p>\r\n<p>Les pr\u00e9occupations des gestionnaires d\u2019espaces verts pour la sant\u00e9 et l\u2019environnement ont permis un d\u00e9veloppement croissant des pratiques \u00ab\u00a0Z\u00e9ro Phyto\u00a0\u00bb ces derni\u00e8res ann\u00e9es. Elles sont notamment mises en \u0153uvre sur les espaces de copropri\u00e9t\u00e9s par les entreprises en charge de leur gestion. Avec les derni\u00e8res \u00e9volutions r\u00e9glementaires, il est d\u00e9sormais interdit d\u2019utiliser des produits phytosanitaires de synth\u00e8se sur ces espaces.<\/p>\r\n<p>Dans ce nouveau contexte, les professionnels ont besoin d\u2019<strong>outils de communication \u00e0 destination des r\u00e9sidents<\/strong> de ces sites afin de pouvoir mieux les informer sur l\u2019\u00e9volution des pratiques de gestion. Pour r\u00e9pondre \u00e0 ce besoin, ce kit offre des outils de communication \u00e0 destination des entreprises prestataires en charge de la gestion des espaces ext\u00e9rieurs des zones d\u2019habitats collectifs.<\/p>\r\n<h6 style=\"text-align: center\"><a href=\"https:\/\/www.plante-et-cite.fr\/Ressource\/fiche\/699\/zero_phyto_dans_les_coproprietes_kit_de_communication_a_destination_des_entrepreneurs_du_paysage\">&gt;&gt; T\u00e9l\u00e9charger les outils de communication &lt;&lt;<\/a><\/h6>\r\n<p>&nbsp;<\/p>\r\n<p>Contact :\u00a0<a href=\"mailto:maxime.guerin@plante-et-cite.fr\" target=\"_blank\" rel=\"noopener\">maxime.guerin@plante-et-cite.fr<\/a><\/p>\r\n<p>Source : Plante &amp; Cit\u00e9<\/p>\r\n<p style=\"text-align: center\"><strong>\u00a0<\/strong><\/p>\r\n","protected":false},"excerpt":{"rendered":"<p>Plante &amp; Cit\u00e9 outille les entrepreneurs du paysage pour communiquer sur le \u00ab\u00a0Z\u00e9ro Phyto\u00a0\u00bb en copropri\u00e9t\u00e9 &nbsp; &nbsp; Les pr\u00e9occupations des gestionnaires d\u2019espaces verts pour la sant\u00e9 et l\u2019environnement ont permis un d\u00e9veloppement croissant des pratiques \u00ab\u00a0Z\u00e9ro Phyto\u00a0\u00bb ces derni\u00e8res ann\u00e9es. Elles sont notamment mises en \u0153uvre sur les espaces de copropri\u00e9t\u00e9s par les entreprises [&hellip;]<\/p>\n","protected":false},"author":14,"featured_media":11138,"comment_status":"closed","ping_status":"closed","sticky":false,"template":"","format":"standard","meta":{"footnotes":""},"categories":[8,2],"tags":[],"class_list":["post-10800","post","type-post","status-publish","format-standard","has-post-thumbnail","hentry","category-jevi","category-actualites-fredon"],"_links":{"self":[{"href":"https:\/\/www.fredonoccitanie.com\/jevi\/wp-json\/wp\/v2\/posts\/10800","targetHints":{"allow":["GET"]}}],"collection":[{"href":"https:\/\/www.fredonoccitanie.com\/jevi\/wp-json\/wp\/v2\/posts"}],"about":[{"href":"https:\/\/www.fredonoccitanie.com\/jevi\/wp-json\/wp\/v2\/types\/post"}],"author":[{"embeddable":true,"href":"https:\/\/www.fredonoccitanie.com\/jevi\/wp-json\/wp\/v2\/users\/14"}],"replies":[{"embeddable":true,"href":"https:\/\/www.fredonoccitanie.com\/jevi\/wp-json\/wp\/v2\/comments?post=10800"}],"version-history":[{"count":5,"href":"https:\/\/www.fredonoccitanie.com\/jevi\/wp-json\/wp\/v2\/posts\/10800\/revisions"}],"predecessor-version":[{"id":11137,"href":"https:\/\/www.fredonoccitanie.com\/jevi\/wp-json\/wp\/v2\/posts\/10800\/revisions\/11137"}],"wp:featuredmedia":[{"embeddable":true,"href":"https:\/\/www.fredonoccitanie.com\/jevi\/wp-json\/wp\/v2\/media\/11138"}],"wp:attachment":[{"href":"https:\/\/www.fredonoccitanie.com\/jevi\/wp-json\/wp\/v2\/media?parent=10800"}],"wp:term":[{"taxonomy":"category","embeddable":true,"href":"https:\/\/www.fredonoccitanie.com\/jevi\/wp-json\/wp\/v2\/categories?post=10800"},{"taxonomy":"post_tag","embeddable":true,"href":"https:\/\/www.fredonoccitanie.com\/jevi\/wp-json\/wp\/v2\/tags?post=10800"}],"curies":[{"name":"wp","href":"https:\/\/api.w.org\/{rel}","templated":true}]}}