{"id":10784,"date":"2023-01-04T12:44:48","date_gmt":"2023-01-04T11:44:48","guid":{"rendered":"https:\/\/www.fredonoccitanie.com\/jevi\/?p=10784"},"modified":"2023-01-04T12:49:22","modified_gmt":"2023-01-04T11:49:22","slug":"concours-participez-au-concours-capitale-francaise-de-la-biodiversite","status":"publish","type":"post","link":"https:\/\/www.fredonoccitanie.com\/jevi\/2023\/01\/04\/concours-participez-au-concours-capitale-francaise-de-la-biodiversite\/","title":{"rendered":"[Concours] &#8211; Participez au concours Capitale Fran\u00e7aise de la Biodiversit\u00e9"},"content":{"rendered":"\r\n<h3 class=\"wp-block-heading\" style=\"text-align: center\">Participez \u00e0 l&rsquo;\u00e9dition 2023 du concours sur le th\u00e8me \u00ab\u00a0Arbres et For\u00eats\u00a0\u00bb !<\/h3>\r\n<p>&nbsp;<\/p>\r\n<div class=\"component component-intro\">\r\n<p><a href=\"https:\/\/www.capitale-biodiversite.fr\/participer\"><img decoding=\"async\" class=\"aligncenter\" src=\"https:\/\/www.capitale-biodiversite.fr\/sites\/default\/files\/logo_capitale-biodiversite.png\" alt=\"Accueil\" \/><\/a><\/p>\r\n<p>&nbsp;<\/p>\r\n<p>Le concours \u00ab Capitale fran\u00e7aise de la Biodiversit\u00e9 \u00bb 2023 sur le th\u00e8me \u00ab Arbres &amp; for\u00eats \u00bb est <strong>ouvert jusqu&rsquo;au au 31 janvier 2023.<\/strong><\/p>\r\n<p>Cette \u00e9dition r\u00e9compensera les collectivit\u00e9s fran\u00e7aises qui s\u2019appuient sur la strate ligneuse, arborescente comme arbustive, dans leurs engagements en faveur de la biodiversit\u00e9.<\/p>\r\n<p>Rendez-vous sur\u00a0<a href=\"http:\/\/www.capitale-biodiversite.fr\" target=\"_blank\" rel=\"noopener\">www.capitale-biodiversite.fr<\/a> pour mieux connaitre l&rsquo;engagement des collectivit\u00e9s r\u00e9compens\u00e9es en 2022.<\/p>\r\n<h6><a href=\"https:\/\/www.capitale-biodiversite.fr\/le-questionnaire\">&gt;&gt; Dossier de candidature &lt;&lt;<\/a><\/h6>\r\n<h6><strong>&gt;&gt; <a href=\"https:\/\/www.capitale-biodiversite.fr\/participer\">En savoir plus sur le concours &lt;&lt;<\/a><\/strong><\/h6>\r\n<\/div>\r\n<p style=\"text-align: center\"><strong>\u00a0<\/strong><\/p>\r\n","protected":false},"excerpt":{"rendered":"<p>Participez \u00e0 l&rsquo;\u00e9dition 2023 du concours sur le th\u00e8me \u00ab\u00a0Arbres et For\u00eats\u00a0\u00bb ! &nbsp; &nbsp; Le concours \u00ab Capitale fran\u00e7aise de la Biodiversit\u00e9 \u00bb 2023 sur le th\u00e8me \u00ab Arbres &amp; for\u00eats \u00bb est ouvert jusqu&rsquo;au au 31 janvier 2023. Cette \u00e9dition r\u00e9compensera les collectivit\u00e9s fran\u00e7aises qui s\u2019appuient sur la strate ligneuse, arborescente comme arbustive, [&hellip;]<\/p>\n","protected":false},"author":14,"featured_media":10771,"comment_status":"closed","ping_status":"closed","sticky":false,"template":"","format":"standard","meta":{"footnotes":""},"categories":[8,2],"tags":[],"class_list":["post-10784","post","type-post","status-publish","format-standard","has-post-thumbnail","hentry","category-jevi","category-actualites-fredon"],"_links":{"self":[{"href":"https:\/\/www.fredonoccitanie.com\/jevi\/wp-json\/wp\/v2\/posts\/10784","targetHints":{"allow":["GET"]}}],"collection":[{"href":"https:\/\/www.fredonoccitanie.com\/jevi\/wp-json\/wp\/v2\/posts"}],"about":[{"href":"https:\/\/www.fredonoccitanie.com\/jevi\/wp-json\/wp\/v2\/types\/post"}],"author":[{"embeddable":true,"href":"https:\/\/www.fredonoccitanie.com\/jevi\/wp-json\/wp\/v2\/users\/14"}],"replies":[{"embeddable":true,"href":"https:\/\/www.fredonoccitanie.com\/jevi\/wp-json\/wp\/v2\/comments?post=10784"}],"version-history":[{"count":5,"href":"https:\/\/www.fredonoccitanie.com\/jevi\/wp-json\/wp\/v2\/posts\/10784\/revisions"}],"predecessor-version":[{"id":12212,"href":"https:\/\/www.fredonoccitanie.com\/jevi\/wp-json\/wp\/v2\/posts\/10784\/revisions\/12212"}],"wp:featuredmedia":[{"embeddable":true,"href":"https:\/\/www.fredonoccitanie.com\/jevi\/wp-json\/wp\/v2\/media\/10771"}],"wp:attachment":[{"href":"https:\/\/www.fredonoccitanie.com\/jevi\/wp-json\/wp\/v2\/media?parent=10784"}],"wp:term":[{"taxonomy":"category","embeddable":true,"href":"https:\/\/www.fredonoccitanie.com\/jevi\/wp-json\/wp\/v2\/categories?post=10784"},{"taxonomy":"post_tag","embeddable":true,"href":"https:\/\/www.fredonoccitanie.com\/jevi\/wp-json\/wp\/v2\/tags?post=10784"}],"curies":[{"name":"wp","href":"https:\/\/api.w.org\/{rel}","templated":true}]}}