{"id":10780,"date":"2023-01-04T12:34:20","date_gmt":"2023-01-04T11:34:20","guid":{"rendered":"https:\/\/www.fredonoccitanie.com\/jevi\/?p=10780"},"modified":"2023-01-16T15:25:30","modified_gmt":"2023-01-16T14:25:30","slug":"formation-en-ligne-inscrivez-vous-au-mooc-arbres-3","status":"publish","type":"post","link":"https:\/\/www.fredonoccitanie.com\/jevi\/2023\/01\/04\/formation-en-ligne-inscrivez-vous-au-mooc-arbres-3\/","title":{"rendered":"[Formation en ligne] Participez au MOOC \u00ab\u00a0Arbres\u00a0\u00bb"},"content":{"rendered":"\r\n<h3 class=\"wp-block-heading\" style=\"text-align: center\">Inscrivez-vous sur la plateforme FUN pour vous am\u00e9liorer vos connaissances sur les arbres !<\/h3>\r\n<!--{cke_protected}{C}%3C!%2D%2D%20%2Fwp%3Aheading%20%2D%2D%3E--><!--{cke_protected}{C}%3C!%2D%2D%20wp%3Aparagraph%20%2D%2D%3E-->\r\n<p>&nbsp;<\/p>\r\n<div class=\"component component-intro\">A travers cette formation en ligne (en anglais, MOOC pour Massive Open Online Course), qui commence le 2 janvier 2023, l&rsquo;<strong>Universit\u00e9 Virtuelle Environnement et D\u00e9veloppement durable (UVED)<\/strong> vous invite \u00e0 (re)d\u00e9couvrir les arbres, leur structure, leur fonctionnement, leur origine, leur devenir, leur r\u00f4le et les services qu&rsquo;ils nous rendent.<\/div>\r\n<div class=\"component component-text\">\r\n<p>Cette formation a \u00e9t\u00e9 r\u00e9alis\u00e9 avec la participation de <strong>Tela Botanica et avec le soutien de l&rsquo;Office Fran\u00e7ais de la Biodiversit\u00e9 et la ville de Montpellier.<\/strong><\/p>\r\n<p>L\u2019<strong>objectif de ce MOOC<\/strong>, destin\u00e9 \u00e0 un large public, est de vous faire conna\u00eetre et aimer ces g\u00e9ants, de comprendre leur r\u00f4le essentiel sur Terre, et de vous inciter \u00e0 les respecter et \u00e0 les prot\u00e9ger. Il est h\u00e9berg\u00e9 sur la <strong>plateforme FUN<\/strong>.<\/p>\r\n<h6><a href=\"https:\/\/www.fun-mooc.fr\/fr\/cours\/arbres\/\">&gt;&gt; S&rsquo;inscrire au MOOC \u00ab\u00a0Arbres\u00a0\u00bb &lt;&lt;<\/a><\/h6>\r\n<p>30 enseignants-chercheurs et scientifiques, issus de disciplines et d\u2019\u00e9tablissements diff\u00e9rents, sous la responsabilit\u00e9 scientifique de <strong>Francis Hall\u00e9<\/strong>, sp\u00e9cialiste reconnu dans le monde entier de l\u2019\u00e9cologie des for\u00eats tropicales et de l\u2019architecture de leurs arbres, ont \u00e9t\u00e9 mobilis\u00e9s pour r\u00e9aliser ce MOOC.<\/p>\r\n<p>\u00c0 la fin de ce MOOC gratuit, vous saurez :<\/p>\r\n<ul>\r\n<li>ce qu\u2019est un arbre<\/li>\r\n<li>ce dont sont capables les arbres<\/li>\r\n<li>ce pourquoi ils sont indispensables pour les \u00e9cosyst\u00e8mes<\/li>\r\n<li>ce que nous apportent les arbres<\/li>\r\n<li>ce pourquoi ils sont indispensables \u00e0 la vie des humains.<\/li>\r\n<\/ul>\r\n<p>Un <strong>Open Badge<\/strong> pourra vous \u00eatre d\u00e9livr\u00e9 en fonction des r\u00e9sultats aux activit\u00e9s p\u00e9dagogiques qui seront originales et tourn\u00e9es vers les sciences participatives !<\/p>\r\n<p>&nbsp;<\/p>\r\n<h6><a href=\"https:\/\/www.fun-mooc.fr\/fr\/cours\/arbres\/\">&gt;&gt; S&rsquo;inscrire au MOOC \u00ab\u00a0Arbres\u00a0\u00bb &lt;&lt;<\/a><\/h6>\r\n<\/div>\r\n<p style=\"text-align: center\"><strong>\u00a0<\/strong><\/p>\r\n","protected":false},"excerpt":{"rendered":"<p>Inscrivez-vous sur la plateforme FUN pour vous am\u00e9liorer vos connaissances sur les arbres ! &nbsp; A travers cette formation en ligne (en anglais, MOOC pour Massive Open Online Course), qui commence le 2 janvier 2023, l&rsquo;Universit\u00e9 Virtuelle Environnement et D\u00e9veloppement durable (UVED) vous invite \u00e0 (re)d\u00e9couvrir les arbres, leur structure, leur fonctionnement, leur origine, leur [&hellip;]<\/p>\n","protected":false},"author":14,"featured_media":10772,"comment_status":"closed","ping_status":"closed","sticky":false,"template":"","format":"standard","meta":{"footnotes":""},"categories":[8,2],"tags":[],"class_list":["post-10780","post","type-post","status-publish","format-standard","has-post-thumbnail","hentry","category-jevi","category-actualites-fredon"],"_links":{"self":[{"href":"https:\/\/www.fredonoccitanie.com\/jevi\/wp-json\/wp\/v2\/posts\/10780","targetHints":{"allow":["GET"]}}],"collection":[{"href":"https:\/\/www.fredonoccitanie.com\/jevi\/wp-json\/wp\/v2\/posts"}],"about":[{"href":"https:\/\/www.fredonoccitanie.com\/jevi\/wp-json\/wp\/v2\/types\/post"}],"author":[{"embeddable":true,"href":"https:\/\/www.fredonoccitanie.com\/jevi\/wp-json\/wp\/v2\/users\/14"}],"replies":[{"embeddable":true,"href":"https:\/\/www.fredonoccitanie.com\/jevi\/wp-json\/wp\/v2\/comments?post=10780"}],"version-history":[{"count":5,"href":"https:\/\/www.fredonoccitanie.com\/jevi\/wp-json\/wp\/v2\/posts\/10780\/revisions"}],"predecessor-version":[{"id":11106,"href":"https:\/\/www.fredonoccitanie.com\/jevi\/wp-json\/wp\/v2\/posts\/10780\/revisions\/11106"}],"wp:featuredmedia":[{"embeddable":true,"href":"https:\/\/www.fredonoccitanie.com\/jevi\/wp-json\/wp\/v2\/media\/10772"}],"wp:attachment":[{"href":"https:\/\/www.fredonoccitanie.com\/jevi\/wp-json\/wp\/v2\/media?parent=10780"}],"wp:term":[{"taxonomy":"category","embeddable":true,"href":"https:\/\/www.fredonoccitanie.com\/jevi\/wp-json\/wp\/v2\/categories?post=10780"},{"taxonomy":"post_tag","embeddable":true,"href":"https:\/\/www.fredonoccitanie.com\/jevi\/wp-json\/wp\/v2\/tags?post=10780"}],"curies":[{"name":"wp","href":"https:\/\/api.w.org\/{rel}","templated":true}]}}