{"id":10422,"date":"2023-01-11T15:00:32","date_gmt":"2023-01-11T14:00:32","guid":{"rendered":"https:\/\/www.fredonoccitanie.com\/jevi\/?p=10422"},"modified":"2023-01-16T15:08:50","modified_gmt":"2023-01-16T14:08:50","slug":"fredon-occitanie-accompgane-la-mise-en-place-dilots-de-fraicheur-vegetalises","status":"publish","type":"post","link":"https:\/\/www.fredonoccitanie.com\/jevi\/2023\/01\/11\/fredon-occitanie-accompgane-la-mise-en-place-dilots-de-fraicheur-vegetalises\/","title":{"rendered":"FREDON Occitanie accompagne la mise en place d\u2019\u00eelots de fra\u00eecheur v\u00e9g\u00e9talis\u00e9s\u00a0"},"content":{"rendered":"<p>Julie Chouvel vient de rejoindre le \u00ab\u00a0P\u00f4le Environnement\u00a0\u00bb de FREDON Occitanie en tant que charg\u00e9e de projet \u00ab\u00a0<strong>mise en place d\u2019\u00eelots de fra\u00eecheur v\u00e9g\u00e9talis\u00e9s<\/strong>\u00a0\u00bb.<\/p>\n<p>Dipl\u00f4m\u00e9e de l\u2019\u00e9cole d\u2019ing\u00e9nieurs du paysage Agrocampus Ouest Angers, ses missions s\u2019inscrivent dans le cadre d\u2019un appel \u00e0 projet financ\u00e9 par la r\u00e9gion Occitanie et de son budget participatif \u00ab Ma solution pour le climat \u00bb.<\/p>\n<p>Elle <strong>accompagne et conseille plusieurs communes dans la lutte contre les \u00eelots de chaleur urbains et \u00e9labore un guide technique pour accompagner les collectivit\u00e9s dans cette d\u00e9marche.<\/strong><\/p>\n<p>&nbsp;<\/p>\n<p style=\"text-align: center\"><strong>Equipe JEVI<\/strong> (Jardin Espace Vert et Infrastructure)<\/p>\n<p style=\"text-align: center\"><em>Florian MARTEL, Julie CHOUVEL et Florie RICHARD<\/em><\/p>\n<p>&nbsp;<\/p>\n<p style=\"text-align: center\"><img loading=\"lazy\" decoding=\"async\" class=\"wp-image-10427 aligncenter\" src=\"https:\/\/www.fredonoccitanie.com\/jevi\/wp-content\/uploads\/sites\/2\/2022\/12\/equipe_jevi-scaled.jpg\" alt=\"\" width=\"380\" height=\"402\" srcset=\"https:\/\/www.fredonoccitanie.com\/jevi\/wp-content\/uploads\/sites\/2\/2022\/12\/equipe_jevi-scaled.jpg 2419w, https:\/\/www.fredonoccitanie.com\/jevi\/wp-content\/uploads\/sites\/2\/2022\/12\/equipe_jevi-283x300.jpg 283w, https:\/\/www.fredonoccitanie.com\/jevi\/wp-content\/uploads\/sites\/2\/2022\/12\/equipe_jevi-973x1030.jpg 973w, https:\/\/www.fredonoccitanie.com\/jevi\/wp-content\/uploads\/sites\/2\/2022\/12\/equipe_jevi-768x813.jpg 768w, https:\/\/www.fredonoccitanie.com\/jevi\/wp-content\/uploads\/sites\/2\/2022\/12\/equipe_jevi-1451x1536.jpg 1451w, https:\/\/www.fredonoccitanie.com\/jevi\/wp-content\/uploads\/sites\/2\/2022\/12\/equipe_jevi-1935x2048.jpg 1935w, https:\/\/www.fredonoccitanie.com\/jevi\/wp-content\/uploads\/sites\/2\/2022\/12\/equipe_jevi-1417x1500.jpg 1417w, https:\/\/www.fredonoccitanie.com\/jevi\/wp-content\/uploads\/sites\/2\/2022\/12\/equipe_jevi-666x705.jpg 666w\" sizes=\"auto, (max-width: 380px) 100vw, 380px\" \/><\/p>\n<p><em>Source : FREDON Occitanie<\/em><\/p>\n","protected":false},"excerpt":{"rendered":"<p>Julie Chouvel vient de rejoindre le \u00ab\u00a0P\u00f4le Environnement\u00a0\u00bb de FREDON Occitanie en tant que charg\u00e9e de projet \u00ab\u00a0mise en place d\u2019\u00eelots de fra\u00eecheur v\u00e9g\u00e9talis\u00e9s\u00a0\u00bb. Dipl\u00f4m\u00e9e de l\u2019\u00e9cole d\u2019ing\u00e9nieurs du paysage Agrocampus Ouest Angers, ses missions s\u2019inscrivent dans le cadre d\u2019un appel \u00e0 projet financ\u00e9 par la r\u00e9gion Occitanie et de son budget participatif \u00ab Ma [&hellip;]<\/p>\n","protected":false},"author":5,"featured_media":10426,"comment_status":"closed","ping_status":"closed","sticky":false,"template":"","format":"standard","meta":{"footnotes":""},"categories":[8,2],"tags":[],"class_list":["post-10422","post","type-post","status-publish","format-standard","has-post-thumbnail","hentry","category-jevi","category-actualites-fredon"],"_links":{"self":[{"href":"https:\/\/www.fredonoccitanie.com\/jevi\/wp-json\/wp\/v2\/posts\/10422","targetHints":{"allow":["GET"]}}],"collection":[{"href":"https:\/\/www.fredonoccitanie.com\/jevi\/wp-json\/wp\/v2\/posts"}],"about":[{"href":"https:\/\/www.fredonoccitanie.com\/jevi\/wp-json\/wp\/v2\/types\/post"}],"author":[{"embeddable":true,"href":"https:\/\/www.fredonoccitanie.com\/jevi\/wp-json\/wp\/v2\/users\/5"}],"replies":[{"embeddable":true,"href":"https:\/\/www.fredonoccitanie.com\/jevi\/wp-json\/wp\/v2\/comments?post=10422"}],"version-history":[{"count":5,"href":"https:\/\/www.fredonoccitanie.com\/jevi\/wp-json\/wp\/v2\/posts\/10422\/revisions"}],"predecessor-version":[{"id":11093,"href":"https:\/\/www.fredonoccitanie.com\/jevi\/wp-json\/wp\/v2\/posts\/10422\/revisions\/11093"}],"wp:featuredmedia":[{"embeddable":true,"href":"https:\/\/www.fredonoccitanie.com\/jevi\/wp-json\/wp\/v2\/media\/10426"}],"wp:attachment":[{"href":"https:\/\/www.fredonoccitanie.com\/jevi\/wp-json\/wp\/v2\/media?parent=10422"}],"wp:term":[{"taxonomy":"category","embeddable":true,"href":"https:\/\/www.fredonoccitanie.com\/jevi\/wp-json\/wp\/v2\/categories?post=10422"},{"taxonomy":"post_tag","embeddable":true,"href":"https:\/\/www.fredonoccitanie.com\/jevi\/wp-json\/wp\/v2\/tags?post=10422"}],"curies":[{"name":"wp","href":"https:\/\/api.w.org\/{rel}","templated":true}]}}