{"id":10160,"date":"2022-09-22T10:00:11","date_gmt":"2022-09-22T08:00:11","guid":{"rendered":"https:\/\/www.fredonoccitanie.com\/jevi\/?p=10160"},"modified":"2022-09-22T16:44:50","modified_gmt":"2022-09-22T14:44:50","slug":"cycle-de-conference-en-ligne-sur-arbres-et-forets","status":"publish","type":"post","link":"https:\/\/www.fredonoccitanie.com\/jevi\/2022\/09\/22\/cycle-de-conference-en-ligne-sur-arbres-et-forets\/","title":{"rendered":"Cycle de conf\u00e9rence en ligne sur \u00ab\u00a0Arbres et for\u00eats\u00a0\u00bb"},"content":{"rendered":"<div class=\"field field-name-body field-type-text-with-summary field-label-hidden\">\n<div class=\"field-items\">\n<div class=\"field-item even\">\n<h1 style=\"text-align: center\">Le CNFPT et les co-organisateurs du concours Capitale fran\u00e7aise de la Biodiversit\u00e9 vous proposent un cycle de conf\u00e9rences consacr\u00e9es au th\u00e8me \u00ab\u00a0Arbres &amp; for\u00eats\u00a0\u00bb<\/h1>\n<\/div>\n<\/div>\n<\/div>\n<p>&nbsp;<\/p>\n<p>Pour accompagner les collectivit\u00e9s \u00e0 \u00e9laborer leur dossier de candidature au concours \u00ab Capitale fran\u00e7aise de la Biodiversit\u00e9 \u00bb et identifier des actions exemplaires pour faire rimer arbres, for\u00eats et biodiversit\u00e9, la e-communaut\u00e9 du CNFPT et les co-organisateurs du concours \u00ab Capitale Fran\u00e7aise de la Biodiversit\u00e9 \u00bb vous proposent donc une s\u00e9lection de 4 webinaires th\u00e9matiques sur les enjeux et d\u00e9fis pour les collectivit\u00e9s, la gestion foresti\u00e8re multifonctionnelle, la restauration des haies et paysages de bocage et les id\u00e9es re\u00e7ues sur les micro-for\u00eats.<\/p>\n<p>&nbsp;<\/p>\n<ul>\n<li><strong>Webinaire 1 &#8211; Arbres, for\u00eats et biodiversit\u00e9 : enjeux et d\u00e9fis pour les collectivit\u00e9s<\/strong><br \/>\nMercredi 21 septembre 2022, de 12h \u00e0 13h<br \/>\nAnimation : <strong>Marianne Bernard<\/strong>, charg\u00e9e de mission Agriculture, For\u00eat et Biodiversit\u00e9, Office fran\u00e7ais de la Biodiversit\u00e9 (OFB) \/ Elisabeth Offret, responsable nationale de sp\u00e9cialit\u00e9s Paysage et biodiversit\u00e9, CNFPT<br \/>\n&#8211; Arbres, for\u00eats et biodiversit\u00e9, quels d\u00e9fis pour les collectivit\u00e9s : <strong>Francis Hall\u00e9<\/strong>, botaniste et biologiste<br \/>\n&#8211; L\u2019arbre et son cort\u00e8ge faune-flore : <strong>Patrice Hirbec<\/strong>, Association Humanit\u00e9 &amp; Biodiversit\u00e9<br \/>\n&#8211; Pr\u00e9sentation du concours Capitale fran\u00e7aise de la Biodiversit\u00e9 2023 par\u00a0<strong>Gilles Lecuir<\/strong>, charg\u00e9 d\u2019\u00e9tudes, Agence r\u00e9gionale de la Biodiversit\u00e9 en \u00cele-de-France<br \/>\n<a href=\"https:\/\/inscription.cnfpt.fr\/?gl=NjliOGJkMzI\">Inscription pour les agents territoriaux<\/a> : CODE WEBAF001<br \/>\n<a href=\"https:\/\/forms.office.com\/Pages\/ResponsePage.aspx?id=ItGybUl0oEio-evCo_oOUlMPqbbHtXRGlJAcA5ylxBVUNlRUMTZPUzdJRTdaRUJOVkVCN05WVVpaUy4u\">Inscription autres publics<\/a><\/li>\n<\/ul>\n<p>&nbsp;<\/p>\n<ul>\n<li><strong>Webinaire 2 &#8211; Faire rimer gestion foresti\u00e8re, biodiversit\u00e9 et multifonctionnalit\u00e9<\/strong><br \/>\nVendredi 21 octobre 2022, de 12h \u00e0 13h<br \/>\nAnimation : <strong>Marianne Bernard<\/strong>, charg\u00e9e de mission Agriculture, For\u00eat et Biodiversit\u00e9, OFB \/ <strong>Elisabeth Offret<\/strong>, responsable nationale de sp\u00e9cialit\u00e9s Paysage et biodiversit\u00e9, CNFPT<br \/>\n&#8211; Agir pour favoriser la multifonctionnalit\u00e9 et la biodiversit\u00e9 dans la gestion foresti\u00e8re :\u00a0<strong>Gaetan du Bus<\/strong>, gestionnaire forestier<br \/>\n&#8211; Besan\u00e7on Naturellement Foresti\u00e8re : une d\u00e9marche participative de long terme portant sur la gestion de ses for\u00eats : <strong>Samuel Leli\u00e8vre<\/strong>, Directeur des Espaces verts, sportifs et forestiers, ville de Besan\u00e7on<br \/>\n&#8211; Panorama d\u2019actions sur la for\u00eat : <strong>Aurore Micand<\/strong>, charg\u00e9e d\u2019\u00e9tudes, Plante &amp; Cit\u00e9<br \/>\n<a href=\"https:\/\/inscription.cnfpt.fr\/?gl=NjliOGJkMzI\">Inscription pour les agents territoriaux<\/a>\u00a0: CODE WEBAF002<br \/>\n\u200b<a href=\"https:\/\/forms.office.com\/Pages\/ResponsePage.aspx?id=ItGybUl0oEio-evCo_oOUlMPqbbHtXRGlJAcA5ylxBVUNlRUMTZPUzdJRTdaRUJOVkVCN05WVVpaUy4u\">Inscription autres publics<\/a><\/li>\n<\/ul>\n<p>&nbsp;<\/p>\n<ul>\n<li><strong>Webinaire 3 &#8211; (R\u00e9)installer le bocage ? Comment restaurer la qualit\u00e9 \u00e9cologique du bocage ?<\/strong><br \/>\nVendredi 18 novembre 2022, de 12h \u00e0 13h<br \/>\nAnimation : <strong>Fabien Paquier<\/strong>, charg\u00e9 de mission Trame verte et bleue, OFB \/ <strong>Elisabeth Offret<\/strong>, responsable nationale de sp\u00e9cialit\u00e9s Paysage et biodiversit\u00e9, CNFPT<br \/>\n&#8211; L\u2019utilisation de v\u00e9g\u00e9taux locaux et sauvages, par un intervenant du Conservatoire botanique national des Pyr\u00e9n\u00e9es et de Midi-Pyr\u00e9n\u00e9es<br \/>\n&#8211; Le plan d\u2019action Bocage de la Communaut\u00e9 de communes de Flandre Int\u00e9rieure : <strong>M\u00e9lissa Toussaint<\/strong>, charg\u00e9e de mission environnement, Communaut\u00e9 de communes de Flandre Int\u00e9rieure<br \/>\n&#8211; Panorama d\u2019actions sur les haies : <strong>Aurore Micand<\/strong>, charg\u00e9e d\u2019\u00e9tudes, Plante &amp; Cit\u00e9<br \/>\n<a href=\"https:\/\/inscription.cnfpt.fr\/?gl=NjliOGJkMzI\">Inscription pour les agents territoriaux<\/a>\u00a0: CODE WEBAF003<br \/>\n\u200b<a href=\"https:\/\/forms.office.com\/Pages\/ResponsePage.aspx?id=ItGybUl0oEio-evCo_oOUlMPqbbHtXRGlJAcA5ylxBVUNlRUMTZPUzdJRTdaRUJOVkVCN05WVVpaUy4u\">Inscription autres publics<\/a><\/li>\n<\/ul>\n<p>&nbsp;<\/p>\n<ul>\n<li><strong>Webinaire 4 &#8211; Micro-for\u00eats, plantations denses : comment les rendre favorables \u00e0 la biodiversit\u00e9 ?<\/strong><br \/>\nVendredi 9 d\u00e9cembre 2022, de 12h \u00e0 13h<br \/>\nAnimation : <strong>Mathilde Ma\u00efsano<\/strong>, charg\u00e9e de mission \u00ab Territoires Engag\u00e9s pour la nature \u00bb, OFB \/ Elisabeth Offret, responsable nationale de sp\u00e9cialit\u00e9s Paysage et biodiversit\u00e9, CNFPT<br \/>\n&#8211; D\u00e9m\u00ealer le vrai du faux sur les micro-for\u00eats et la biodiversit\u00e9 : <strong>Annabel Port\u00e9<\/strong>, directrice de recherche, INRAE Bordeaux<br \/>\n&#8211; La cr\u00e9ation d\u2019une for\u00eat urbaine au Gr\u00e9sill\u00e9 : <strong>Fr\u00e9d\u00e9ric Moreau<\/strong>, Chef du service Ma\u00eetrise d\u2019ouvrage et ma\u00eetrise d\u2019\u0153uvre, Direction Parcs, Jardins et Paysages, Ville d&rsquo;Angers<br \/>\n&#8211; Panorama d\u2019actions sur les arbres en milieu urbain : <strong>Gilles Lecuir<\/strong>, charg\u00e9 d\u2019\u00e9tudes, Agence r\u00e9gionale de la Biodiversit\u00e9 en \u00cele-de-France<br \/>\n<a href=\"https:\/\/inscription.cnfpt.fr\/?gl=NjliOGJkMzI\">Inscription pour les agents territoriaux<\/a>\u00a0: CODE WEBAF004<br \/>\n\u200b<a href=\"https:\/\/forms.office.com\/Pages\/ResponsePage.aspx?id=ItGybUl0oEio-evCo_oOUlMPqbbHtXRGlJAcA5ylxBVUNlRUMTZPUzdJRTdaRUJOVkVCN05WVVpaUy4u\">Inscription autres publics<\/a><\/li>\n<\/ul>\n<p>&nbsp;<\/p>\n<p>Photo : Gilles Lecuir<\/p>\n<p>&nbsp;<\/p>\n<p>&nbsp;<\/p>\n<p>&nbsp;<\/p>\n","protected":false},"excerpt":{"rendered":"<p>Le CNFPT et les co-organisateurs du concours Capitale fran\u00e7aise de la Biodiversit\u00e9 vous proposent un cycle de conf\u00e9rences consacr\u00e9es au th\u00e8me \u00ab\u00a0Arbres &amp; for\u00eats\u00a0\u00bb &nbsp; Pour accompagner les collectivit\u00e9s \u00e0 \u00e9laborer leur dossier de candidature au concours \u00ab Capitale fran\u00e7aise de la Biodiversit\u00e9 \u00bb et identifier des actions exemplaires pour faire rimer arbres, for\u00eats et [&hellip;]<\/p>\n","protected":false},"author":14,"featured_media":0,"comment_status":"closed","ping_status":"closed","sticky":false,"template":"","format":"standard","meta":{"footnotes":""},"categories":[2,11],"tags":[],"class_list":["post-10160","post","type-post","status-publish","format-standard","hentry","category-actualites-fredon","category-agenda-jevi"],"_links":{"self":[{"href":"https:\/\/www.fredonoccitanie.com\/jevi\/wp-json\/wp\/v2\/posts\/10160","targetHints":{"allow":["GET"]}}],"collection":[{"href":"https:\/\/www.fredonoccitanie.com\/jevi\/wp-json\/wp\/v2\/posts"}],"about":[{"href":"https:\/\/www.fredonoccitanie.com\/jevi\/wp-json\/wp\/v2\/types\/post"}],"author":[{"embeddable":true,"href":"https:\/\/www.fredonoccitanie.com\/jevi\/wp-json\/wp\/v2\/users\/14"}],"replies":[{"embeddable":true,"href":"https:\/\/www.fredonoccitanie.com\/jevi\/wp-json\/wp\/v2\/comments?post=10160"}],"version-history":[{"count":4,"href":"https:\/\/www.fredonoccitanie.com\/jevi\/wp-json\/wp\/v2\/posts\/10160\/revisions"}],"predecessor-version":[{"id":10164,"href":"https:\/\/www.fredonoccitanie.com\/jevi\/wp-json\/wp\/v2\/posts\/10160\/revisions\/10164"}],"wp:attachment":[{"href":"https:\/\/www.fredonoccitanie.com\/jevi\/wp-json\/wp\/v2\/media?parent=10160"}],"wp:term":[{"taxonomy":"category","embeddable":true,"href":"https:\/\/www.fredonoccitanie.com\/jevi\/wp-json\/wp\/v2\/categories?post=10160"},{"taxonomy":"post_tag","embeddable":true,"href":"https:\/\/www.fredonoccitanie.com\/jevi\/wp-json\/wp\/v2\/tags?post=10160"}],"curies":[{"name":"wp","href":"https:\/\/api.w.org\/{rel}","templated":true}]}}