{"id":1,"date":"2016-07-27T10:19:44","date_gmt":"2016-07-27T08:19:44","guid":{"rendered":"https:\/\/www.fredonoccitanie.com\/zna\/?p=1"},"modified":"2016-07-27T10:19:44","modified_gmt":"2016-07-27T08:19:44","slug":"loitransitionenergetique","status":"publish","type":"post","link":"https:\/\/www.fredonoccitanie.com\/jevi\/2016\/07\/27\/loitransitionenergetique\/","title":{"rendered":"R\u00e9glementation : Loi de transition \u00e9nerg\u00e9tique &#8211; Publication au journal officiel"},"content":{"rendered":"<h1>Loi de transition \u00e9nerg\u00e9tique<\/h1>\n<p style=\"text-align: left\"><a href=\"https:\/\/www.fredonoccitanie.com\/jevi\/wp-content\/uploads\/sites\/7\/2016\/11\/balance.jpg\"><img loading=\"lazy\" decoding=\"async\" class=\"alignnone wp-image-3322 size-medium\" src=\"https:\/\/www.fredonoccitanie.com\/jevi\/wp-content\/uploads\/sites\/7\/2016\/11\/balance-300x179.jpg\" width=\"300\" height=\"179\" srcset=\"https:\/\/www.fredonoccitanie.com\/jevi\/wp-content\/uploads\/sites\/2\/2016\/11\/balance-300x179.jpg 300w, https:\/\/www.fredonoccitanie.com\/jevi\/wp-content\/uploads\/sites\/2\/2016\/11\/balance-1030x613.jpg 1030w, https:\/\/www.fredonoccitanie.com\/jevi\/wp-content\/uploads\/sites\/2\/2016\/11\/balance-768x457.jpg 768w, https:\/\/www.fredonoccitanie.com\/jevi\/wp-content\/uploads\/sites\/2\/2016\/11\/balance-1536x915.jpg 1536w, https:\/\/www.fredonoccitanie.com\/jevi\/wp-content\/uploads\/sites\/2\/2016\/11\/balance-2048x1220.jpg 2048w, https:\/\/www.fredonoccitanie.com\/jevi\/wp-content\/uploads\/sites\/2\/2016\/11\/balance-1500x893.jpg 1500w, https:\/\/www.fredonoccitanie.com\/jevi\/wp-content\/uploads\/sites\/2\/2016\/11\/balance-705x420.jpg 705w\" sizes=\"auto, (max-width: 300px) 100vw, 300px\" \/><\/a><\/p>\n<p style=\"text-align: left\">La loi relative \u00e0 la transition \u00e9nerg\u00e9tique pour la croissance verte (n\u00b0 2015-992 du 17 ao\u00fbt 2015) a \u00e9t\u00e9 adopt\u00e9e mercredi 22 juillet 2015 et est parue au JO n\u00b00189 du 18 ao\u00fbt 2015.<br \/>\nL&rsquo;article 68 vise \u00e0 modifier la loi \u00ab\u00a0Labb\u00e9\u00a0\u00bb (loi n\u00b02014-110 du 06\/02\/2014 visant \u00e0 mieux encadrer l&rsquo;utilisation des produits phytosanitaires sur le territoire national). Ainsi, l&rsquo;\u00e9ch\u00e9ance concernant <b>l&rsquo;interdiction aux personnes publiques d\u2019utiliser ou de faire utiliser des produits phytosanitaires<\/b> (hors <a href=\"http:\/\/www.ecophytozna-pro.fr\/documents\/download\/liste_officielle_produits_de_biocontrole_2016.pdf\" target=\"_blank\" rel=\"noopener\">produits de biocontr\u00f4le<\/a>, produits AB et produits \u00e0 faibles risques) <b>pour l\u2019entretien des espaces verts, for\u00eats et promenades accessibles ou ouverts au public<\/b> est avanc\u00e9e du 01\/01\/2020 au <b>01\/01\/2017<\/b>. De plus, il sera \u00e9galement interdit \u00e0 la m\u00eame date d&rsquo;utiliser des produits phytosanitaires sur les <b>voiries<\/b>, sauf pour des raisons de s\u00e9curit\u00e9. Pour les particuliers, <b>la vente en libre-service sera interdite au 01\/01\/2017<\/b> et l&rsquo;interdiction d&rsquo;utilisation avanc\u00e9e au <b>01\/01\/2019<\/b>.<\/p>\n<p>&nbsp;<\/p>\n<p style=\"text-align: center\"><a href=\"http:\/\/www.legifrance.gouv.fr\/eli\/loi\/2015\/8\/17\/2015-992\/jo\/texte\" target=\"_blank\" rel=\"noopener\"><b>Voir le texte au JO<\/b><\/a><\/p>\n<p>&nbsp;<\/p>\n","protected":false},"excerpt":{"rendered":"<p>Loi de transition \u00e9nerg\u00e9tique La loi relative \u00e0 la transition \u00e9nerg\u00e9tique pour la croissance verte (n\u00b0 2015-992 du 17 ao\u00fbt 2015) a \u00e9t\u00e9 adopt\u00e9e mercredi 22 juillet 2015 et est parue au JO n\u00b00189 du 18 ao\u00fbt 2015. L&rsquo;article 68 vise \u00e0 modifier la loi \u00ab\u00a0Labb\u00e9\u00a0\u00bb (loi n\u00b02014-110 du 06\/02\/2014 visant \u00e0 mieux encadrer l&rsquo;utilisation [&hellip;]<\/p>\n","protected":false},"author":1,"featured_media":0,"comment_status":"open","ping_status":"open","sticky":false,"template":"","format":"standard","meta":{"footnotes":""},"categories":[8],"tags":[7],"class_list":["post-1","post","type-post","status-publish","format-standard","hentry","category-jevi","tag-actualites-jevi"],"_links":{"self":[{"href":"https:\/\/www.fredonoccitanie.com\/jevi\/wp-json\/wp\/v2\/posts\/1","targetHints":{"allow":["GET"]}}],"collection":[{"href":"https:\/\/www.fredonoccitanie.com\/jevi\/wp-json\/wp\/v2\/posts"}],"about":[{"href":"https:\/\/www.fredonoccitanie.com\/jevi\/wp-json\/wp\/v2\/types\/post"}],"author":[{"embeddable":true,"href":"https:\/\/www.fredonoccitanie.com\/jevi\/wp-json\/wp\/v2\/users\/1"}],"replies":[{"embeddable":true,"href":"https:\/\/www.fredonoccitanie.com\/jevi\/wp-json\/wp\/v2\/comments?post=1"}],"version-history":[{"count":0,"href":"https:\/\/www.fredonoccitanie.com\/jevi\/wp-json\/wp\/v2\/posts\/1\/revisions"}],"wp:attachment":[{"href":"https:\/\/www.fredonoccitanie.com\/jevi\/wp-json\/wp\/v2\/media?parent=1"}],"wp:term":[{"taxonomy":"category","embeddable":true,"href":"https:\/\/www.fredonoccitanie.com\/jevi\/wp-json\/wp\/v2\/categories?post=1"},{"taxonomy":"post_tag","embeddable":true,"href":"https:\/\/www.fredonoccitanie.com\/jevi\/wp-json\/wp\/v2\/tags?post=1"}],"curies":[{"name":"wp","href":"https:\/\/api.w.org\/{rel}","templated":true}]}}