{"id":824,"date":"2022-03-31T16:21:41","date_gmt":"2022-03-31T14:21:41","guid":{"rendered":"https:\/\/www.fredonoccitanie.com\/ambroisies\/?p=824"},"modified":"2022-03-31T16:21:41","modified_gmt":"2022-03-31T14:21:41","slug":"observation-des-premieres-germinations-dambroisie-trifide-dans-le-toulousain","status":"publish","type":"post","link":"https:\/\/www.fredonoccitanie.com\/eesh\/2022\/03\/31\/observation-des-premieres-germinations-dambroisie-trifide-dans-le-toulousain\/","title":{"rendered":"Observation des premi\u00e8res germinations d\u2019ambroisie trifide dans le Toulousain"},"content":{"rendered":"<p>Suite \u00e0 un travail du sol destin\u00e9 \u00e0 faire lever les adventices (technique du faux-semis), les premi\u00e8res ambroisies trifide d\u2019un champ impact\u00e9 sont en train de germer.<\/p>\n<p>L\u2019agriculteur les d\u00e9truira avant d\u2019effectuer le semis de sa culture de soja. Cette op\u00e9ration contribuera \u00e0 r\u00e9duire le stock semencier : ce seront autant de graines d\u2019ambroisies qui ne germeront pas ensuite dans la culture. Voir dans le BSV <a href=\"http:\/\/www.bsv.occitanie.chambagri.fr\/fichiers\/GRANDES-CULTURES\/BSV_GC_MP_N20_31032022.pdf\">un article d\u00e9di\u00e9 aux lev\u00e9es d\u2019ambroisies<\/a>.<\/p>\n<p>&nbsp;<\/p>\n<p><img loading=\"lazy\" decoding=\"async\" class=\"wp-image-825 aligncenter\" src=\"https:\/\/www.fredonoccitanie.com\/ambroisies\/wp-content\/uploads\/sites\/5\/2022\/03\/IMG-20220330-EJP-trifide-225x300.jpg\" alt=\"\" width=\"369\" height=\"492\" srcset=\"https:\/\/www.fredonoccitanie.com\/eesh\/wp-content\/uploads\/sites\/5\/2022\/03\/IMG-20220330-EJP-trifide-225x300.jpg 225w, https:\/\/www.fredonoccitanie.com\/eesh\/wp-content\/uploads\/sites\/5\/2022\/03\/IMG-20220330-EJP-trifide-773x1030.jpg 773w, https:\/\/www.fredonoccitanie.com\/eesh\/wp-content\/uploads\/sites\/5\/2022\/03\/IMG-20220330-EJP-trifide-768x1024.jpg 768w, https:\/\/www.fredonoccitanie.com\/eesh\/wp-content\/uploads\/sites\/5\/2022\/03\/IMG-20220330-EJP-trifide-1152x1536.jpg 1152w, https:\/\/www.fredonoccitanie.com\/eesh\/wp-content\/uploads\/sites\/5\/2022\/03\/IMG-20220330-EJP-trifide-1125x1500.jpg 1125w, https:\/\/www.fredonoccitanie.com\/eesh\/wp-content\/uploads\/sites\/5\/2022\/03\/IMG-20220330-EJP-trifide-529x705.jpg 529w, https:\/\/www.fredonoccitanie.com\/eesh\/wp-content\/uploads\/sites\/5\/2022\/03\/IMG-20220330-EJP-trifide.jpg 1536w\" sizes=\"auto, (max-width: 369px) 100vw, 369px\" \/><\/p>\n<p style=\"text-align: center;\">(photo agriculteur EJ, du 29\/03\/2022)<\/p>\n","protected":false},"excerpt":{"rendered":"<p>Suite \u00e0 un travail du sol destin\u00e9 \u00e0 faire lever les adventices (technique du faux-semis), les premi\u00e8res ambroisies trifide d\u2019un champ impact\u00e9 sont en train de germer. L\u2019agriculteur les d\u00e9truira avant d\u2019effectuer le semis de sa culture de soja. Cette op\u00e9ration contribuera \u00e0 r\u00e9duire le stock semencier : ce seront autant de graines d\u2019ambroisies qui [&hellip;]<\/p>\n","protected":false},"author":5,"featured_media":825,"comment_status":"closed","ping_status":"closed","sticky":false,"template":"","format":"standard","meta":{"footnotes":""},"categories":[7,2],"tags":[],"class_list":["post-824","post","type-post","status-publish","format-standard","has-post-thumbnail","hentry","category-actualites-ambroisies","category-actualites-fredon"],"_links":{"self":[{"href":"https:\/\/www.fredonoccitanie.com\/eesh\/wp-json\/wp\/v2\/posts\/824","targetHints":{"allow":["GET"]}}],"collection":[{"href":"https:\/\/www.fredonoccitanie.com\/eesh\/wp-json\/wp\/v2\/posts"}],"about":[{"href":"https:\/\/www.fredonoccitanie.com\/eesh\/wp-json\/wp\/v2\/types\/post"}],"author":[{"embeddable":true,"href":"https:\/\/www.fredonoccitanie.com\/eesh\/wp-json\/wp\/v2\/users\/5"}],"replies":[{"embeddable":true,"href":"https:\/\/www.fredonoccitanie.com\/eesh\/wp-json\/wp\/v2\/comments?post=824"}],"version-history":[{"count":3,"href":"https:\/\/www.fredonoccitanie.com\/eesh\/wp-json\/wp\/v2\/posts\/824\/revisions"}],"predecessor-version":[{"id":828,"href":"https:\/\/www.fredonoccitanie.com\/eesh\/wp-json\/wp\/v2\/posts\/824\/revisions\/828"}],"wp:featuredmedia":[{"embeddable":true,"href":"https:\/\/www.fredonoccitanie.com\/eesh\/wp-json\/wp\/v2\/media\/825"}],"wp:attachment":[{"href":"https:\/\/www.fredonoccitanie.com\/eesh\/wp-json\/wp\/v2\/media?parent=824"}],"wp:term":[{"taxonomy":"category","embeddable":true,"href":"https:\/\/www.fredonoccitanie.com\/eesh\/wp-json\/wp\/v2\/categories?post=824"},{"taxonomy":"post_tag","embeddable":true,"href":"https:\/\/www.fredonoccitanie.com\/eesh\/wp-json\/wp\/v2\/tags?post=824"}],"curies":[{"name":"wp","href":"https:\/\/api.w.org\/{rel}","templated":true}]}}