{"id":819,"date":"2022-03-31T16:19:11","date_gmt":"2022-03-31T14:19:11","guid":{"rendered":"https:\/\/www.fredonoccitanie.com\/ambroisies\/?p=819"},"modified":"2022-03-31T16:19:11","modified_gmt":"2022-03-31T14:19:11","slug":"31-mars-bulletin-de-sante-du-vegetal-bsv-grandes-cultures-occitanie","status":"publish","type":"post","link":"https:\/\/www.fredonoccitanie.com\/eesh\/2022\/03\/31\/31-mars-bulletin-de-sante-du-vegetal-bsv-grandes-cultures-occitanie\/","title":{"rendered":"31 Mars : Bulletin de Sant\u00e9 du V\u00e9g\u00e9tal (BSV) Grandes Cultures Occitanie"},"content":{"rendered":"<h3>Attention ! Les premi\u00e8res ambroisies peuvent germer suite \u00e0 des travaux du sol<\/h3>\n<p>Le Bulletin de Sant\u00e9 du V\u00e9g\u00e9tal (BSV) Grandes Cultures Occitanie du 31 mars publie <a href=\"http:\/\/www.bsv.occitanie.chambagri.fr\/fichiers\/GRANDES-CULTURES\/BSV_GC_MP_N20_31032022.pdf\">un article d\u00e9di\u00e9 aux lev\u00e9es d\u2019ambroisies<\/a>.<\/p>\n<p>Les leviers \u00e0 mettre en \u0153uvre \u00e0 cette p\u00e9riode y sont d\u00e9crits.<\/p>\n<p><img loading=\"lazy\" decoding=\"async\" class=\"alignnone  wp-image-820\" src=\"https:\/\/www.fredonoccitanie.com\/ambroisies\/wp-content\/uploads\/sites\/5\/2022\/03\/ambroisie_culture_primptemps-300x130.png\" alt=\"\" width=\"796\" height=\"345\" srcset=\"https:\/\/www.fredonoccitanie.com\/eesh\/wp-content\/uploads\/sites\/5\/2022\/03\/ambroisie_culture_primptemps-300x130.png 300w, https:\/\/www.fredonoccitanie.com\/eesh\/wp-content\/uploads\/sites\/5\/2022\/03\/ambroisie_culture_primptemps-1030x447.png 1030w, https:\/\/www.fredonoccitanie.com\/eesh\/wp-content\/uploads\/sites\/5\/2022\/03\/ambroisie_culture_primptemps-768x333.png 768w, https:\/\/www.fredonoccitanie.com\/eesh\/wp-content\/uploads\/sites\/5\/2022\/03\/ambroisie_culture_primptemps-705x306.png 705w, https:\/\/www.fredonoccitanie.com\/eesh\/wp-content\/uploads\/sites\/5\/2022\/03\/ambroisie_culture_primptemps.png 1346w\" sizes=\"auto, (max-width: 796px) 100vw, 796px\" \/><\/p>\n","protected":false},"excerpt":{"rendered":"<p>Attention ! Les premi\u00e8res ambroisies peuvent germer suite \u00e0 des travaux du sol Le Bulletin de Sant\u00e9 du V\u00e9g\u00e9tal (BSV) Grandes Cultures Occitanie du 31 mars publie un article d\u00e9di\u00e9 aux lev\u00e9es d\u2019ambroisies. Les leviers \u00e0 mettre en \u0153uvre \u00e0 cette p\u00e9riode y sont d\u00e9crits.<\/p>\n","protected":false},"author":5,"featured_media":0,"comment_status":"closed","ping_status":"closed","sticky":false,"template":"","format":"standard","meta":{"footnotes":""},"categories":[7,2],"tags":[],"class_list":["post-819","post","type-post","status-publish","format-standard","hentry","category-actualites-ambroisies","category-actualites-fredon"],"_links":{"self":[{"href":"https:\/\/www.fredonoccitanie.com\/eesh\/wp-json\/wp\/v2\/posts\/819","targetHints":{"allow":["GET"]}}],"collection":[{"href":"https:\/\/www.fredonoccitanie.com\/eesh\/wp-json\/wp\/v2\/posts"}],"about":[{"href":"https:\/\/www.fredonoccitanie.com\/eesh\/wp-json\/wp\/v2\/types\/post"}],"author":[{"embeddable":true,"href":"https:\/\/www.fredonoccitanie.com\/eesh\/wp-json\/wp\/v2\/users\/5"}],"replies":[{"embeddable":true,"href":"https:\/\/www.fredonoccitanie.com\/eesh\/wp-json\/wp\/v2\/comments?post=819"}],"version-history":[{"count":3,"href":"https:\/\/www.fredonoccitanie.com\/eesh\/wp-json\/wp\/v2\/posts\/819\/revisions"}],"predecessor-version":[{"id":823,"href":"https:\/\/www.fredonoccitanie.com\/eesh\/wp-json\/wp\/v2\/posts\/819\/revisions\/823"}],"wp:attachment":[{"href":"https:\/\/www.fredonoccitanie.com\/eesh\/wp-json\/wp\/v2\/media?parent=819"}],"wp:term":[{"taxonomy":"category","embeddable":true,"href":"https:\/\/www.fredonoccitanie.com\/eesh\/wp-json\/wp\/v2\/categories?post=819"},{"taxonomy":"post_tag","embeddable":true,"href":"https:\/\/www.fredonoccitanie.com\/eesh\/wp-json\/wp\/v2\/tags?post=819"}],"curies":[{"name":"wp","href":"https:\/\/api.w.org\/{rel}","templated":true}]}}