{"id":793,"date":"2022-03-01T10:02:32","date_gmt":"2022-03-01T09:02:32","guid":{"rendered":"https:\/\/www.fredonoccitanie.com\/ambroisies\/?p=793"},"modified":"2022-03-07T14:26:41","modified_gmt":"2022-03-07T13:26:41","slug":"1er-avril-2022-webinaire-dinformation-de-laide-pour-trouver-des-aides","status":"publish","type":"post","link":"https:\/\/www.fredonoccitanie.com\/eesh\/2022\/03\/01\/1er-avril-2022-webinaire-dinformation-de-laide-pour-trouver-des-aides\/","title":{"rendered":"1er avril 2022 : WEBINAIRE D&rsquo;INFORMATION \u00ab\u00a0De l&rsquo;aide pour trouver des aides !\u00a0\u00bb"},"content":{"rendered":"\r\n<h4 class=\"has-text-align-center wp-block-heading\">Pr\u00e9sentation des outils Aides-territoires et <strong>Volontariat territorial en administration (VTA)<\/strong><\/h4>\r\n\r\n\r\n\r\n<h5 class=\"has-text-align-center\"><strong><span class=\"has-inline-color\">1er avril 2022 &#8211; 11h00 &#8211; 12h00<\/span><\/strong><\/h5>\r\n<p>&nbsp;<\/p>\r\n\r\n\r\n\r\n\r\n\r\n<p>\u00a0 <strong>Besoin d&rsquo;un peu d&rsquo;aide pour trouver des aides et ainsi mener \u00e0 bien vos projets sur votre territoire ? <\/strong> <strong>D\u00e9couvrez deux outils mobilisables par des collectivit\u00e9s dans le cadre de leurs projets en faveur de la r\u00e9duction des pesticides, et au-del\u00e0 au service de la sant\u00e9 et de l&rsquo;environnement !<\/strong><\/p>\r\n<p>La question des aides financi\u00e8res ou techniques est donc souvent pos\u00e9e par les gestionnaires que nous accompagnons. <b>Ce webinaire d&rsquo;information vise donc \u00e0 pr\u00e9senter la plateforme d\u2019Aides-territoires et le dispositif de Volontariat territorial en administration, deux outils qui proposent des pistes pour y r\u00e9pondre.<\/b> Ce sera l&rsquo;occasion de comprendre ensemble comment fonctionnent concr\u00e8tement ces deux outils pour passer \u00e0 l&rsquo;action ! \u00a0<\/p>\r\n<ul>\r\n<li><strong>Aides-territoires : un outil num\u00e9rique qui vise \u00e0 vous aider \u00e0 mieux identifier les aides !<\/strong> &gt;&gt; Comment fonctionne cette plateforme ? Quelles aides y retrouver ? A qui s&rsquo;adresse-t-elle ? Quelles sont les astuces \u00e0 retenir ?<\/li>\r\n<\/ul>\r\n<p>&nbsp;<\/p>\r\n<ul>\r\n<li><strong>VTA : un dispositif ouvert jusqu&rsquo;\u00e0 fin 2022, subventionn\u00e9, pour permettre \u00e0 des collectivit\u00e9s rurales de mobiliser de l&rsquo;aide en ing\u00e9nierie de projet sur leur territoire !<\/strong> Comment recruter un jeune dipl\u00f4m\u00e9 via un VTA ? Quelles \u00e9ch\u00e9ances retenir ? Quelle est l&rsquo;aide propos\u00e9e par l&rsquo;Etat ? Quelles sont les collectivit\u00e9s concern\u00e9es ?<\/li>\r\n<\/ul>\r\n<p>&nbsp;<\/p>\r\n<h5>Au programme :<\/h5>\r\n<p>&nbsp;<\/p>\r\n<ul>\r\n<li><strong>Pr\u00e9sentation de la plateforme <a href=\"https:\/\/www.fredonoccitanie.com\/jevi\/2022\/02\/11\/aides-territoires-aides-publiques-pour-les-collectivites\/\">Aides-territoires<\/a> : \u00e9clairage sur cet outil num\u00e9rique pour mieux identifier les aides publiques mobilisables sur son territoire ! &amp; temps d&rsquo;\u00e9change<\/strong><\/li>\r\n<\/ul>\r\n<p><em>Aides-territoires \/\/ Am\u00e9lie Quillet, Charg\u00e9e de d\u00e9ploiement<\/em> <a href=\"https:\/\/www.fredonoccitanie.com\/jevi\/2022\/02\/11\/aides-territoires-aides-publiques-pour-les-collectivites\/\"><img loading=\"lazy\" decoding=\"async\" class=\"alignnone  wp-image-9066 aligncenter\" src=\"https:\/\/www.fredonoccitanie.com\/jevi\/wp-content\/uploads\/sites\/2\/2022\/02\/AT_Illustrations-HOME_01-300x124.png\" alt=\"\" width=\"246\" height=\"102\" \/><\/a> \u00a0<\/p>\r\n<ul>\r\n<li><strong>Pr\u00e9sentation du dispositif\u00a0 <a href=\"https:\/\/www.fredonoccitanie.com\/jevi\/2022\/02\/10\/vta\/\">VTA &#8211; Volontariat territorial en administration<\/a><\/strong><strong> : des cl\u00e9s pour mobiliser ce dispositif sur vos territoires ruraux ! &amp; temps d&rsquo;\u00e9change<\/strong><\/li>\r\n<\/ul>\r\n<p><em>ANCT \/\/ Patricia Andriot, Cheffe de projet ruralit\u00e9s &amp; Marina Maures, Charg\u00e9e de mission Programme Ruralit\u00e9 Montagne<\/em> \u00a0 <img loading=\"lazy\" decoding=\"async\" class=\"alignnone  wp-image-9081 aligncenter\" src=\"https:\/\/www.fredonoccitanie.com\/jevi\/wp-content\/uploads\/sites\/2\/2022\/02\/TamponAgendaRural-1-300x300.jpg\" alt=\"\" width=\"158\" height=\"158\" \/> \u00a0 <img loading=\"lazy\" decoding=\"async\" class=\"alignnone size-medium wp-image-9081\" src=\"https:\/\/www.fredonoccitanie.com\/jevi\/wp-content\/uploads\/sites\/2\/2022\/02\/TamponAgendaRural-1.jpg\" alt=\"\" width=\"1\" height=\"1\" \/><\/p>\r\n\r\n\r\n\r\n<h5>A qui s&rsquo;adresse-t-il ?<\/h5>\r\n<p>Ce webinaire est propos\u00e9 par FREDON Occitanie \/ par les 3 missions de son P\u00f4le environnement \u00e0 l&rsquo;attention de leurs r\u00e9seaux professionnels respectifs. Il s&rsquo;adresse aux :<\/p>\r\n\r\n\r\n\r\n<ul class=\"wp-block-list\">\r\n<li>gestionnaires publics d&rsquo;espaces verts (communes, intercommunalit\u00e9s, d\u00e9partements&#8230;) <strong>#jevi <img loading=\"lazy\" decoding=\"async\" class=\"alignnone  wp-image-62\" src=\"https:\/\/www.fredonoccitanie.com\/jevi\/wp-content\/uploads\/sites\/2\/2021\/05\/bt_site_jevi.png\" alt=\"\" width=\"32\" height=\"32\" \/> \u00a0<\/strong><\/li>\r\n<li>animateurs de d\u00e9marches captages prioritaires, membres des r\u00e9seaux <em>Captages d&rsquo;<\/em>Eau<em>ccitanie<\/em> et acteurs de la pr\u00e9servation de la ressource en eau potable <strong>#captages<\/strong> <strong><img loading=\"lazy\" decoding=\"async\" class=\"alignnone  wp-image-61\" src=\"https:\/\/www.fredonoccitanie.com\/jevi\/wp-content\/uploads\/sites\/2\/2021\/05\/bt_site_captages.png\" alt=\"\" width=\"27\" height=\"28\" \/><\/strong><\/li>\r\n<li>gestionnaires publics souhaitant mobiliser des ressources sur leur territoire au service de leurs projets de lutte contre les ambroisies <strong>#ambroisies <img loading=\"lazy\" decoding=\"async\" class=\"alignnone  wp-image-60\" src=\"https:\/\/www.fredonoccitanie.com\/jevi\/wp-content\/uploads\/sites\/2\/2021\/05\/bt_site_ambroisies.png\" alt=\"\" width=\"29\" height=\"29\" \/><\/strong><\/li>\r\n<li>structures qui souhaitent accompagner une dynamique sur leur territoire et accompagner ces gestionnaires dans leur d\u00e9marche (CD, EPCI, PNR, PN, GSF, Syndicats mixtes&#8230;) sur l&rsquo;une de ces 3 th\u00e9matiques.<\/li>\r\n<\/ul>\r\n<p>&nbsp;<\/p>\r\n<div class=\"wp-block-buttons is-content-justification-center\">\r\n<div><div  class='avia-button-wrap av-38207u-f76acb6aed4d0dd5ef905ea6cad3f5bd-wrap avia-button-center  avia-builder-el-0  avia-builder-el-no-sibling '><a href='https:\/\/register.gotowebinar.com\/register\/842499006771533838'  class='avia-button av-38207u-f76acb6aed4d0dd5ef905ea6cad3f5bd av-link-btn avia-icon_select-no avia-size-small avia-position-center avia-color-theme-color'  target=\"_blank\"  rel=\"noopener noreferrer\"  aria-label=\"Inscrivez-vous en cliquant ici !\"><span class='avia_iconbox_title' >Inscrivez-vous en cliquant ici !<\/span><\/a><\/div><\/div>\r\n<\/div>\r\n<div>\u00a0<\/div>\r\n<div class=\"wp-block-buttons is-content-justification-center\">\r\n<div class=\"wp-block-button\"><strong>En attendant, retrouvez plus d&rsquo;informations sur <a href=\"https:\/\/www.fredonoccitanie.com\/jevi\/2022\/02\/11\/aides-territoires-aides-publiques-pour-les-collectivites\/\">Aides-territoires<\/a> et <\/strong><strong><a href=\"https:\/\/www.fredonoccitanie.com\/jevi\/2022\/02\/10\/vta\/\">VTA &#8211; volontariat territorial en administration<\/a><\/strong><\/div>\r\n<\/div>\r\n\r\n\r\n\r\n\r\n\r\n<p class=\"has-white-color has-text-color\">\u00a0<\/p>\r\n<p>Webinaire en partenariat avec : \u00a0 <img loading=\"lazy\" decoding=\"async\" class=\"alignnone  wp-image-9065\" src=\"https:\/\/www.fredonoccitanie.com\/jevi\/wp-content\/uploads\/sites\/2\/2022\/02\/Aides-territoires-294x300.png\" alt=\"\" width=\"121\" height=\"123\" \/><img loading=\"lazy\" decoding=\"async\" class=\"alignnone  wp-image-9078\" src=\"https:\/\/www.fredonoccitanie.com\/jevi\/wp-content\/uploads\/sites\/2\/2022\/02\/ANCT_Logo-300x118.png\" alt=\"\" width=\"265\" height=\"97\" \/><img loading=\"lazy\" decoding=\"async\" class=\"alignnone  wp-image-9081\" src=\"https:\/\/www.fredonoccitanie.com\/jevi\/wp-content\/uploads\/sites\/2\/2022\/02\/TamponAgendaRural-1-300x300.jpg\" alt=\"\" width=\"107\" height=\"107\" \/> \u00a0 \u00a0 Un webinaire propos\u00e9 par les 3 missions du P\u00f4le environnement de FREDON Occitanie : \u00a0 <img loading=\"lazy\" decoding=\"async\" class=\"alignnone  wp-image-59\" src=\"https:\/\/www.fredonoccitanie.com\/jevi\/wp-content\/uploads\/sites\/2\/2021\/05\/favicon.png\" alt=\"\" width=\"73\" height=\"73\" \/> \u00a0 <img loading=\"lazy\" decoding=\"async\" class=\"alignnone  wp-image-4401\" src=\"https:\/\/www.fredonoccitanie.com\/jevi\/wp-content\/uploads\/sites\/2\/2017\/02\/logo_01_light-300x137.jpg\" alt=\"\" width=\"159\" height=\"73\" \/>\u00a0<img loading=\"lazy\" decoding=\"async\" class=\"alignnone  wp-image-9104\" src=\"https:\/\/www.fredonoccitanie.com\/jevi\/wp-content\/uploads\/sites\/2\/2022\/02\/logo_captage_d_eauccitanie_2020_jpeg-300x292.jpg\" alt=\"\" width=\"102\" height=\"99\" \/><img loading=\"lazy\" decoding=\"async\" class=\"alignnone  wp-image-9103\" src=\"https:\/\/www.fredonoccitanie.com\/jevi\/wp-content\/uploads\/sites\/2\/2022\/02\/logo-lutte-ambroisie.jpg\" alt=\"\" width=\"65\" height=\"81\" \/> \u00a0 \u00a0<\/p>\r\n<h6>\u00a0<\/h6>\r\n<p>&nbsp;<\/p>\r\n","protected":false},"excerpt":{"rendered":"<p>Pr\u00e9sentation des outils Aides-territoires et Volontariat territorial en administration (VTA) 1er avril 2022 &#8211; 11h00 &#8211; 12h00 &nbsp; \u00a0 Besoin d&rsquo;un peu d&rsquo;aide pour trouver des aides et ainsi mener \u00e0 bien vos projets sur votre territoire ? D\u00e9couvrez deux outils mobilisables par des collectivit\u00e9s dans le cadre de leurs projets en faveur de la [&hellip;]<\/p>\n","protected":false},"author":5,"featured_media":388,"comment_status":"closed","ping_status":"closed","sticky":false,"template":"","format":"standard","meta":{"footnotes":""},"categories":[8],"tags":[],"class_list":["post-793","post","type-post","status-publish","format-standard","has-post-thumbnail","hentry","category-agenda-ambroisies"],"_links":{"self":[{"href":"https:\/\/www.fredonoccitanie.com\/eesh\/wp-json\/wp\/v2\/posts\/793","targetHints":{"allow":["GET"]}}],"collection":[{"href":"https:\/\/www.fredonoccitanie.com\/eesh\/wp-json\/wp\/v2\/posts"}],"about":[{"href":"https:\/\/www.fredonoccitanie.com\/eesh\/wp-json\/wp\/v2\/types\/post"}],"author":[{"embeddable":true,"href":"https:\/\/www.fredonoccitanie.com\/eesh\/wp-json\/wp\/v2\/users\/5"}],"replies":[{"embeddable":true,"href":"https:\/\/www.fredonoccitanie.com\/eesh\/wp-json\/wp\/v2\/comments?post=793"}],"version-history":[{"count":5,"href":"https:\/\/www.fredonoccitanie.com\/eesh\/wp-json\/wp\/v2\/posts\/793\/revisions"}],"predecessor-version":[{"id":796,"href":"https:\/\/www.fredonoccitanie.com\/eesh\/wp-json\/wp\/v2\/posts\/793\/revisions\/796"}],"wp:featuredmedia":[{"embeddable":true,"href":"https:\/\/www.fredonoccitanie.com\/eesh\/wp-json\/wp\/v2\/media\/388"}],"wp:attachment":[{"href":"https:\/\/www.fredonoccitanie.com\/eesh\/wp-json\/wp\/v2\/media?parent=793"}],"wp:term":[{"taxonomy":"category","embeddable":true,"href":"https:\/\/www.fredonoccitanie.com\/eesh\/wp-json\/wp\/v2\/categories?post=793"},{"taxonomy":"post_tag","embeddable":true,"href":"https:\/\/www.fredonoccitanie.com\/eesh\/wp-json\/wp\/v2\/tags?post=793"}],"curies":[{"name":"wp","href":"https:\/\/api.w.org\/{rel}","templated":true}]}}