{"id":788,"date":"2022-02-22T16:25:12","date_gmt":"2022-02-22T15:25:12","guid":{"rendered":"https:\/\/www.fredonoccitanie.com\/ambroisies\/?p=788"},"modified":"2022-02-22T16:25:12","modified_gmt":"2022-02-22T15:25:12","slug":"webinaire-sur-le-choix-des-especes-vegetales-pour-diminuer-les-risques-allergenes-le-mardi-8-mars-de-18h30-a-20h","status":"publish","type":"post","link":"https:\/\/www.fredonoccitanie.com\/eesh\/2022\/02\/22\/webinaire-sur-le-choix-des-especes-vegetales-pour-diminuer-les-risques-allergenes-le-mardi-8-mars-de-18h30-a-20h\/","title":{"rendered":"Webinaire sur le \u00ab\u00a0Choix des esp\u00e8ces v\u00e9g\u00e9tales pour diminuer les risques allerg\u00e8nes\u00a0\u00bb\u00a0 le \u00a0Mardi 8 Mars de 18h30 \u00e0 20h."},"content":{"rendered":"<p>Retrouver le webinaire sur le \u00ab <strong>Choix des esp\u00e8ces v\u00e9g\u00e9tales pour diminuer les risques allerg\u00e8nes<\/strong>\u00a0\u00bb\u00a0 le \u00a0<u>Mardi 8 Mars de 18h30 \u00e0 20h.<\/u><\/p>\n<p>Il aura lieu en pr\u00e9sence de Samuel Monier, Responsable de la communication au RNSA, et Jean-Luc Fugit, D\u00e9put\u00e9 du Rh\u00f4ne et pr\u00e9sident du conseil national de l\u2019air.<\/p>\n<p>retrouver la<a href=\"https:\/\/fredonoccitanie189-my.sharepoint.com\/:b:\/g\/personal\/emiliealgans_fredonoccitanie189_onmicrosoft_com\/EVrfqe2CtetFkX-JYxQEHhoBES07qNeSTtGpfnswAoL-TQ?e=HWMq1r\"> plaquette d&rsquo;information sur ce lien<\/a><\/p>\n<p>Voici le<a href=\"https:\/\/ehesp-fr.zoom.us\/webinar\/register\/WN_LmPHLEfXTpK33F9fvZ-XXg\"> lien d\u2019inscription ici<\/a><\/p>\n<p>&nbsp;<\/p>\n<p><img loading=\"lazy\" decoding=\"async\" class=\"alignnone  wp-image-789\" src=\"https:\/\/www.fredonoccitanie.com\/ambroisies\/wp-content\/uploads\/sites\/5\/2022\/02\/webinaire_sante-300x199.png\" alt=\"\" width=\"1174\" height=\"779\" srcset=\"https:\/\/www.fredonoccitanie.com\/eesh\/wp-content\/uploads\/sites\/5\/2022\/02\/webinaire_sante-300x199.png 300w, https:\/\/www.fredonoccitanie.com\/eesh\/wp-content\/uploads\/sites\/5\/2022\/02\/webinaire_sante-768x510.png 768w, https:\/\/www.fredonoccitanie.com\/eesh\/wp-content\/uploads\/sites\/5\/2022\/02\/webinaire_sante-705x468.png 705w, https:\/\/www.fredonoccitanie.com\/eesh\/wp-content\/uploads\/sites\/5\/2022\/02\/webinaire_sante.png 792w\" sizes=\"auto, (max-width: 1174px) 100vw, 1174px\" \/><\/p>\n","protected":false},"excerpt":{"rendered":"<p>Retrouver le webinaire sur le \u00ab Choix des esp\u00e8ces v\u00e9g\u00e9tales pour diminuer les risques allerg\u00e8nes\u00a0\u00bb\u00a0 le \u00a0Mardi 8 Mars de 18h30 \u00e0 20h. Il aura lieu en pr\u00e9sence de Samuel Monier, Responsable de la communication au RNSA, et Jean-Luc Fugit, D\u00e9put\u00e9 du Rh\u00f4ne et pr\u00e9sident du conseil national de l\u2019air. retrouver la plaquette d&rsquo;information sur [&hellip;]<\/p>\n","protected":false},"author":5,"featured_media":789,"comment_status":"closed","ping_status":"closed","sticky":false,"template":"","format":"standard","meta":{"footnotes":""},"categories":[8,3],"tags":[],"class_list":["post-788","post","type-post","status-publish","format-standard","has-post-thumbnail","hentry","category-agenda-ambroisies","category-agenda-fredon"],"_links":{"self":[{"href":"https:\/\/www.fredonoccitanie.com\/eesh\/wp-json\/wp\/v2\/posts\/788","targetHints":{"allow":["GET"]}}],"collection":[{"href":"https:\/\/www.fredonoccitanie.com\/eesh\/wp-json\/wp\/v2\/posts"}],"about":[{"href":"https:\/\/www.fredonoccitanie.com\/eesh\/wp-json\/wp\/v2\/types\/post"}],"author":[{"embeddable":true,"href":"https:\/\/www.fredonoccitanie.com\/eesh\/wp-json\/wp\/v2\/users\/5"}],"replies":[{"embeddable":true,"href":"https:\/\/www.fredonoccitanie.com\/eesh\/wp-json\/wp\/v2\/comments?post=788"}],"version-history":[{"count":2,"href":"https:\/\/www.fredonoccitanie.com\/eesh\/wp-json\/wp\/v2\/posts\/788\/revisions"}],"predecessor-version":[{"id":792,"href":"https:\/\/www.fredonoccitanie.com\/eesh\/wp-json\/wp\/v2\/posts\/788\/revisions\/792"}],"wp:featuredmedia":[{"embeddable":true,"href":"https:\/\/www.fredonoccitanie.com\/eesh\/wp-json\/wp\/v2\/media\/789"}],"wp:attachment":[{"href":"https:\/\/www.fredonoccitanie.com\/eesh\/wp-json\/wp\/v2\/media?parent=788"}],"wp:term":[{"taxonomy":"category","embeddable":true,"href":"https:\/\/www.fredonoccitanie.com\/eesh\/wp-json\/wp\/v2\/categories?post=788"},{"taxonomy":"post_tag","embeddable":true,"href":"https:\/\/www.fredonoccitanie.com\/eesh\/wp-json\/wp\/v2\/tags?post=788"}],"curies":[{"name":"wp","href":"https:\/\/api.w.org\/{rel}","templated":true}]}}