{"id":737,"date":"2022-01-18T09:28:45","date_gmt":"2022-01-18T08:28:45","guid":{"rendered":"https:\/\/www.fredonoccitanie.com\/ambroisies\/?p=737"},"modified":"2022-01-19T16:39:13","modified_gmt":"2022-01-19T15:39:13","slug":"737","status":"publish","type":"post","link":"https:\/\/www.fredonoccitanie.com\/eesh\/2022\/01\/18\/737\/","title":{"rendered":"2022 : nouvel an, nouvel \u00e9lan !"},"content":{"rendered":"<h3 style=\"text-align: center;\"><span data-contrast=\"auto\"><strong>Bonne ann\u00e9e, Bona annada, Bon any nou, <\/strong><\/span><\/h3>\n<h3 style=\"text-align: center;\"><span data-contrast=\"auto\"><strong>FREDON Occitanie vous adresse ses meilleurs v\u0153ux pour 2022<\/strong>\u202f<\/span><\/h3>\n<h3><\/h3>\n<p>&nbsp;<\/p>\n<h4><span data-contrast=\"auto\">Nos meilleurs v\u0153ux pour 2022<\/span><\/h4>\n<p>&nbsp;<\/p>\n<p><strong>Nous vous souhaitons une ann\u00e9e fleurissante, une ann\u00e9e pour faire germer vos plus beaux projets\u00a0!<\/strong><\/p>\n<p>&nbsp;<\/p>\n<p><em>Ensemble, en 2022, semons de l\u2019enthousiasme,<\/em><\/p>\n<p><em>Cultivons de belles id\u00e9es,<\/em><\/p>\n<p><em>Faisons \u00e9clore des d\u00e9marches concert\u00e9es fructueuses,<\/em><\/p>\n<p><em>Laissons pousser des brins de nature (non envahissants !),<\/em><\/p>\n<p><em>Regardons fleurir de l\u2019\u00e9nergie partag\u00e9e,<\/em><\/p>\n<p><em>Pour r\u00e9colter le fruit de notre investissement,<\/em><\/p>\n<p><em>Et contempler des paysages d\u2019initiatives au service de la sant\u00e9 des hommes et de l\u2019environnement<\/em><\/p>\n<p>&nbsp;<\/p>\n<p>&nbsp;<\/p>\n<h5><strong>Bonne ann\u00e9e et meilleurs voeux<\/strong><\/h5>\n<h5><strong>Bona annada, plan granada e acompanhada<\/strong><\/h5>\n<h5><strong>Bon any nou i millors desitjos<\/strong><\/h5>\n<p>&nbsp;<\/p>\n<p><img loading=\"lazy\" decoding=\"async\" class=\"alignnone size-medium wp-image-8761 aligncenter\" src=\"https:\/\/www.fredonoccitanie.com\/jevi\/wp-content\/uploads\/sites\/2\/2022\/01\/voeux_ambroisies2022_-300x288.png\" alt=\"\" width=\"300\" height=\"288\" \/><\/p>\n<p>&nbsp;<\/p>\n<h4><strong>Un nouvel an, un nouvel \u00e9lan vers de nouveaux horizons<\/strong><\/h4>\n<p>&nbsp;<\/p>\n<p><strong>Mettons \u00e0 profit les graines sem\u00e9es en 2021, pour impulser un nouvel \u00e9lan dans nos missions :<\/strong><\/p>\n<ul>\n<li><em>de nouveaux locaux pour FREDON Occitanie \u00e0 l\u2019Est, \u00e0 Vailhauqu\u00e8s, comme \u00e0 l\u2019Ouest, \u00e0 Montrab\u00e9 (<a href=\"https:\/\/www.fredonoccitanie.com\/blog\/2021\/11\/25\/ca-demenage-a-la-fredon\/\">en savoir plus<\/a>)<\/em><\/li>\n<li><em>un nouveau site internet pour mieux vous accompagner au quotidien (<a href=\"https:\/\/www.fredonoccitanie.com\/blog\/2021\/11\/25\/le-site-internet-de-fredon-occitanie-fait-peau-neuve\/\">en savoir plus<\/a>)\u00a0<\/em><\/li>\n<li><em>une \u00e9quipe renforc\u00e9e \u00e0 l&rsquo;Ouest pour la mission Ambroisies (<a href=\"https:\/\/www.fredonoccitanie.com\/ambroisies\/2021\/11\/18\/novembre-2021-du-nouveau-en-ambroisies\/\">en savoir plus<\/a>)<\/em><\/li>\n<li><em>des actualit\u00e9s autour des ambroisies \u00e0 suivre tout au long de l\u2019ann\u00e9e \u00e0 travers la<\/em><em>\u00a0Lettre\u00a0<a href=\"https:\/\/www.fredonoccitanie.com\/ambroisies\/ressources-ambroisie\/\"> AMBROISIES <img loading=\"lazy\" decoding=\"async\" class=\"alignnone wp-image-43\" src=\"https:\/\/www.fredonoccitanie.com\/captages\/wp-content\/uploads\/sites\/3\/2021\/05\/bt_site_ambroisies.png\" alt=\"\" width=\"28\" height=\"28\" srcset=\"https:\/\/www.fredonoccitanie.com\/eesh\/wp-content\/uploads\/sites\/5\/2021\/05\/bt_site_ambroisies.png 268w, https:\/\/www.fredonoccitanie.com\/eesh\/wp-content\/uploads\/sites\/5\/2021\/05\/bt_site_ambroisies-150x150.png 150w\" sizes=\"auto, (max-width: 28px) 100vw, 28px\" \/><\/a><\/em><\/li>\n<\/ul>\n<p>&nbsp;<\/p>\n<p>Nous restons \u00e0 votre \u00e9coute pour vous accompagner dans vos projets (<a href=\"https:\/\/www.fredonoccitanie.com\/nous-contacter\/\"><span data-contrast=\"auto\">contactez-nous ici<\/span><\/a>).<\/p>\n<p>&nbsp;<\/p>\n<p>Cr\u00e9dits images :\u00a0\u00a9 FREDON Occitanie<\/p>\n","protected":false},"excerpt":{"rendered":"<p>Bonne ann\u00e9e, Bona annada, Bon any nou, FREDON Occitanie vous adresse ses meilleurs v\u0153ux pour 2022\u202f &nbsp; Nos meilleurs v\u0153ux pour 2022 &nbsp; Nous vous souhaitons une ann\u00e9e fleurissante, une ann\u00e9e pour faire germer vos plus beaux projets\u00a0! &nbsp; Ensemble, en 2022, semons de l\u2019enthousiasme, Cultivons de belles id\u00e9es, Faisons \u00e9clore des d\u00e9marches concert\u00e9es fructueuses, [&hellip;]<\/p>\n","protected":false},"author":6,"featured_media":738,"comment_status":"closed","ping_status":"closed","sticky":false,"template":"","format":"standard","meta":{"footnotes":""},"categories":[7],"tags":[],"class_list":["post-737","post","type-post","status-publish","format-standard","has-post-thumbnail","hentry","category-actualites-ambroisies"],"_links":{"self":[{"href":"https:\/\/www.fredonoccitanie.com\/eesh\/wp-json\/wp\/v2\/posts\/737","targetHints":{"allow":["GET"]}}],"collection":[{"href":"https:\/\/www.fredonoccitanie.com\/eesh\/wp-json\/wp\/v2\/posts"}],"about":[{"href":"https:\/\/www.fredonoccitanie.com\/eesh\/wp-json\/wp\/v2\/types\/post"}],"author":[{"embeddable":true,"href":"https:\/\/www.fredonoccitanie.com\/eesh\/wp-json\/wp\/v2\/users\/6"}],"replies":[{"embeddable":true,"href":"https:\/\/www.fredonoccitanie.com\/eesh\/wp-json\/wp\/v2\/comments?post=737"}],"version-history":[{"count":3,"href":"https:\/\/www.fredonoccitanie.com\/eesh\/wp-json\/wp\/v2\/posts\/737\/revisions"}],"predecessor-version":[{"id":1532,"href":"https:\/\/www.fredonoccitanie.com\/eesh\/wp-json\/wp\/v2\/posts\/737\/revisions\/1532"}],"wp:featuredmedia":[{"embeddable":true,"href":"https:\/\/www.fredonoccitanie.com\/eesh\/wp-json\/wp\/v2\/media\/738"}],"wp:attachment":[{"href":"https:\/\/www.fredonoccitanie.com\/eesh\/wp-json\/wp\/v2\/media?parent=737"}],"wp:term":[{"taxonomy":"category","embeddable":true,"href":"https:\/\/www.fredonoccitanie.com\/eesh\/wp-json\/wp\/v2\/categories?post=737"},{"taxonomy":"post_tag","embeddable":true,"href":"https:\/\/www.fredonoccitanie.com\/eesh\/wp-json\/wp\/v2\/tags?post=737"}],"curies":[{"name":"wp","href":"https:\/\/api.w.org\/{rel}","templated":true}]}}