{"id":727,"date":"2022-01-04T17:30:26","date_gmt":"2022-01-04T16:30:26","guid":{"rendered":"https:\/\/www.fredonoccitanie.com\/ambroisies\/?p=727"},"modified":"2022-01-04T17:33:09","modified_gmt":"2022-01-04T16:33:09","slug":"31-12-2021-signature-de-larrete-prefectoral-de-lutte-contre-les-ambroisies-en-lozere","status":"publish","type":"post","link":"https:\/\/www.fredonoccitanie.com\/eesh\/2022\/01\/04\/31-12-2021-signature-de-larrete-prefectoral-de-lutte-contre-les-ambroisies-en-lozere\/","title":{"rendered":"31\/12\/2021 : signature de l\u2019arr\u00eat\u00e9 pr\u00e9fectoral de lutte contre les ambroisies en Loz\u00e8re"},"content":{"rendered":"<h3 style=\"text-align: center;\">T\u00e9l\u00e9charger:<\/h3>\n<ul>\n<li style=\"text-align: center;\"><a href=\"https:\/\/www.fredonoccitanie.com\/ambroisies\/wp-content\/uploads\/sites\/5\/2022\/01\/AP-du-31-decembre-2021-Lozere.pdf\">l\u2019arr\u00eat\u00e9<\/a><\/li>\n<li style=\"text-align: center;\"><a href=\"https:\/\/www.fredonoccitanie.com\/ambroisies\/wp-content\/uploads\/sites\/5\/2022\/01\/Annexe_arrete-31-12-2021-Lozere.pdf\">le plan de lutte<\/a><\/li>\n<\/ul>\n","protected":false},"excerpt":{"rendered":"<p>T\u00e9l\u00e9charger: l\u2019arr\u00eat\u00e9 le plan de lutte<\/p>\n","protected":false},"author":5,"featured_media":728,"comment_status":"closed","ping_status":"closed","sticky":false,"template":"","format":"standard","meta":{"footnotes":""},"categories":[7,2],"tags":[],"class_list":["post-727","post","type-post","status-publish","format-standard","has-post-thumbnail","hentry","category-actualites-ambroisies","category-actualites-fredon"],"_links":{"self":[{"href":"https:\/\/www.fredonoccitanie.com\/eesh\/wp-json\/wp\/v2\/posts\/727","targetHints":{"allow":["GET"]}}],"collection":[{"href":"https:\/\/www.fredonoccitanie.com\/eesh\/wp-json\/wp\/v2\/posts"}],"about":[{"href":"https:\/\/www.fredonoccitanie.com\/eesh\/wp-json\/wp\/v2\/types\/post"}],"author":[{"embeddable":true,"href":"https:\/\/www.fredonoccitanie.com\/eesh\/wp-json\/wp\/v2\/users\/5"}],"replies":[{"embeddable":true,"href":"https:\/\/www.fredonoccitanie.com\/eesh\/wp-json\/wp\/v2\/comments?post=727"}],"version-history":[{"count":4,"href":"https:\/\/www.fredonoccitanie.com\/eesh\/wp-json\/wp\/v2\/posts\/727\/revisions"}],"predecessor-version":[{"id":1533,"href":"https:\/\/www.fredonoccitanie.com\/eesh\/wp-json\/wp\/v2\/posts\/727\/revisions\/1533"}],"wp:featuredmedia":[{"embeddable":true,"href":"https:\/\/www.fredonoccitanie.com\/eesh\/wp-json\/wp\/v2\/media\/728"}],"wp:attachment":[{"href":"https:\/\/www.fredonoccitanie.com\/eesh\/wp-json\/wp\/v2\/media?parent=727"}],"wp:term":[{"taxonomy":"category","embeddable":true,"href":"https:\/\/www.fredonoccitanie.com\/eesh\/wp-json\/wp\/v2\/categories?post=727"},{"taxonomy":"post_tag","embeddable":true,"href":"https:\/\/www.fredonoccitanie.com\/eesh\/wp-json\/wp\/v2\/tags?post=727"}],"curies":[{"name":"wp","href":"https:\/\/api.w.org\/{rel}","templated":true}]}}