{"id":4173,"date":"2025-05-16T12:18:51","date_gmt":"2025-05-16T10:18:51","guid":{"rendered":"https:\/\/www.fredonoccitanie.com\/eesh\/?p=4173"},"modified":"2025-06-19T13:52:21","modified_gmt":"2025-06-19T11:52:21","slug":"lettre-2-la-lettre-especes-a-enjeux-pour-la-sante-humaine","status":"publish","type":"post","link":"https:\/\/www.fredonoccitanie.com\/eesh\/2025\/05\/16\/lettre-2-la-lettre-especes-a-enjeux-pour-la-sante-humaine\/","title":{"rendered":"[Lettre #2] La lettre \u00ab\u00a0Esp\u00e8ces \u00e0 Enjeux pour la Sant\u00e9 Humaine\u00a0\u00bb"},"content":{"rendered":"<p>Pour cette deuxi\u00e8me \u00e9dition la lettre devient la lettre \u00ab\u00a0Esp\u00e8ces \u00e0 Enjeux pour la Sant\u00e9 Humaine\u00a0\u00bb (EESH).<\/p>\n<p>Elle abordera les th\u00e9matiques ambroisies et chenilles processionnaires du pin et du ch\u00eane.<\/p>\n<p style=\"text-align: center;\"><a href=\"https:\/\/sh1.sendinblue.com\/aj0dus3hj9pfe.html?t=1750333803231\">T\u00e9l\u00e9charger la Lettre#2<\/a><\/p>\n<p><a href=\"https:\/\/sh1.sendinblue.com\/aj0dus3hj9pfe.html?t=1750333803231\"><img loading=\"lazy\" decoding=\"async\" class=\"size-full wp-image-4176 aligncenter\" src=\"https:\/\/www.fredonoccitanie.com\/eesh\/wp-content\/uploads\/sites\/5\/2025\/05\/lettre_2.png\" alt=\"\" width=\"637\" height=\"762\" srcset=\"https:\/\/www.fredonoccitanie.com\/eesh\/wp-content\/uploads\/sites\/5\/2025\/05\/lettre_2.png 637w, https:\/\/www.fredonoccitanie.com\/eesh\/wp-content\/uploads\/sites\/5\/2025\/05\/lettre_2-251x300.png 251w, https:\/\/www.fredonoccitanie.com\/eesh\/wp-content\/uploads\/sites\/5\/2025\/05\/lettre_2-589x705.png 589w\" sizes=\"auto, (max-width: 637px) 100vw, 637px\" \/><\/a><\/p>\n","protected":false},"excerpt":{"rendered":"<p>Pour cette deuxi\u00e8me \u00e9dition la lettre devient la lettre \u00ab\u00a0Esp\u00e8ces \u00e0 Enjeux pour la Sant\u00e9 Humaine\u00a0\u00bb (EESH). Elle abordera les th\u00e9matiques ambroisies et chenilles processionnaires du pin et du ch\u00eane. T\u00e9l\u00e9charger la Lettre#2<\/p>\n","protected":false},"author":5,"featured_media":3986,"comment_status":"closed","ping_status":"closed","sticky":false,"template":"","format":"standard","meta":{"footnotes":""},"categories":[7,2,10],"tags":[],"class_list":["post-4173","post","type-post","status-publish","format-standard","has-post-thumbnail","hentry","category-actualites-ambroisies","category-actualites-fredon","category-lettres-ambroisie"],"_links":{"self":[{"href":"https:\/\/www.fredonoccitanie.com\/eesh\/wp-json\/wp\/v2\/posts\/4173","targetHints":{"allow":["GET"]}}],"collection":[{"href":"https:\/\/www.fredonoccitanie.com\/eesh\/wp-json\/wp\/v2\/posts"}],"about":[{"href":"https:\/\/www.fredonoccitanie.com\/eesh\/wp-json\/wp\/v2\/types\/post"}],"author":[{"embeddable":true,"href":"https:\/\/www.fredonoccitanie.com\/eesh\/wp-json\/wp\/v2\/users\/5"}],"replies":[{"embeddable":true,"href":"https:\/\/www.fredonoccitanie.com\/eesh\/wp-json\/wp\/v2\/comments?post=4173"}],"version-history":[{"count":3,"href":"https:\/\/www.fredonoccitanie.com\/eesh\/wp-json\/wp\/v2\/posts\/4173\/revisions"}],"predecessor-version":[{"id":4175,"href":"https:\/\/www.fredonoccitanie.com\/eesh\/wp-json\/wp\/v2\/posts\/4173\/revisions\/4175"}],"wp:featuredmedia":[{"embeddable":true,"href":"https:\/\/www.fredonoccitanie.com\/eesh\/wp-json\/wp\/v2\/media\/3986"}],"wp:attachment":[{"href":"https:\/\/www.fredonoccitanie.com\/eesh\/wp-json\/wp\/v2\/media?parent=4173"}],"wp:term":[{"taxonomy":"category","embeddable":true,"href":"https:\/\/www.fredonoccitanie.com\/eesh\/wp-json\/wp\/v2\/categories?post=4173"},{"taxonomy":"post_tag","embeddable":true,"href":"https:\/\/www.fredonoccitanie.com\/eesh\/wp-json\/wp\/v2\/tags?post=4173"}],"curies":[{"name":"wp","href":"https:\/\/api.w.org\/{rel}","templated":true}]}}